{"id":51934,"date":"2018-06-13T16:13:16","date_gmt":"2018-06-13T14:13:16","guid":{"rendered":"https:\/\/smago.de\/?p=51934"},"modified":"2018-06-13T16:13:16","modified_gmt":"2018-06-13T14:13:16","slug":"eloybeeindruckende-chartnews","status":"publish","type":"post","link":"https:\/\/smago.de\/ws2\/pop-schlager\/eloybeeindruckende-chartnews\/","title":{"rendered":"ELOY<br>Beeindruckende Chartnews!"},"content":{"rendered":"<p>Nach den sensationellen Erfolgen in Deutschland erst\u00fcrmt ELOYs Schlager-Deb\u00fctalbum \u201eKopf aus \u2013 Herz an\u201c auch in \u00d6sterreich und der Schweiz die Charts: Platz 2 in \u00d6sterreich und Rang 10 in der Schweiz!<\/p>\n<p>Aktuell geht alles Schlag auf Schlag f\u00fcr den Caught in the Act-S\u00e4nger Eloy, denn sein offizielles Schlager-Deb\u00fctalbum \u201eKopf aus \u2013 Herz an\u201c hat nach dem sensationellen Platz #3 in den deutschen Charts (sowie Platz #1 in den Schlagercharts!) nun auch in \u00d6sterreich und der Schweiz auf Anhieb die Chartspitze aufgemischt! W\u00e4hrend der extrem facettenreiche, von Christian Geller produzierte Longplayer in \u00d6sterreich einen ph\u00e4nomenalen zweiten Platz belegte, landete sein erstes SchlagerStatement auch in der Schweiz auf Platz #10! Parallel zu den j\u00fcngsten Erfolgen lie\u00df Eloy in dieser Woche mit \u201eSchritt f\u00fcr Schritt\u201c auch seine neueste Single vom Stapel \u2013 obwohl von Schritttempo beim sympathischen Niederl\u00e4nder dieser Tage gewiss nicht die Rede sein kann.<\/p>\n<p>Dass er sich ab sofort auf deutschsprachigen Schlager konzentrieren w\u00fcrde, hatte der 45-J\u00e4hrige schon im Fr\u00fchjahr mit einem der emotionalsten TV-Auftritte des Jahres angek\u00fcndigt, als er bei Florian Silbereisen (\u201eHeimlich\u201c) den ersten Albumvorboten \u201eEgal was andere sagen\u201c live pr\u00e4sentierte \u2013 was ihm postwendend erste Top-Positionen in den H\u00f6rer- und Download-Charts bescherte.<\/p>\n<p>Ein absoluter Publikumsliebling ist Eloy de Jong (*1973, Den Haag) dabei schon seit 25 Jahren: Ab 1993 n\u00e4mlich war er Mitglied von Caught in the Act, einer der erfolgreichsten Boygroups des Jahrzehnts. Bis zur Aufl\u00f6sung im Jahr 1998 waren sie permanent in den europ\u00e4ischen Charts vertreten (u.a. 3x Top-10 in Deutschland) und verkauften insgesamt \u00fcber 20 Millionen Tontr\u00e4ger. Ankn\u00fcpfend an die gefeierten Comeback-Shows seiner Gruppe, mit der er schon Ende 2015 ins Rampenlicht zur\u00fcckgekehrt war, entpuppte sich bereits jene erste Solo-Schlager-Performance im deutschen Fernsehen als ein derma\u00dfen emotionales TV-Highlight, dass die Fans seither der Ver\u00f6ffentlichung von \u201eKopf aus \u2013 Herz an\u201c entgegenfieberten&#8230;<\/p>\n<p>Platz #1 in den deutschen Schlagercharts sowie Top-3 in den offiziellen deutschen Albumcharts, jetzt auch noch flankiert von der #2 in \u00d6sterreich und einem Platz #10 in der Schweiz: Mit \u201eKopf aus \u2013 Herz an\u201c ist Eloy die Schlagersensation des Jahres gelungen! Au\u00dferdem liefert er mit der brandneuen und exklusiven \u201eWM-Version\u201c seiner Single \u201eSchritt f\u00fcr Schritt\u201c (zugleich offizieller WM-Song im Sat.1\u201eFr\u00fchst\u00fccksfernsehen\u201c) den ultimativen Sommer- und Weltmeisterschafts-Soundtrack!<\/p>\n<p><em>Textquelle: TELAMO<\/em><\/p>\n","protected":false},"excerpt":{"rendered":"<p>Nach den sensationellen Erfolgen in Deutschland erst\u00fcrmt ELOYs Schlager-Deb\u00fctalbum \u201eKopf aus \u2013 Herz an\u201c auch in \u00d6sterreich und der Schweiz<\/p>\n","protected":false},"author":2,"featured_media":51935,"comment_status":"closed","ping_status":"closed","sticky":false,"template":"","format":"standard","meta":{"_FSMCFIC_featured_image_caption":"","_FSMCFIC_featured_image_nocaption":"","_FSMCFIC_featured_image_hide":""},"categories":[28,39],"tags":[98,97],"acf":[],"_links":{"self":[{"href":"https:\/\/smago.de\/ws2\/wp-json\/wp\/v2\/posts\/51934"}],"collection":[{"href":"https:\/\/smago.de\/ws2\/wp-json\/wp\/v2\/posts"}],"about":[{"href":"https:\/\/smago.de\/ws2\/wp-json\/wp\/v2\/types\/post"}],"author":[{"embeddable":true,"href":"https:\/\/smago.de\/ws2\/wp-json\/wp\/v2\/users\/2"}],"replies":[{"embeddable":true,"href":"https:\/\/smago.de\/ws2\/wp-json\/wp\/v2\/comments?post=51934"}],"version-history":[{"count":1,"href":"https:\/\/smago.de\/ws2\/wp-json\/wp\/v2\/posts\/51934\/revisions"}],"predecessor-version":[{"id":51936,"href":"https:\/\/smago.de\/ws2\/wp-json\/wp\/v2\/posts\/51934\/revisions\/51936"}],"wp:featuredmedia":[{"embeddable":true,"href":"https:\/\/smago.de\/ws2\/wp-json\/wp\/v2\/media\/51935"}],"wp:attachment":[{"href":"https:\/\/smago.de\/ws2\/wp-json\/wp\/v2\/media?parent=51934"}],"wp:term":[{"taxonomy":"category","embeddable":true,"href":"https:\/\/smago.de\/ws2\/wp-json\/wp\/v2\/categories?post=51934"},{"taxonomy":"post_tag","embeddable":true,"href":"https:\/\/smago.de\/ws2\/wp-json\/wp\/v2\/tags?post=51934"}],"curies":[{"name":"wp","href":"https:\/\/api.w.org\/{rel}","templated":true}]}}