{"id":51930,"date":"2018-06-14T00:00:15","date_gmt":"2018-06-13T22:00:15","guid":{"rendered":"https:\/\/smago.de\/?p=51930"},"modified":"2018-06-14T00:06:26","modified_gmt":"2018-06-13T22:06:26","slug":"andreas-martin","status":"publish","type":"post","link":"https:\/\/smago.de\/ws2\/schlager\/andreas-martin\/","title":{"rendered":"ANDREAS MARTIN<br>smago! &#8222;Junge, komm&#8216; bald wieder&#8220; smago! f\u00fcr Andreas Martin!"},"content":{"rendered":"<p>Alexander Martin, der Sohn von ANDREAS MARTIN, war am Sonntag (10.06.2018) in einer Art &#8222;Doppel-Funktion&#8220; zum ersten smago! Open Air Award nach Klaffenbach gereist: Zum einen hatte er sich selbst den <em>smago!<\/em> &#8222;Start up Award f\u00fcr eine erfolgreiche Karriere als Rock-Schlagers\u00e4nger&#8220; mehr als redlich verdient, zum anderen nahm er f\u00fcr seinen Vater den <em>smago!<\/em> &#8222;Junge, komm bald wieder&#8220; Award mit der Aufschrift\u00a0<em>&#8222;Lieber Andreas, wir vermissen Dich und hoffen inst\u00e4ndig, dass Du eines Tages vielleicht auf die Schlagerb\u00fchne zur\u00fcckkehrst&#8220;<\/em> entgegen.<\/p>\n<p>&#8222;Es w\u00e4re sch\u00f6n, wenn es so kommt &#8230;&#8220;, so Alexander Martin bei der Award-\u00dcbergabe. Sein Vater sei auf dem Weg,\u00a0 &#8222;dass es so langsam wieder aufw\u00e4rts geht&#8220;: &#8222;Es war eine lange, lange, harte, schwere Zeit. Gerade f\u00fcr ihn. Und ich gebe mein Bestes &#8211; Tag f\u00fcr Tag -, ihn wieder aufzubauen.&#8220;<\/p>\n<p>Laut Alexander Martin sei das Glas jedoch halb voll und nicht halb leer: &#8222;Wir kriegen das schon hin. Ich hoffe, Ihr seht ihn bald wieder&#8220;.<\/p>\n<p>Noch am Sonntag gab es ein erstes offizielles Statement der langj\u00e4hrigen &#8222;Fanclubzentrale Andreas Martin&#8220;, Gaby van Dieken:<\/p>\n<p><em>&#8222;Beim gro\u00dfen smago! Award in Klaffenbach hat Alexander Martin heute &#8211; neben seinem eigenen &#8211; auch einen Award f\u00fcr Andreas entgegen genommen.<\/em><\/p>\n<p><em>Danke an Andy Tichler von smago!, dass er Andreas nicht vergessen hat und sich immer wieder nach ihm erkundigt und nat\u00fcrlich auch ein Danke an die treuen Fans und Freunde, die immer wieder nach Andreas fragen. Wollen wir hoffen, dass dieser &#8218;Junge, komm bald wieder&#8216;-Award seinen Namen zu Recht tr\u00e4gt &#8230;<\/em><\/p>\n<p><em>Liebe Gr\u00fc\u00dfe, <\/em><\/p>\n<p><em>Gaby van Dieken<\/em><br \/>\n<em>&#8211; Team Andreas Martin -&#8222;<\/em><\/p>\n<p>Ute Br\u00fcning von www.fox-magazin.de \u00e4u\u00dferte sich wie folgt &#8230;:<\/p>\n<p><em>&#8222;Ich freue mich, dass Andy Tichler mit dem Award gezeigt hat, wie sehr Andreas Martin fehlt! <\/em><\/p>\n<p><em>Bis jetzt fand ich es immer noch viel zu fr\u00fch, nach so einem schlimmen Schicksalsschlag wieder von Normalit\u00e4t zu sprechen. Das kann sich wohl keiner vorstellen, was man dabei f\u00fchlen mag und ich wei\u00df, wie viel Andreas Martin seine Frau bedeutet hat, weil er mir das sogar selbst mal bei einer Veranstaltung gesagt hat. Ich habe diese Worte nie vergessen.<\/em><\/p>\n<p><em>Auf der anderen Seite werde ich nie vergessen, wie ich Andreas Martin das erste Mal im TV gesehen habe, wie ich als 14-J\u00e4hrige unbedingt in seinen Fanclub wollte, wie ich ihm zu meinem 18. Geburtstag tats\u00e4chlich das erste Mal begegnet bin und wie viel mir seine Auftritte immer wieder bedeutet haben. Darum w\u00fcnsche ich ihm, dass die Liebe zu seiner Musik zu ihm zur\u00fcckkehrt, denn die war ja auch immer ein ganz gro\u00dfer Teil seines Lebens.&#8220;<\/em><\/p>\n","protected":false},"excerpt":{"rendered":"<p>Alexander Martin, der Sohn von ANDREAS MARTIN, war am Sonntag (10.06.2018) in einer Art &#8222;Doppel-Funktion&#8220; zum ersten smago! Open Air<\/p>\n","protected":false},"author":2,"featured_media":51987,"comment_status":"closed","ping_status":"closed","sticky":false,"template":"","format":"standard","meta":{"_FSMCFIC_featured_image_caption":"","_FSMCFIC_featured_image_nocaption":"","_FSMCFIC_featured_image_hide":""},"categories":[29,39],"tags":[122,121],"acf":[],"_links":{"self":[{"href":"https:\/\/smago.de\/ws2\/wp-json\/wp\/v2\/posts\/51930"}],"collection":[{"href":"https:\/\/smago.de\/ws2\/wp-json\/wp\/v2\/posts"}],"about":[{"href":"https:\/\/smago.de\/ws2\/wp-json\/wp\/v2\/types\/post"}],"author":[{"embeddable":true,"href":"https:\/\/smago.de\/ws2\/wp-json\/wp\/v2\/users\/2"}],"replies":[{"embeddable":true,"href":"https:\/\/smago.de\/ws2\/wp-json\/wp\/v2\/comments?post=51930"}],"version-history":[{"count":4,"href":"https:\/\/smago.de\/ws2\/wp-json\/wp\/v2\/posts\/51930\/revisions"}],"predecessor-version":[{"id":51997,"href":"https:\/\/smago.de\/ws2\/wp-json\/wp\/v2\/posts\/51930\/revisions\/51997"}],"wp:featuredmedia":[{"embeddable":true,"href":"https:\/\/smago.de\/ws2\/wp-json\/wp\/v2\/media\/51987"}],"wp:attachment":[{"href":"https:\/\/smago.de\/ws2\/wp-json\/wp\/v2\/media?parent=51930"}],"wp:term":[{"taxonomy":"category","embeddable":true,"href":"https:\/\/smago.de\/ws2\/wp-json\/wp\/v2\/categories?post=51930"},{"taxonomy":"post_tag","embeddable":true,"href":"https:\/\/smago.de\/ws2\/wp-json\/wp\/v2\/tags?post=51930"}],"curies":[{"name":"wp","href":"https:\/\/api.w.org\/{rel}","templated":true}]}}