{"id":51864,"date":"2018-06-13T00:20:53","date_gmt":"2018-06-12T22:20:53","guid":{"rendered":"https:\/\/smago.de\/?p=51864"},"modified":"2018-06-13T00:20:54","modified_gmt":"2018-06-12T22:20:54","slug":"tobias-reitz","status":"publish","type":"post","link":"https:\/\/smago.de\/ws2\/schlager\/tobias-reitz\/","title":{"rendered":"TOBIAS REITZ &#8211; ALEXANDER &#8222;XANDI&#8220; DIMITROV<br>Tobias Reitz und Alexander &#8222;Xandi&#8220; Dimitrov gr\u00fcnden eigenes Label &#8222;Taxi 28 Musik&#8220;!"},"content":{"rendered":"<div id=\"u_0_i\" class=\"_li\">\n<div id=\"globalContainer\" class=\"uiContextualLayerParent\">\n<div id=\"content\" class=\"fb_content clearfix \" role=\"\">\n<div class=\"_2pie\">\n<div id=\"mainContainer\" class=\"clearfix\">\n<div id=\"contentCol\" class=\"_5r-_ homeWiderContent homeFixedLayout newsFeedComposer _1qkq _1ql0\">\n<div id=\"content_container\" class=\"clearfix\">\n<div id=\"contentArea\" class=\"_14i5 _1qkq _1qkx\" role=\"main\">\n<div id=\"stream_pagelet\" data-referrer=\"stream_pagelet\" data-at-shortcutkeys=\"{&quot;j&quot;:&quot;konzentriere dich auf die n\\u00e4chste Meldung&quot;,&quot;k&quot;:&quot;konzentriere dich auf die vorherige Meldung&quot;,&quot;p&quot;:&quot;poste einen neuen Status&quot;,&quot;l&quot;:&quot;markiere die ausgew\\u00e4hlte Meldung mit \\u201eGef\\u00e4llt mir\\u201c bzw. \\u201eGef\\u00e4llt mir nicht mehr\\u201c&quot;,&quot;c&quot;:&quot;kommentiere die ausgew\\u00e4hlte Meldung&quot;,&quot;s&quot;:&quot;teile die ausgew\\u00e4hlte Meldung&quot;,&quot;o&quot;:&quot;\\u00f6ffne den Anhang der ausgew\\u00e4hlten Meldung&quot;,&quot;\\\/&quot;:&quot;Suche&quot;,&quot;q&quot;:&quot;suche Chat-Kontakte&quot;,&quot;?&quot;:&quot;rufe das Hilfedialogfeld f\\u00fcr Tastenk\\u00fcrzel auf&quot;}\">\n<div id=\"topnews_main_stream_408239535924329\" data-referrer=\"topnews_main_stream_408239535924329\" data-gt=\"{&quot;ref&quot;:&quot;nf_generic&quot;}\">\n<div id=\"feed_stream_5b203a3da59e58246514269\" class=\"_5pcb _dp7 _4j3f\" role=\"region\" aria-label=\"News Feed\">\n<div role=\"feed\">\n<div id=\"substream_0\" class=\"_4ikz\" data-referrer=\"substream_0\">\n<div>\n<div id=\"u_ps_0_0_0\">\n<div>\n<div id=\"hyperfeed_story_id_5b203a3e32cb07842060556\" class=\"_5jmm _5pat _3lb4 e_10fwogl6cy\" role=\"article\" aria-posinset=\"1\" aria-setsize=\"7\" aria-describedby=\"js_7 js_8\" aria-labelledby=\"js_6\" data-testid=\"fbfeed_story\" data-referrer=\"hyperfeed_story_id_5b203a3e32cb07842060556\" data-timestamp=\"1528827572\" data-dedupekey=\"6131454162506039934\" data-cursor=\"MTUyODgzODcxNzoxNTI4ODM4NzE3OjE6NjEzMTQ1NDE2MjUwNjAzOTkzNDowOjY1NjYzMTIyOTA3NjMwNTk2MTc=\" data-ftr=\"1\" data-fte=\"1\" data-insertion-position=\"0\">\n<div id=\"u_ps_0_0_1\" class=\"_4-u2 mbm _4mrt _5v3q _4-u8\">\n<div id=\"u_ps_0_0_2\" class=\"_3ccb\" data-gt=\"{&quot;type&quot;:&quot;click2canvas&quot;,&quot;fbsource&quot;:703,&quot;ref&quot;:&quot;nf_generic&quot;}\" data-ft=\"{&quot;tn&quot;:&quot;-R&quot;}\">\n<div class=\"_5pcr userContentWrapper\" data-ft=\"{&quot;tn&quot;:&quot;-R&quot;}\">\n<div class=\"_1dwg _1w_m _q7o\">\n<div>\n<div id=\"js_8\" class=\"_5pbx userContent _3576\" data-ft=\"{&quot;tn&quot;:&quot;K&quot;}\">\n<p>Gestern am sp\u00e4ten Abend (12.06.2018) lie\u00df Deutschlands U40-Sclagertextdichter TOBIAS REITZ die Bombe platzen &#8230;:<\/p>\n<p><em>&#8222;Wer mit mir in den letzten Monaten zu tun hatte, hat vielleicht schon etwas von ihr mitbekommen. Allen Anderen m\u00f6chte ich sie hiermit vorstellen: Das ist <a class=\"profileLink\" href=\"https:\/\/www.facebook.com\/natasha.sass.music\/?fref=mentions\" data-hovercard-prefer-more-content-show=\"1\" data-hovercard=\"\/ajax\/hovercard\/page.php?id=626801917339126&amp;extragetparams=%7B%22fref%22%3A%22mentions%22%7D\">N<\/a>Natasha Sass, die zauberhafte 18-j\u00e4hrige K\u00fcnstlerin, mit der ich seit zwei Jahren arbeite und f\u00fcr die mein Freund und Kollege Alexander &#8222;Xandi&#8220; Dimitrov und ich gemeinsam das Label <strong>Taxi 28 Musik<\/strong> gegr\u00fcndet haben.<\/em><\/p>\n<p><em>F\u00fcr Natashas erste Single &#8222;Wenn ich schlaf&#8220; beginnt diese Woche die Promotion. Wir w\u00fcrden uns wahnsinnig freuen, wenn Ihr uns unterst\u00fctzt! <span class=\"_47e3 _5mfr\" title=\"\u201eheart\u201c-Emoticon\"><img decoding=\"async\" loading=\"lazy\" class=\"img\" role=\"presentation\" src=\"https:\/\/static.xx.fbcdn.net\/images\/emoji.php\/v9\/f6c\/1\/16\/2764.png\" alt=\"\" width=\"16\" height=\"16\" \/>&#8222;<\/span><\/em><\/p>\n<\/div>\n<\/div>\n<\/div>\n<\/div>\n<\/div>\n<\/div>\n<\/div>\n<\/div>\n<\/div>\n<\/div>\n<\/div>\n<\/div>\n<\/div>\n<\/div>\n<\/div>\n<\/div>\n<\/div>\n<\/div>\n<\/div>\n<\/div>\n<\/div>\n<\/div>\n<\/div>\n","protected":false},"excerpt":{"rendered":"<p>Gestern am sp\u00e4ten Abend (12.06.2018) lie\u00df Deutschlands U40-Sclagertextdichter TOBIAS REITZ die Bombe platzen &#8230;: &#8222;Wer mit mir in den letzten<\/p>\n","protected":false},"author":2,"featured_media":51882,"comment_status":"closed","ping_status":"closed","sticky":false,"template":"","format":"standard","meta":{"_FSMCFIC_featured_image_caption":"","_FSMCFIC_featured_image_nocaption":"","_FSMCFIC_featured_image_hide":""},"categories":[29],"tags":[93,94],"acf":[],"_links":{"self":[{"href":"https:\/\/smago.de\/ws2\/wp-json\/wp\/v2\/posts\/51864"}],"collection":[{"href":"https:\/\/smago.de\/ws2\/wp-json\/wp\/v2\/posts"}],"about":[{"href":"https:\/\/smago.de\/ws2\/wp-json\/wp\/v2\/types\/post"}],"author":[{"embeddable":true,"href":"https:\/\/smago.de\/ws2\/wp-json\/wp\/v2\/users\/2"}],"replies":[{"embeddable":true,"href":"https:\/\/smago.de\/ws2\/wp-json\/wp\/v2\/comments?post=51864"}],"version-history":[{"count":3,"href":"https:\/\/smago.de\/ws2\/wp-json\/wp\/v2\/posts\/51864\/revisions"}],"predecessor-version":[{"id":51883,"href":"https:\/\/smago.de\/ws2\/wp-json\/wp\/v2\/posts\/51864\/revisions\/51883"}],"wp:featuredmedia":[{"embeddable":true,"href":"https:\/\/smago.de\/ws2\/wp-json\/wp\/v2\/media\/51882"}],"wp:attachment":[{"href":"https:\/\/smago.de\/ws2\/wp-json\/wp\/v2\/media?parent=51864"}],"wp:term":[{"taxonomy":"category","embeddable":true,"href":"https:\/\/smago.de\/ws2\/wp-json\/wp\/v2\/categories?post=51864"},{"taxonomy":"post_tag","embeddable":true,"href":"https:\/\/smago.de\/ws2\/wp-json\/wp\/v2\/tags?post=51864"}],"curies":[{"name":"wp","href":"https:\/\/api.w.org\/{rel}","templated":true}]}}