{"id":51778,"date":"2018-06-12T12:08:32","date_gmt":"2018-06-12T12:08:32","guid":{"rendered":"https:\/\/smago.de\/?p=51778"},"modified":"2018-06-13T00:11:10","modified_gmt":"2018-06-12T22:11:10","slug":"thomas-andersswr4-musikpreis-2018-geht-an-thomas-anders","status":"publish","type":"post","link":"https:\/\/smago.de\/ws2\/schlager\/thomas-andersswr4-musikpreis-2018-geht-an-thomas-anders\/","title":{"rendered":"THOMAS ANDERS<br>SWR4 Musikpreis 2018 geht an Thomas Anders!"},"content":{"rendered":"<p><span style=\"font-family: Arial; font-size: small;\">Ein Weltstar aus Rheinland-Pfalz? Gibt es nicht? Gibt es doch: THOMAS ANDERS! Als Teil von \u201eModern Talking\u201c schrieb er in den 80er Jahren Musikgeschichte. Die Songs des Popduos waren durch seine markante Stimme gepr\u00e4gt und sind bis heute echte Klassiker.<\/span> <span style=\"font-family: Arial; font-size: small;\">F\u00fcr seine musikalischen Verdienste wird Thomas Anders jetzt mit dem \u201eSWR4 Musikpreis 2018\u201c ausgezeichnet.<\/span><br \/>\n<span style=\"font-family: Arial; font-size: small;\"><br \/>\n<\/span><span style=\"font-family: Arial; font-size: small;\">Auch als Solist feiert Thomas Anders weltweit Erfolge und \u00fcberrascht immer wieder mit neuen Facetten. Seinen letzten gro\u00dfen Coup landete er 2017, als sein erstes deutschsprachiges Album \u201ePures Leben\u201c erschien, das die Herzen der Fans im Sturm eroberte. Thomas Anders freut sich riesig \u00fcber den \u201eSWR4 Musikpreis 2018\u201c: \u201eDas find\u2018 ich ja super. Danke! Jetzt krieg\u2018 ich ja richtig G\u00e4nsehaut\u201c, sagte er im Interview mit SWR4 Rheinland-Pfalz.<\/span><\/p>\n<p>&nbsp;<\/p>\n<p><span style=\"font-family: Arial; font-size: small;\"><b>\u201eMusikalischer Botschafter unseres Landes\u201c<\/b><\/span><\/p>\n<p><span style=\"font-family: Arial; font-size: small;\">Matthias Stapf, Programmchef von SWR4 Rheinland-Pfalz, begr\u00fcndet die Auszeichnung: \u201eDie lebensbejahenden, positiven Lieder von Thomas Anders in seiner Muttersprache passen perfekt zu SWR4 Rheinland-Pfalz, bei uns ist die beste deutsche Musik daheim. Wir zeichnen ihn aus f\u00fcr seine Verdienste als musikalischer Botschafter unseres Landes Rheinland-Pfalz und als S\u00e4nger, der mit seiner Musik alle Generationen erreicht und vereint.\u201c<\/span><\/p>\n<p>&nbsp;<\/p>\n<p><span style=\"font-family: Arial; font-size: small;\"><b>Legend\u00e4re Heimatverbundenheit<\/b><\/span><\/p>\n<p><span style=\"font-family: Arial; font-size: small;\">Trotz seiner au\u00dfergew\u00f6hnlichen Karriere ist Thomas Anders nie abgehoben. Seine Bodenst\u00e4ndigkeit und Heimatverbundenheit sind legend\u00e4r. Geb\u00fcrtig in Rheinland-Pfalz lebt er seit vielen Jahren in Koblenz.<\/span><\/p>\n<p>&nbsp;<\/p>\n<p><span style=\"font-family: Arial; font-size: small;\"><b>Preisverleihung am 15. Juni 2018 in Mendig<\/b><\/span><\/p>\n<p><span style=\"font-family: Arial; font-size: small;\">Die Preisverleihung findet am Freitag, 15. Juni 2018, im Rahmen des \u201eSWR4 Open Air\u201c auf dem Flugplatzgel\u00e4nde in Mendig statt. Restkarten gibt es noch an der Abendkasse. Infos unter <strong><a href=\"http:\/\/SWR4.de\/Openair\">SWR4.de\/Openair<\/a><\/strong>.<\/span><\/p>\n<p>&nbsp;<\/p>\n<p><span style=\"font-family: Arial; font-size: small;\">Mit dem Musikpreis von SWR4 Rheinland-Pfalz werden K\u00fcnstlerinnen und K\u00fcnstler ausgezeichnet, die sich in besonderer Weise um die beste deutsche Musik verdient machen.<\/span><\/p>\n","protected":false},"excerpt":{"rendered":"<p>Ein Weltstar aus Rheinland-Pfalz? Gibt es nicht? Gibt es doch: THOMAS ANDERS! Als Teil von \u201eModern Talking\u201c schrieb er in<\/p>\n","protected":false},"author":2,"featured_media":51787,"comment_status":"closed","ping_status":"closed","sticky":false,"template":"","format":"standard","meta":{"_FSMCFIC_featured_image_caption":"","_FSMCFIC_featured_image_nocaption":"","_FSMCFIC_featured_image_hide":""},"categories":[29,39],"tags":[48],"acf":[],"_links":{"self":[{"href":"https:\/\/smago.de\/ws2\/wp-json\/wp\/v2\/posts\/51778"}],"collection":[{"href":"https:\/\/smago.de\/ws2\/wp-json\/wp\/v2\/posts"}],"about":[{"href":"https:\/\/smago.de\/ws2\/wp-json\/wp\/v2\/types\/post"}],"author":[{"embeddable":true,"href":"https:\/\/smago.de\/ws2\/wp-json\/wp\/v2\/users\/2"}],"replies":[{"embeddable":true,"href":"https:\/\/smago.de\/ws2\/wp-json\/wp\/v2\/comments?post=51778"}],"version-history":[{"count":2,"href":"https:\/\/smago.de\/ws2\/wp-json\/wp\/v2\/posts\/51778\/revisions"}],"predecessor-version":[{"id":51788,"href":"https:\/\/smago.de\/ws2\/wp-json\/wp\/v2\/posts\/51778\/revisions\/51788"}],"wp:featuredmedia":[{"embeddable":true,"href":"https:\/\/smago.de\/ws2\/wp-json\/wp\/v2\/media\/51787"}],"wp:attachment":[{"href":"https:\/\/smago.de\/ws2\/wp-json\/wp\/v2\/media?parent=51778"}],"wp:term":[{"taxonomy":"category","embeddable":true,"href":"https:\/\/smago.de\/ws2\/wp-json\/wp\/v2\/categories?post=51778"},{"taxonomy":"post_tag","embeddable":true,"href":"https:\/\/smago.de\/ws2\/wp-json\/wp\/v2\/tags?post=51778"}],"curies":[{"name":"wp","href":"https:\/\/api.w.org\/{rel}","templated":true}]}}