{"id":51687,"date":"2018-06-11T18:44:22","date_gmt":"2018-06-11T18:44:22","guid":{"rendered":"https:\/\/smago.de\/?p=51687"},"modified":"2018-06-11T18:44:22","modified_gmt":"2018-06-11T18:44:22","slug":"smago-informiertdie-gewalt-der-sprache-wenn-worte-sprachlos-machen","status":"publish","type":"post","link":"https:\/\/smago.de\/ws2\/smago-informiert\/smago-informiertdie-gewalt-der-sprache-wenn-worte-sprachlos-machen\/","title":{"rendered":"smago! INFORMIERT<br>Die Gewalt der Sprache: Wenn Worte sprachlos machen!"},"content":{"rendered":"<p>Sprache unterliegt immer einem Wandel, aber durch die Digitalisierung und ihre Anwendung im Netz und in Sozialen Medien erlebt dieser eine v\u00f6llig neue Dynamik. Sprache wirkt abgehackt, S\u00e4tze unvollst\u00e4ndig. Nutzer von Facebook &amp; Co. kommunizieren mit Wortgruppen und Symbolen. Enkel gratulieren per WhatsApp zum Geburtstag, Gro\u00dfv\u00e4ter bedanken sich auf gleichem Weg. Kinder sprechen mit Alexa ohne Bitte und Danke &#8211; das bringt den Sprachcomputer durcheinander. Liebende knutschen per Video von einem Teil der Erde zum anderen.<\/p>\n<p>Gleichzeitig w\u00e4chst der Anteil von Beschimpfungen und Beleidigungen, die anonym in Netzwerken ausgetauscht werden. Nachrichten verbreiten sich wie in einem Schneeballsystem und erreichen in k\u00fcrzester Zeit weltweit exponentiell viele Menschen. Das ver\u00e4ndert grundlegend Kommunikationsprozesse in Politik und Gesellschaft und hat gravierende Auswirkungen auf \u00f6ffentliche Meinungsbildungsprozesse.<\/p>\n<p>Wie ver\u00e4ndert sich die Sprache? Welche Auswirkungen hat das auf uns &#8211; als Familienmitglieder, Eltern und Kinder, als B\u00fcrger und Teil der Gesellschaft. Welche Macht hat die Sprache in der Politik? Wie gewaltt\u00e4tig kann sie sein, wie verletzend? Wie verschieden wirken geschriebene S\u00e4tze in einer Zeitung und bei Twitter? Viele soziale Medien gelten ob ihrer kurzen Nachrichten und enormen Verlinkungen als Meinungsverst\u00e4rker. Doch kommen wir wirklich ohne Hintergrund aus? Welche Verk\u00fcrzungen haben welche Wirkungen? Wie demokratisch ist ein Shitstorm? Welchen Zusammenhang gibt es zwischen digitaler Kommunikation und Populismus? Wie sehen Gegenwart und Zukunft der (digitalen) Sprache aus?<\/p>\n<p>Dar\u00fcber spricht MDR SACHSEN-Moderator <strong>Thomas Lopau <\/strong>in\u00a0\u201eDienstags direkt\u201c am 12.06.2018, 20 \u2013 23 Uhr, MDR SACHSENmit:<\/p>\n<p><strong>\u2022 Marcus Schuler<\/strong>, ARD-Korrespondent im Silikon Valley<\/p>\n<p><strong>\u2022 Michael Geffken, <\/strong>Direktor der Leipziger &#8222;School of Media&#8220;<\/p>\n<p><strong>\u2022 Elisabeth Wehling,<\/strong> Kommunikationsexpertin und Autorin des Buches &#8222;Politisches Framing&#8220;<\/p>\n<p><strong>\u2022 Sven Engesser<\/strong>, Professor f\u00fcr Kommunikationswissenschaft mit Schwerpunkt Wissenschafts-\/Technikkommunikation TU Dresden<\/p>\n<p><strong>\u2022 Birgit Sch\u00fcrmann<\/strong>, Kommunikationsexpertin &#8211; Schwerpunkt Kommunikationstraining f\u00fcr Frauen<\/p>\n<p><em>Textquelle: MDR<\/em><\/p>\n","protected":false},"excerpt":{"rendered":"<p>Sprache unterliegt immer einem Wandel, aber durch die Digitalisierung und ihre Anwendung im Netz und in Sozialen Medien erlebt dieser<\/p>\n","protected":false},"author":2,"featured_media":51685,"comment_status":"closed","ping_status":"closed","sticky":false,"template":"","format":"standard","meta":{"_FSMCFIC_featured_image_caption":"","_FSMCFIC_featured_image_nocaption":"","_FSMCFIC_featured_image_hide":""},"categories":[33],"tags":[61,60],"acf":[],"_links":{"self":[{"href":"https:\/\/smago.de\/ws2\/wp-json\/wp\/v2\/posts\/51687"}],"collection":[{"href":"https:\/\/smago.de\/ws2\/wp-json\/wp\/v2\/posts"}],"about":[{"href":"https:\/\/smago.de\/ws2\/wp-json\/wp\/v2\/types\/post"}],"author":[{"embeddable":true,"href":"https:\/\/smago.de\/ws2\/wp-json\/wp\/v2\/users\/2"}],"replies":[{"embeddable":true,"href":"https:\/\/smago.de\/ws2\/wp-json\/wp\/v2\/comments?post=51687"}],"version-history":[{"count":1,"href":"https:\/\/smago.de\/ws2\/wp-json\/wp\/v2\/posts\/51687\/revisions"}],"predecessor-version":[{"id":51688,"href":"https:\/\/smago.de\/ws2\/wp-json\/wp\/v2\/posts\/51687\/revisions\/51688"}],"wp:featuredmedia":[{"embeddable":true,"href":"https:\/\/smago.de\/ws2\/wp-json\/wp\/v2\/media\/51685"}],"wp:attachment":[{"href":"https:\/\/smago.de\/ws2\/wp-json\/wp\/v2\/media?parent=51687"}],"wp:term":[{"taxonomy":"category","embeddable":true,"href":"https:\/\/smago.de\/ws2\/wp-json\/wp\/v2\/categories?post=51687"},{"taxonomy":"post_tag","embeddable":true,"href":"https:\/\/smago.de\/ws2\/wp-json\/wp\/v2\/tags?post=51687"}],"curies":[{"name":"wp","href":"https:\/\/api.w.org\/{rel}","templated":true}]}}