{"id":51608,"date":"2018-06-11T00:00:29","date_gmt":"2018-06-11T00:00:29","guid":{"rendered":"https:\/\/smago.de\/?p=51608"},"modified":"2018-06-10T19:56:20","modified_gmt":"2018-06-10T19:56:20","slug":"mitch-kellermit-so-ist-der-sommer-koppelt-er-den-hit-aus-seinem-chart-album-20-000-teile-aus","status":"publish","type":"post","link":"https:\/\/smago.de\/ws2\/pop-schlager\/mitch-kellermit-so-ist-der-sommer-koppelt-er-den-hit-aus-seinem-chart-album-20-000-teile-aus\/","title":{"rendered":"MITCH KELLER<br>Mit &#8222;So ist der Sommer&#8220; koppelt er DEN Hit aus seinem Chart-Album &#8222;20.000 Teile&#8220; aus!"},"content":{"rendered":"<p><strong>MITCH KELLER <\/strong>(45) wuchs in Berlin und Bremen auf und macht seit er denken kann Musik. Er verf\u00fcgt \u00fcber eine faszinierende Stimme und seit fr\u00fchester Jugend eine schier grenzenlose Begeisterung f\u00fcr die Musik! Wenn der geb\u00fcrtige Berliner vor dem Mikrofon steht, dann wird Musik zur Leidenschaft &#8211; zum Tr\u00e4ger aller Gedanken und Gef\u00fchle. Mal direkt und gerade aus, mal sanft oder mit einem charmanten Augenzwinkern. Seine Erfahrungen als Solok\u00fcnstler, Studiomusiker, Songwriter und Synchronsprecher gaben ihm das n\u00f6tige R\u00fcstzeug, um als Schlagers\u00e4nger so richtig durchzustarten. Sein 2015 erschienenes Deb\u00fct-Album <strong>&#8222;Einer dieser Tage&#8220;<\/strong>. lie\u00df die Schlagerszene aufhorchen. Sehr gute Airplay-Platzierungen, jede Menge TV-Shows, Live-Auftritte und Pressever\u00f6ffentlichungen machten den Namen <strong>Mitch Keller <\/strong>in Windeseile deutschlandweit bekannt.<\/p>\n<p>Mit <strong>&#8222;20.000 Teile&#8220;<\/strong> kam am 01.06.2018 das zweite Album von Mitch Keller in den Handel. Die aktuelle Single <strong>&#8222;So ist der Sommer&#8220; <\/strong>ist nach <strong>&#8222;Das ist der Grund&#8220; <\/strong>die zweite Auskopplung des neuen Glanzst\u00fccks, das frisch, fr\u00f6hlich, poppig und mit sehr viel Liebe von den Star-Produzenten <strong>Matze Roska <\/strong>(produziert u.a. <strong>Andreas Gabalier<\/strong>)\u00a0 und <strong>Jeo Mezei <\/strong>(sitzt u.a. f\u00fcr <strong>Andrea Berg <\/strong>an den Reglern) produziert wurde. <strong>&#8222;So ist der Sommer&#8220;<\/strong> liefert den Beweis, wie abwechslungsreich die Songauswahl des Albums gew\u00e4hlt wurde. Frische Reggae-Beats liefern dem H\u00f6rer ab dem ersten Takt die Bilder vor Augen: Du stehst fr\u00fch auf, siehst aus dem Fenster und die Sonne lacht dir ins Gesicht. Du hast nach den kalten Wintermonaten so lange auf diesen Moment gewartet. <em>&#8222;Lass Die Sorgen Sorgen sein und genie\u00df den Sonnenschein&#8220;<\/em> hei\u00dft es.\u00a0 Du packst Deine Freunde ein, f\u00e4hrst einfach raus in die Natur, ans Meer und lebst mit Ihnen den Tag frei und unbeschwert.<\/p>\n<p><em>&#8222;So \u2013 oh- oh \u2013oh ist der Sommer \u2013 wir feiern jeden Tag dieses Leben&#8220;<\/em> geht sofort ins Ohr und macht einfach Lust auf mehr.<\/p>\n<p>&nbsp;<\/p>\n<p style=\"text-align: center;\"><strong>&#8222;So ist der Sommer&#8220; &#8211; 3:26<\/strong><\/p>\n<p style=\"text-align: center;\">(Musik: Mitch Keller, Text: Mitch Keller; Verlag: copyright control)<\/p>\n<p style=\"text-align: center;\"><strong>Produziert + arrangiert Mathias Roska + Jeo Mezei<br \/>\n<\/strong>Gemixt von Jeo @ Jeopark<\/p>\n<p style=\"text-align: center;\">(P) 2018 Mania Music<\/p>\n<p style=\"text-align: center;\">(C) 2018 Mania Music<\/p>\n","protected":false},"excerpt":{"rendered":"<p>MITCH KELLER (45) wuchs in Berlin und Bremen auf und macht seit er denken kann Musik. Er verf\u00fcgt \u00fcber eine<\/p>\n","protected":false},"author":2,"featured_media":51609,"comment_status":"closed","ping_status":"closed","sticky":false,"template":"","format":"standard","meta":{"_FSMCFIC_featured_image_caption":"","_FSMCFIC_featured_image_nocaption":"","_FSMCFIC_featured_image_hide":""},"categories":[28,39],"tags":[40],"acf":[],"_links":{"self":[{"href":"https:\/\/smago.de\/ws2\/wp-json\/wp\/v2\/posts\/51608"}],"collection":[{"href":"https:\/\/smago.de\/ws2\/wp-json\/wp\/v2\/posts"}],"about":[{"href":"https:\/\/smago.de\/ws2\/wp-json\/wp\/v2\/types\/post"}],"author":[{"embeddable":true,"href":"https:\/\/smago.de\/ws2\/wp-json\/wp\/v2\/users\/2"}],"replies":[{"embeddable":true,"href":"https:\/\/smago.de\/ws2\/wp-json\/wp\/v2\/comments?post=51608"}],"version-history":[{"count":2,"href":"https:\/\/smago.de\/ws2\/wp-json\/wp\/v2\/posts\/51608\/revisions"}],"predecessor-version":[{"id":51614,"href":"https:\/\/smago.de\/ws2\/wp-json\/wp\/v2\/posts\/51608\/revisions\/51614"}],"wp:featuredmedia":[{"embeddable":true,"href":"https:\/\/smago.de\/ws2\/wp-json\/wp\/v2\/media\/51609"}],"wp:attachment":[{"href":"https:\/\/smago.de\/ws2\/wp-json\/wp\/v2\/media?parent=51608"}],"wp:term":[{"taxonomy":"category","embeddable":true,"href":"https:\/\/smago.de\/ws2\/wp-json\/wp\/v2\/categories?post=51608"},{"taxonomy":"post_tag","embeddable":true,"href":"https:\/\/smago.de\/ws2\/wp-json\/wp\/v2\/tags?post=51608"}],"curies":[{"name":"wp","href":"https:\/\/api.w.org\/{rel}","templated":true}]}}