{"id":51435,"date":"2018-05-25T00:01:00","date_gmt":"2018-05-25T00:01:00","guid":{"rendered":"https:\/\/smago.de\/ws\/?p=51435"},"modified":"-0001-11-30T00:00:00","modified_gmt":"-0001-11-29T22:00:00","slug":"FLORIAN-SILBEREISEN-smago-exklus-51434","status":"publish","type":"post","link":"https:\/\/smago.de\/ws2\/pop-schlager\/FLORIAN-SILBEREISEN-smago-exklus-51434\/","title":{"rendered":"FLORIAN SILBEREISEN<br \/>smago! exklusiv: K\u00fcnstler-Update &quot;Schlager, Stars &#038; Sterne &#8211; Die Schlagerparty in \u00d6sterreich&quot;!"},"content":{"rendered":"<p>Live aus Kitzb\u00fchel: Florian Silbereisen pr\u00e4sentiert die gro\u00dfe Klubbb3-Open- Air-Show (am 02.06.2018)!<!-more-><\/p>\n<p style=\"text-align: justify;\">So prachtvoll und romantisch hat FLORIAN SILBEREISEN den Schlager noch nie gefeiert &ndash; mit Wunderkerzen und Feuerwerk, mit Lampions und Lichterketten: Am ersten Juni-Samstag pr&auml;sentiert der Showmaster live im Ersten und im ORF die gro&szlig;e Open-Air-Eurovisionsshow &quot;Schlager, Stars &amp; Sterne &#8211; Die Schlossparty in &Ouml;sterreich&quot;.<\/p>\n<p style=\"text-align: justify;\">Im Park von Schloss Kaps in Kitzb&uuml;hel begr&uuml;&szlig;t er Andreas Gabalier, Barbara Sch&ouml;neberger, Andy Borg, Sasha, Angelo Kelly &amp; Family, Beatrice Egli, KLUBBB3, Ben Zucker, Michelle, voXXclub und viele weitere Stars.<\/p>\n<p>Au&szlig;erdem wird Rainhard Fendrich endlich einmal wieder seine ganz gro&szlig;en Hits von &bdquo;Macho Macho&ldquo; bis &bdquo;I Am From Austria&ldquo; singen.<\/p>\n<p>Die Zuschauer k&ouml;nnen sich auf viele Hits zum Mitsingen freuen &ndash; von &bdquo;Griechischer Wein&ldquo; bis &bdquo;Hulapalu&ldquo; &ndash; aber nat&uuml;rlich auch auf die lang ersehnten neuen Hits von Andreas Gabalier!<\/p>\n<p>Au&szlig;erdem bereitet Florian Silbereisen eine ganz besondere &Uuml;berraschung vor &hellip;<\/p>\n<p>&nbsp;<\/p>\n<p><em>Eine Gemeinschaftsproduktion der ARD und des ORF in Zusammenarbeit mit J&uuml;rgens TV.<\/em><\/p>\n<p>&nbsp;<\/p>\n<p><em>(Besetzungs&auml;nderungen sind m&ouml;glich.)<\/p>\n<p>\nFoto-Credit: ARD &#8211; J&uuml;rgens TV \/Beckmann; Montage: Vicky Rass<\/em><br \/>\n&nbsp;<\/p>\n<p>smago! exklusiv vorab &#8211; Mit bestem Dank an J\u00fcrgens TV GmbH (Textvorlage)<br \/>http:\/\/www.feste.tv\/<br \/>http:\/\/www.floriansilbereisen.com\/<\/p>\n","protected":false},"excerpt":{"rendered":"<p>Live aus Kitzb\u00fchel: Florian Silbereisen pr\u00e4sentiert die gro\u00dfe Klubbb3-Open- Air-Show (am 02.06.2018)! So prachtvoll und romantisch hat FLORIAN SILBEREISEN den<\/p>\n","protected":false},"author":2,"featured_media":51436,"comment_status":"open","ping_status":"open","sticky":false,"template":"","format":"standard","meta":{"_FSMCFIC_featured_image_caption":"","_FSMCFIC_featured_image_nocaption":"","_FSMCFIC_featured_image_hide":""},"categories":[28],"tags":[],"acf":[],"_links":{"self":[{"href":"https:\/\/smago.de\/ws2\/wp-json\/wp\/v2\/posts\/51435"}],"collection":[{"href":"https:\/\/smago.de\/ws2\/wp-json\/wp\/v2\/posts"}],"about":[{"href":"https:\/\/smago.de\/ws2\/wp-json\/wp\/v2\/types\/post"}],"author":[{"embeddable":true,"href":"https:\/\/smago.de\/ws2\/wp-json\/wp\/v2\/users\/2"}],"replies":[{"embeddable":true,"href":"https:\/\/smago.de\/ws2\/wp-json\/wp\/v2\/comments?post=51435"}],"version-history":[{"count":0,"href":"https:\/\/smago.de\/ws2\/wp-json\/wp\/v2\/posts\/51435\/revisions"}],"wp:featuredmedia":[{"embeddable":true,"href":"https:\/\/smago.de\/ws2\/wp-json\/wp\/v2\/media\/51436"}],"wp:attachment":[{"href":"https:\/\/smago.de\/ws2\/wp-json\/wp\/v2\/media?parent=51435"}],"wp:term":[{"taxonomy":"category","embeddable":true,"href":"https:\/\/smago.de\/ws2\/wp-json\/wp\/v2\/categories?post=51435"},{"taxonomy":"post_tag","embeddable":true,"href":"https:\/\/smago.de\/ws2\/wp-json\/wp\/v2\/tags?post=51435"}],"curies":[{"name":"wp","href":"https:\/\/api.w.org\/{rel}","templated":true}]}}