{"id":50327,"date":"2018-04-27T12:36:00","date_gmt":"2018-04-27T12:36:00","guid":{"rendered":"https:\/\/smago.de\/ws\/?p=50327"},"modified":"-0001-11-30T00:00:00","modified_gmt":"-0001-11-29T22:00:00","slug":"ANDREAS-GABALIER-Sehen-Sie-HIER-50326","status":"publish","type":"post","link":"https:\/\/smago.de\/ws2\/alpen-rock\/ANDREAS-GABALIER-Sehen-Sie-HIER-50326\/","title":{"rendered":"ANDREAS GABALIER<br \/>Sehen Sie HIER den Videoclip zu seinem neuen Song &quot;Verdammt lang her&quot;!"},"content":{"rendered":"<p>Darin geht es ganz sch\u00f6n hei\u00df zur Sache (und man beachte bitte &#8222;Keith Richards&#8220; an der Gitarre) &#8230;:<!-more-><\/p>\n<p><iframe loading=\"lazy\" allow=\"autoplay; encrypted-media\" allowfullscreen=\"\" frameborder=\"0\" height=\"241\" src=\"https:\/\/www.youtube.com\/embed\/azjyRuSZD4k\" width=\"640\"><\/iframe><\/p>\n<div align=\"center\">\n<div style=\"text-align: justify;\">\n<p>\nFreiheitliche Attit&uuml;de, Rock&lsquo;n&#39;Roll Coolness, Nahbarkeit aber auch absoluter Superstarstatus: <strong>ANDREAS GABALIER <\/strong>vereint in seiner Person m&uuml;helos vermeintliche Gegens&auml;tze. Der charismatische Steirer hat mehr als nur ein H&auml;ndchen f&uuml;r Hits, sind doch sein Selbstverst&auml;ndnis als VolksRock&#39;n&#39;Roller und seine ausdauernden, energiegeladenen Shows ebenso Teil seiner Marke, wie die andauernde Serie an Erfolgssongs. Will man nun analysieren warum <strong>Andreas Gabalier <\/strong>einfach alles gelingt was er anpackt, so muss man sich schnell eingestehen, dass man es schlicht mit einem Ph&auml;nomen zu tun hat. Seine Aufrichtigkeit in seinen Texten spielt sicherlich eine Rolle &#8211; die schiere Energie mit der er auf seinen Konzerten Rock&#39;n&#39;Roll-Schwerarbeit verrichtet &#8211; garantiert auch. Es ist eben diese Traditionsverbundenheit ohne Scheuklappen, die die Massen aller Altersklassen begeistern. Und da kn&uuml;pft er mit seinem neuen Studioalbum <strong>&quot;Vergiss mein nicht&quot;<\/strong> an.<\/div>\n<div style=\"text-align: justify;\">\nDie erste Single <strong>&quot;Verdammt lang her&quot; <\/strong>erscheint am 27.04.2018 und ist genau das, was man von <strong>Andreas Gabalier <\/strong>erwartet. Er erz&auml;hlt aus seiner Bergbauernbuam-Jugend und den kleinen Gabaliersdelikten und Gaunereien mit denen er und seine Jungs, Nachbarn und Mitmenschen mehr oder weniger bei Laune hielten. Wie das halt so ist, mit sechzehn, das w&auml;chst sich scho&#39; raus. Oder wuchert eben ins Superstartum. Er beschw&ouml;rt seine 90er Jahre und die unbeschwerten Zeiten auf die er gerne zur&uuml;ckblickt. Zeiten f&uuml;r die er brennt. Wer allerdings Wehmut und Melancholie erwartet wird entt&auml;uscht. In dem straighten, sommerlichen Rock-Song finden seine Fans sich selbst, aber auch ihn wieder. Einmal mehr l&auml;sst <strong>Andreas Gabalier <\/strong>sie alle augenzwinkernd an seiner Geschichte teilhaben und man sieht sie jetzt schon vor dem inneren Auge: die tausend Kehlen die in M&uuml;nchen, Hamburg, Berlin, Wien oder Z&uuml;rich mitsingen, dass mit siebzehn das Leben doch erst so richtig Fahrt aufnimmt.<\/div>\n<div align=\"center\">\n<p style=\"text-align: left;\">\n<p><strong>LIVE-TERMINE<\/strong><\/p>\n<p>\n09.06.18 CH- St. Gallen, Kybunpark<br \/>\n16.06.18 M&uuml;nchen, Olympiastadion<br \/>\n05.10.18 Frankfurt, Festhalle<br \/>\n06.10.18 Mannheim, SAP Arena<br \/>\n11.10.18 Kempten, BigBox<br \/>\n12.10.18 Stuttgart, Hanns-Martin-Schleyer Halle<br \/>\n13.10.18 K&ouml;ln, Lanxess Arena<br \/>\n20.10.18 Bremen, &Ouml;VB Arena<br \/>\n25.10.18 Braunschweig, Volkswagen Halle<br \/>\n26.10.18 Dresden, Messehalle<br \/>\n08.11.18 Schwerin, Sport- und Kongresshalle<br \/>\n10.11.18 Erfurt, Messehalle<br \/>\n15.11.18 N&uuml;rnberg, Arena N&uuml;rnberger Versicherung<br \/>\n16.11.18 Regensburg, Donau-Arena<br \/>\n17.11.18 M&uuml;nchen, Olympiahalle<br \/>\n23.11.18 Freiburg, Messe Freiburg<br \/>\n24.11.18 CH-Z&uuml;rich, Hallenstadion<br \/>\n29.11.18 A-Innsbruck, Olympiaworld<br \/>\n30.11.18 A-Linz, Tips Arena<br \/>\n01.12.18 A-Graz, Stadthalle<br \/>\n06.12.18 A-Dornbirn, Messestadion<br \/>\n07.12.18 CH-Basel, St. Jakobshalle<br \/>\n08.12.18 CH-Bern, Festhalle<br \/>\n13.12.18 A-Salzburg, Salzburg Arena<\/p>\n<div>&nbsp;<\/div>\n<\/div>\n<div align=\"center\">&nbsp;<\/div>\n<\/div>\n<div align=\"center\">&nbsp;<\/div>\n<div align=\"center\">&nbsp;<\/div>\n<div align=\"center\"><strong>1.&nbsp;&quot;Verdammt lang her&quot; &#8211; 4:05<\/strong><\/div>\n<div align=\"center\"><font size=\"1\">(Written by Andreas Gabalier; Published By: Stall-Records)<\/font><\/div>\n<div align=\"center\"><font size=\"1\"><strong>Produced by Mathias &quot;LeMatrix&quot; Roska @ Mitte Studios and @ Matzeville Berlin, Soundstage Studios Nashville TN<\/strong><br \/>\nMixed by David Hefti @ Hansa Studio Berlin<br \/>\nMastered by Sascha &quot;Busy&quot; B&uuml;hren<br \/>\nDrums: Miles McPherson<br \/>\nBass Guitar, Wurlitzer: Mathias Roska<br \/>\nPiano, Hammond: Dave Cohan<br \/>\nAcoustic Guitar, E-Guitar: Mathias Roska, Ilya Toshinskiy<br \/>\nChoir: Andreas Gabalier<\/font><\/div>\n<div align=\"center\">\n<div align=\"center\"><span style=\"color:#000000;\"><font face=\"Verdana\" size=\"2\">An Electrola Release; (P) 2018 Stall-Records, under exclusive license to Universal Music GmbH<\/font><\/span><\/div>\n<\/div>\n<p>Promotion-Werft Ammann und D\u00fc\u00dfler GbR Daniela C. D\u00fc\u00dfler (Textvorlage)<\/p>\n<p>https:\/\/www.andreas-gabalier.at\/<\/p>\n","protected":false},"excerpt":{"rendered":"<p>Darin geht es ganz sch\u00f6n hei\u00df zur Sache (und man beachte bitte &#8222;Keith Richards&#8220; an der Gitarre) &#8230;: Freiheitliche Attit&uuml;de,<\/p>\n","protected":false},"author":2,"featured_media":50328,"comment_status":"open","ping_status":"open","sticky":false,"template":"","format":"standard","meta":{"_FSMCFIC_featured_image_caption":"","_FSMCFIC_featured_image_nocaption":"","_FSMCFIC_featured_image_hide":""},"categories":[37],"tags":[],"acf":[],"_links":{"self":[{"href":"https:\/\/smago.de\/ws2\/wp-json\/wp\/v2\/posts\/50327"}],"collection":[{"href":"https:\/\/smago.de\/ws2\/wp-json\/wp\/v2\/posts"}],"about":[{"href":"https:\/\/smago.de\/ws2\/wp-json\/wp\/v2\/types\/post"}],"author":[{"embeddable":true,"href":"https:\/\/smago.de\/ws2\/wp-json\/wp\/v2\/users\/2"}],"replies":[{"embeddable":true,"href":"https:\/\/smago.de\/ws2\/wp-json\/wp\/v2\/comments?post=50327"}],"version-history":[{"count":0,"href":"https:\/\/smago.de\/ws2\/wp-json\/wp\/v2\/posts\/50327\/revisions"}],"wp:featuredmedia":[{"embeddable":true,"href":"https:\/\/smago.de\/ws2\/wp-json\/wp\/v2\/media\/50328"}],"wp:attachment":[{"href":"https:\/\/smago.de\/ws2\/wp-json\/wp\/v2\/media?parent=50327"}],"wp:term":[{"taxonomy":"category","embeddable":true,"href":"https:\/\/smago.de\/ws2\/wp-json\/wp\/v2\/categories?post=50327"},{"taxonomy":"post_tag","embeddable":true,"href":"https:\/\/smago.de\/ws2\/wp-json\/wp\/v2\/tags?post=50327"}],"curies":[{"name":"wp","href":"https:\/\/api.w.org\/{rel}","templated":true}]}}