{"id":50093,"date":"2018-05-11T00:00:00","date_gmt":"2018-05-11T00:00:00","guid":{"rendered":"https:\/\/smago.de\/ws\/?p=50093"},"modified":"-0001-11-30T00:00:00","modified_gmt":"-0001-11-29T22:00:00","slug":"UTA-BRESAN-Heute-11052018-MDR-FE-50092","status":"publish","type":"post","link":"https:\/\/smago.de\/ws2\/ost-schlager\/UTA-BRESAN-Heute-11052018-MDR-FE-50092\/","title":{"rendered":"UTA BRESAN<br \/>Heute (11.05.2018), MDR FERNSEHEN: &quot;Musik f\u00fcr Sie&quot; &#8211; &quot;Die Jubil\u00e4umsausgabe pr\u00e4sentiert von Uta Bresan&quot;!"},"content":{"rendered":"<p>20:15 Uhr &#8211; 22:15 Uhr!<!-more-><\/p>\n<p style=\"text-align: justify;\">&quot;Musik f&uuml;r Sie&quot; feiert Jubil&auml;um! Denn am 11. Mai 2018 geht die beliebte Wunschsendung zum 100. Mal auf Sendung. Daf&uuml;r besucht Moderatorin UTA BRESAN Th&uuml;ringens Landeshauptstadt Erfurt. Und auch ihre musikalischen G&auml;ste haben in diesem Jahr Grund zum Feiern. Anita und Alexandra Hofmann freuen sich dieses Jahr &uuml;ber ihr 30. B&uuml;hnenjubil&auml;um. Gerd Christian steht schon seit 45 Jahren auf der B&uuml;hne. Wolfgang Lippert findet in der 100. Ausgabe &quot;Musik f&uuml;r Sie&quot; heraus, wie gut die Erfurter seinen Hit &quot;Erna kommt&quot; kennen. Beatrice Egli sorgt nicht nur f&uuml;r richtig gute Stimmung sondern auch f&uuml;r eine gigantische Jubil&auml;umstorte. Mit Olaf Berger erinnert sich Uta Bresan an die erste Ausgabe der Wunschsendung vor 23 Jahren. Und unter den hei&szlig;en Rhythmen von Marquess pr&auml;sentiert Uta Bresan internationale Hitgiganten, die auf der &quot;Musik f&uuml;r Sie&quot;- B&uuml;hne in 99 Sendungen aufgetreten sind.<\/p>\n<p>Au&szlig;erdem probiert Moderatorin Uta Bresan unter Anleitung von zwei waschechten Olympiasiegern in Erfurt die weltweit &auml;lteste Steher-Rennbahn aus. Nat&uuml;rlich erinnern wir uns an die sch&ouml;nsten Momente aus bisher 99 Sendungen &quot;Musik f&uuml;r Sie&quot; und erf&uuml;llen in der Jubil&auml;umsausgabe nicht nur den Erfurter so viele Musikw&uuml;nsche wie noch nie zuvor. Freuen Sie sich auf ein Wiedersehen mit Roland Kaiser, Matthias Reim, Andrea Berg, Wolfgang Petry, Helene Fischer und viele andere mehr.<\/p>\n<p><em>Foto-Credit: MDR \/ Mario Gentzel<\/em><\/p>\n<p>MDR (Textvorlage)<\/p>\n<p>https:\/\/www.uta-bresan.de\/<\/p>\n","protected":false},"excerpt":{"rendered":"<p>20:15 Uhr &#8211; 22:15 Uhr! &quot;Musik f&uuml;r Sie&quot; feiert Jubil&auml;um! Denn am 11. Mai 2018 geht die beliebte Wunschsendung zum<\/p>\n","protected":false},"author":2,"featured_media":50094,"comment_status":"open","ping_status":"open","sticky":false,"template":"","format":"standard","meta":{"_FSMCFIC_featured_image_caption":"","_FSMCFIC_featured_image_nocaption":"","_FSMCFIC_featured_image_hide":""},"categories":[25],"tags":[],"acf":[],"_links":{"self":[{"href":"https:\/\/smago.de\/ws2\/wp-json\/wp\/v2\/posts\/50093"}],"collection":[{"href":"https:\/\/smago.de\/ws2\/wp-json\/wp\/v2\/posts"}],"about":[{"href":"https:\/\/smago.de\/ws2\/wp-json\/wp\/v2\/types\/post"}],"author":[{"embeddable":true,"href":"https:\/\/smago.de\/ws2\/wp-json\/wp\/v2\/users\/2"}],"replies":[{"embeddable":true,"href":"https:\/\/smago.de\/ws2\/wp-json\/wp\/v2\/comments?post=50093"}],"version-history":[{"count":0,"href":"https:\/\/smago.de\/ws2\/wp-json\/wp\/v2\/posts\/50093\/revisions"}],"wp:featuredmedia":[{"embeddable":true,"href":"https:\/\/smago.de\/ws2\/wp-json\/wp\/v2\/media\/50094"}],"wp:attachment":[{"href":"https:\/\/smago.de\/ws2\/wp-json\/wp\/v2\/media?parent=50093"}],"wp:term":[{"taxonomy":"category","embeddable":true,"href":"https:\/\/smago.de\/ws2\/wp-json\/wp\/v2\/categories?post=50093"},{"taxonomy":"post_tag","embeddable":true,"href":"https:\/\/smago.de\/ws2\/wp-json\/wp\/v2\/tags?post=50093"}],"curies":[{"name":"wp","href":"https:\/\/api.w.org\/{rel}","templated":true}]}}