{"id":266332,"date":"2026-09-06T00:13:20","date_gmt":"2026-09-05T22:13:20","guid":{"rendered":"https:\/\/smago.de\/ws2\/?p=266332"},"modified":"2026-09-06T01:32:55","modified_gmt":"2026-09-05T23:32:55","slug":"stefan-mross-sein-tournee-veranstalter-lothar-boehler-schreibt-heute-endet-eine-aera","status":"publish","type":"post","link":"https:\/\/smago.de\/ws2\/schlager\/stefan-mross-sein-tournee-veranstalter-lothar-boehler-schreibt-heute-endet-eine-aera\/","title":{"rendered":"STEFAN MROSS <br>Sein Tournee-Veranstalter Lothar B\u00f6hler schreibt: &#8222;Heute endet eine \u00c4ra&#8220;!"},"content":{"rendered":"<p style=\"text-align: justify;\">ABER: &#8222;Dieses besondere Gef\u00fchl darf mit der letzten Fernsehsendung nicht einfach verschwinden&#8220; &#8230;:<br \/>\n<!--more--><\/p>\n<p>&nbsp;<\/p>\n<p style=\"text-align: justify;\">\n<p style=\"text-align: justify;\">\n<p style=\"text-align: justify;\">Auch Lothar B\u00f6hler (artmedia management &amp; more), der 2027 die gro\u00dfe &#8222;Immer wieder Stefan&#8220; Tournee veranstaltet, st\u00e4rkt STEFAN MROSS den R\u00fccken.<\/p>\n<p style=\"text-align: justify;\">Auf seiner Facebook-Seite schreibt er &#8230;:<\/p>\n<div class=\"xdj266r x14z9mp xat24cr x1lziwak x1vvkbs x126k92a\" style=\"text-align: justify;\">\n<div dir=\"auto\">\n<p style=\"text-align: justify;\">\n<p style=\"text-align: justify;\">\n<p style=\"text-align: justify;\">\n<p><em>HEUTE ENDET EINE \u00c4RA.<\/em><\/p>\n<\/div>\n<\/div>\n<div class=\"x14z9mp xat24cr x1lziwak x1vvkbs xtlvy1s x126k92a\" style=\"text-align: justify;\">\n<div dir=\"auto\">\n<p><em>Wenn sich heute bei \u201eImmer wieder sonntags\u201c zum allerletzten Mal der Vorhang \u00f6ffnet, endet weit mehr als eine Fernsehsendung.<\/em><\/p>\n<\/div>\n<\/div>\n<div class=\"x14z9mp xat24cr x1lziwak x1vvkbs xtlvy1s x126k92a\" style=\"text-align: justify;\">\n<div dir=\"auto\"><em>21 Jahre lang hat Stefan Mross dieses Format gepr\u00e4gt. Er hat Millionen Menschen unterhalten, ihnen unz\u00e4hlige sch\u00f6ne Sonntagvormittage geschenkt und vielen K\u00fcnstlern eine wichtige B\u00fchne gegeben.<\/em><\/div>\n<\/div>\n<div class=\"x14z9mp xat24cr x1lziwak x1vvkbs xtlvy1s x126k92a\" style=\"text-align: justify;\">\n<div dir=\"auto\"><em>Daf\u00fcr geb\u00fchrt ihm Anerkennung und ein ehrliches Dankesch\u00f6n: Danke, Stefan, f\u00fcr 21 Jahre Unterhaltung, Musik, Lebensfreude und gro\u00dfe Emotionen! ((smago!<\/em> m\u00f6chte hierzu anmerken, dass 2026 eigentlich die 22. &#8222;Immer wieder sonntags&#8220; Staffel unter der \u00c4gide von Stefan Mross war.))<\/div>\n<\/div>\n<div class=\"x14z9mp xat24cr x1lziwak x1vvkbs xtlvy1s x126k92a\" style=\"text-align: justify;\">\n<div dir=\"auto\">\n<p><em>F\u00fcr uns bei artmedia stand jedoch auch schnell fest: Dieses besondere Gef\u00fchl darf mit der letzten Fernsehsendung nicht einfach verschwinden.<\/em><\/p>\n<\/div>\n<\/div>\n<div class=\"x14z9mp xat24cr x1lziwak x1vvkbs xtlvy1s x126k92a\" style=\"text-align: justify;\">\n<div dir=\"auto\">\n<p><em>Deshalb haben wir uns entschieden, nicht nur auf das Vergangene zur\u00fcckzublicken, sondern gemeinsam mit Stefan etwas Neues auf die Beine zu stellen.<\/em><\/p>\n<p>Unsere Idee war es, die Musik, die Lebensfreude, die N\u00e4he zum Publikum und das unverwechselbare \u201eImmer wieder sonntags\u201c-Feeling in die St\u00e4dte und auf die Live-B\u00fchnen zu bringen.<\/p>\n<\/div>\n<\/div>\n<div class=\"x14z9mp xat24cr x1lziwak x1vvkbs xtlvy1s x126k92a\" style=\"text-align: justify;\">\n<div dir=\"auto\"><em>Wir glauben an Stefan, an diese Musik und vor allem an die vielen Menschen, die genau diese Form der Unterhaltung lieben.<\/p>\n<p><\/em><\/div>\n<\/div>\n<div class=\"x14z9mp xat24cr x1lziwak x1vvkbs xtlvy1s x126k92a\" style=\"text-align: justify;\">\n<div dir=\"auto\"><em>Aus dieser \u00dcberzeugung ist \u201eImmer wieder Stefan\u201c entstanden. Dass daraus nun die offizielle Tour der Sendung wird und wir dabei auch das Original-Logo von \u201eImmer wieder sonntags\u201c f\u00fchren d\u00fcrfen, macht uns als Initiator und Veranstalter sehr stolz.<\/em><\/div>\n<\/div>\n<div class=\"x14z9mp xat24cr x1lziwak x1vvkbs xtlvy1s x126k92a\" style=\"text-align: justify;\">\n<div dir=\"auto\"><em><br \/>\nHeute f\u00e4llt der letzte Vorhang im Fernsehen.<\/em><\/div>\n<\/div>\n<div class=\"x14z9mp xat24cr x1lziwak x1vvkbs xtlvy1s x126k92a\" style=\"text-align: justify;\">\n<div dir=\"auto\"><em><br \/>\n2027 beginnt das n\u00e4chste Kapitel \u2013 live, emotional und ganz nah bei den Menschen.<\/em><\/div>\n<\/div>\n<div class=\"x14z9mp xat24cr x1lziwak x1vvkbs xtlvy1s x126k92a\">\n<div dir=\"auto\" style=\"text-align: justify;\"><em><br \/>\nIMMER WIEDER STEFAN<\/em><\/div>\n<div dir=\"auto\" style=\"text-align: justify;\"><em><br \/>\nDie gro\u00dfe Tournee 2027<\/em><\/div>\n<div dir=\"auto\" style=\"text-align: justify;\">\n<p><span class=\"html-span xdj266r x14z9mp xat24cr x1lziwak xexx8yu xyri2b x18d9i69 x1c1uobl x1hl2dhg x16tdsg8 x1vvkbs\"><em><strong><a class=\"x1i10hfl xjbqb8w x1ejq31n x18oe1m7 x1sy0etr xstzfhl x972fbf x10w94by x1qhh985 x14e42zd x9f619 x1ypdohk xt0psk2 x3ct3a4 xdj266r x14z9mp xat24cr x1lziwak xexx8yu xyri2b x18d9i69 x1c1uobl x16tdsg8 x1hl2dhg xggy1nq x1a2a7pz xkrqix3 x1sur9pj x1fey0fg x1s688f\" tabindex=\"0\" role=\"link\" href=\"http:\/\/www.immer-wieder-stefan.de\/?fbclid=IwcGRvZgVleHRuA2FlbQIxMABicmlkETFEVmRxcDRGemszZzFENlMxc3J0YwZhcHBfaWQQMjIyMDM5MTc4ODIwMDg5MgABHj2t5KLBbFxO92MtlWq84TymIX90NEncHVdWbmVAMfgqkX4zZNxZZVBlSYG9_aem_v_40PgZ_f08CXBrarC1wrQ\" target=\"_blank\" rel=\"nofollow noopener noreferrer\">www.immer-wieder-stefan.de<\/a><\/strong><\/em><\/span><\/p>\n<p>&nbsp;<\/p>\n<\/div>\n<\/div>\n<div dir=\"auto\"><\/div>\n<div dir=\"auto\"><\/div>\n<div dir=\"auto\"><\/div>\n<div dir=\"auto\"><img decoding=\"async\" loading=\"lazy\" class=\"alignnone size-large wp-image-266333\" src=\"https:\/\/smago.de\/ws2\/wp-content\/uploads\/2026\/09\/mross_21jahre-640x800.jpeg\" alt=\"\" width=\"640\" height=\"800\" srcset=\"https:\/\/smago.de\/ws2\/wp-content\/uploads\/2026\/09\/mross_21jahre-640x800.jpeg 640w, https:\/\/smago.de\/ws2\/wp-content\/uploads\/2026\/09\/mross_21jahre-418x522.jpeg 418w, https:\/\/smago.de\/ws2\/wp-content\/uploads\/2026\/09\/mross_21jahre-120x150.jpeg 120w, https:\/\/smago.de\/ws2\/wp-content\/uploads\/2026\/09\/mross_21jahre-768x960.jpeg 768w, https:\/\/smago.de\/ws2\/wp-content\/uploads\/2026\/09\/mross_21jahre-1229x1536.jpeg 1229w, https:\/\/smago.de\/ws2\/wp-content\/uploads\/2026\/09\/mross_21jahre-218x272.jpeg 218w, https:\/\/smago.de\/ws2\/wp-content\/uploads\/2026\/09\/mross_21jahre-480x600.jpeg 480w, https:\/\/smago.de\/ws2\/wp-content\/uploads\/2026\/09\/mross_21jahre-104x130.jpeg 104w, https:\/\/smago.de\/ws2\/wp-content\/uploads\/2026\/09\/mross_21jahre-356x445.jpeg 356w, https:\/\/smago.de\/ws2\/wp-content\/uploads\/2026\/09\/mross_21jahre-152x190.jpeg 152w, https:\/\/smago.de\/ws2\/wp-content\/uploads\/2026\/09\/mross_21jahre-232x290.jpeg 232w, https:\/\/smago.de\/ws2\/wp-content\/uploads\/2026\/09\/mross_21jahre.jpeg 1639w\" sizes=\"(max-width: 640px) 100vw, 640px\" \/><\/div>\n<div dir=\"auto\"><em>Wie gesagt, EIGENTLICH sind \/ waren es sogar 22 Jahre &#8230;<\/em><\/div>\n","protected":false},"excerpt":{"rendered":"<p>ABER: &#8222;Dieses besondere Gef\u00fchl darf mit der letzten Fernsehsendung nicht einfach verschwinden&#8220; &#8230;:<\/p>\n","protected":false},"author":2,"featured_media":266333,"comment_status":"open","ping_status":"closed","sticky":false,"template":"","format":"standard","meta":{"_FSMCFIC_featured_image_caption":"","_FSMCFIC_featured_image_nocaption":"","_FSMCFIC_featured_image_hide":""},"categories":[29],"tags":[137],"acf":[],"_links":{"self":[{"href":"https:\/\/smago.de\/ws2\/wp-json\/wp\/v2\/posts\/266332"}],"collection":[{"href":"https:\/\/smago.de\/ws2\/wp-json\/wp\/v2\/posts"}],"about":[{"href":"https:\/\/smago.de\/ws2\/wp-json\/wp\/v2\/types\/post"}],"author":[{"embeddable":true,"href":"https:\/\/smago.de\/ws2\/wp-json\/wp\/v2\/users\/2"}],"replies":[{"embeddable":true,"href":"https:\/\/smago.de\/ws2\/wp-json\/wp\/v2\/comments?post=266332"}],"version-history":[{"count":3,"href":"https:\/\/smago.de\/ws2\/wp-json\/wp\/v2\/posts\/266332\/revisions"}],"predecessor-version":[{"id":266336,"href":"https:\/\/smago.de\/ws2\/wp-json\/wp\/v2\/posts\/266332\/revisions\/266336"}],"wp:featuredmedia":[{"embeddable":true,"href":"https:\/\/smago.de\/ws2\/wp-json\/wp\/v2\/media\/266333"}],"wp:attachment":[{"href":"https:\/\/smago.de\/ws2\/wp-json\/wp\/v2\/media?parent=266332"}],"wp:term":[{"taxonomy":"category","embeddable":true,"href":"https:\/\/smago.de\/ws2\/wp-json\/wp\/v2\/categories?post=266332"},{"taxonomy":"post_tag","embeddable":true,"href":"https:\/\/smago.de\/ws2\/wp-json\/wp\/v2\/tags?post=266332"}],"curies":[{"name":"wp","href":"https:\/\/api.w.org\/{rel}","templated":true}]}}