{"id":266325,"date":"2026-09-06T00:00:24","date_gmt":"2026-09-05T22:00:24","guid":{"rendered":"https:\/\/smago.de\/ws2\/?p=266325"},"modified":"2026-09-05T14:29:31","modified_gmt":"2026-09-05T12:29:31","slug":"uwe-huebner-grosse-vorfreude-auf-die-premiere-der-chart-show-von-dj-hitparade","status":"publish","type":"post","link":"https:\/\/smago.de\/ws2\/pop-schlager\/uwe-huebner-grosse-vorfreude-auf-die-premiere-der-chart-show-von-dj-hitparade\/","title":{"rendered":"UWE H\u00dcBNER <br>Gro\u00dfe Vorfreude auf die Premiere der Chart-Show von &#8222;dj-hitparade&#8220;!"},"content":{"rendered":"<p style=\"text-align: justify;\">Exklusive pers\u00f6nliche Worte von Uwe H\u00fcbner f\u00fcr <em>smago<\/em>!<br \/>\n<!--more--><\/p>\n<p dir=\"ltr\" style=\"text-align: justify;\">Ich muss ganz ehrlich sagen: Ich freue mich riesig auf diesen Montag. Endlich geht es los! Und dieses \u201eendlich\u201c darf man ruhig w\u00f6rtlich nehmen, denn \u00fcber viele Jahre hinweg gab es immer wieder Radiostationen, die gerne mit uns zusammenarbeiten und <span style=\"font-family: verdana, sans-serif;\">eine<\/span> Chart-Show <span style=\"font-family: verdana, sans-serif;\">der<\/span>\u00a0dj-hitparade in ihr Programm holen wollten. Wir haben uns damit nie leichtgetan und lange gez\u00f6gert. Vielleicht war das auch gut so. Denn jetzt, auf dem Weg zum 20-j\u00e4hrigen Jubil\u00e4um der dj-hitparade, f\u00fchlt es sich einfach richtig an.<\/p>\n<p dir=\"ltr\" style=\"text-align: justify;\">Mit Radio Schlagerparadies haben wir nach unserem Empfinden genau den Partner gefunden, der zu uns passt. Einen Sender, der sich mit viel Herz und \u00dcberzeugung f\u00fcr den tanzbaren deutschen Schlager einsetzt. Wir haben im Vorfeld sehr genau hingeschaut und auch bei K\u00fcnstlern recherchiert und nachgeh\u00f6rt: Wo w\u00fcrde eine solche Sendung gut aufgehoben sein? Wo stimmt das Umfeld? Und ein ganz wichtiger Punkt war f\u00fcr uns nat\u00fcrlich Jan Kunath. Jan ist ein hervorragender Moderator, kennt unsere Musik, kennt unsere Szene und ist bei unseren Events, also Fan-Fest und Branchentreff, auf der Showb\u00fchne\u00a0<span style=\"font-family: verdana, sans-serif;\">bestens\u00a0<\/span>pr\u00e4sent. Das alles zusammen hat am Ende den Ausschlag gegeben.<\/p>\n<p dir=\"ltr\" style=\"text-align: justify;\">Ich m\u00f6chte deshalb auch einmal ganz pers\u00f6nlich Danke sagen. Heike Betz und Frank Brach f\u00fcr das Vertrauen und die <span style=\"font-family: verdana, sans-serif;\">guten<\/span> Gespr\u00e4che \u00fcber das Gesamtangebot. Gary Sahner aus der Programmleitung, der in den vergangenen Wochen mit uns an so vielen Details gearbeitet und mit viel Feingef\u00fchl immer versucht hat, f\u00fcr beide Partner das Beste herauszuholen. <span style=\"font-family: verdana, sans-serif;\">Was super gelungen ist.\u00a0<\/span>Danke ebenso an Volker Schommer, der schlie\u00dflich ganz praktisch mit uns in die Umsetzung gegangen ist und die Sendung\u00a0<span style=\"font-family: verdana, sans-serif;\">\u201efahren\u201c wird<\/span>. Und ein herzliches Dankesch\u00f6n auch von Tobias Massin und Frank Jarosch aus unserer Teamleitung. Wir alle haben gesp\u00fcrt, mit wie viel Freude und Professionalit\u00e4t auf beiden Seiten an dieser neuen Sendung gearbeitet wird. Danke an Euch alle!<\/p>\n<p dir=\"ltr\" style=\"text-align: justify;\">Nat\u00fcrlich schauen wir auf die aktuellen Top 50 der dj-hitparade. Aber uns war von Anfang an wichtig: Wir wollen viel mehr machen als eine reine Chart\u00fcbersicht. Mit den verschiedenen Rubriken wird aus unserer Chart-Show eigentlich schon fast ein richtiges Chart-Magazin. Jan Kunath pr\u00e4sentiert unter anderem die Aufsteiger und Neueinsteiger der Woche, neue und ganz frisch hereingekommene Bemusterungen, f\u00fchrt durch das gesamte Ranking und pr\u00e4sentiert auch \u00d6sterreichs Nummer <span style=\"font-family: verdana, sans-serif;\">1<\/span> aus unserem Schwester<span style=\"font-family: verdana, sans-serif;\">-P<\/span>ortal <span style=\"font-family: verdana, sans-serif;\">www.<\/span><a href=\"http:\/\/dj-hitparade.at\/\">dj-hitparade.at<\/a>. Und ich darf mit meinen ganz pers\u00f6nlichen Empfehlungen dabei sein: Mit dem Newcomer der Woche, dem Remix der Woche und der Top-Bemusterung der Woche. Das sind Titel, bei denen ich selbst sagen m\u00f6chte: H\u00f6rt Euch das einmal an!<\/p>\n<p dir=\"ltr\" style=\"text-align: justify;\">Genau diese Aktualit\u00e4t macht f\u00fcr mich einen ganz besonderen Reiz aus. <span style=\"font-family: verdana, sans-serif;\">Wir zeigen also nicht nur, was derzeit und wirklich auf dem deutschen Dancefloor in und angesagt ist, nein, w<\/span>enn <span style=\"font-family: verdana, sans-serif;\">zudem\u00a0<\/span>eine spannende neue Produktion hereinkommt, k\u00f6nnen wir sie sofort <span style=\"font-family: verdana, sans-serif;\">auch\u00a0<\/span>aufgreifen. Schon in unserer Premierensendung pr\u00e4sentieren wir <span style=\"font-family: verdana, sans-serif;\">daher\u00a0<\/span>unter anderem die gerade erschienenen Titel von Helene Fischer und Anna-Maria Zimmermann. Dazu haben wir zwei Remixe dabei, die vermutlich bislang kaum irgendwo im Radio gespielt worden sind. So k\u00f6nnen wir wirklich zeigen, was im tanzbaren deutschen Schlager jetzt passiert. Was neu ist. Was die DJs besch\u00e4ftigt. Was auf den Tanzfl\u00e4chen bereits ankommt oder dort f\u00fcr frischen Wind sorgen k\u00f6nnte. Und genau diese <span style=\"font-family: verdana, sans-serif;\">Realit\u00e4t und\u00a0<\/span>N\u00e4he<span style=\"font-family: verdana, sans-serif;\">, aber auch so manches gute\u00a0Gesp\u00fcr<\/span>\u00a0k\u00f6nnen wir nun ins Radio \u00fcbertragen.<\/p>\n<p style=\"text-align: justify;\">Eine Sache liegt mir dabei besonders am Herzen: Unsere Premium-DJs bekommen ihre eigene Stimme. Jede Woche darf einer von ihnen seinen ganz pers\u00f6nlichen Tipp vorstellen. Diese Menschen stehen hinter den Pulten, erleben die Reaktionen des Publikums unmittelbar und haben ein wunderbares Gesp\u00fcr daf\u00fcr, welche Titel etwas ausl\u00f6sen k\u00f6nnen. Jetzt geben wir ihnen auch im Radio eine B\u00fchne und verschaffen ihren Empfehlungen bundesweit Geh\u00f6r. Dar\u00fcber freue ich mich wirklich sehr.<\/p>\n<p dir=\"ltr\" style=\"text-align: justify;\">Und wir sind mit unseren Ideen noch lange nicht am Ende. Wir haben noch einiges vor und viele Gedanken im Kopf, wie sich diese Sendung weiterentwickeln kann. Aber jetzt wollen wir erst einmal voller Freude das pr\u00e4sentieren, was wir uns f\u00fcr den Start ausgedacht haben. Eine Chart-Show, die eben nicht nur Platzierungen abarbeitet, sondern Geschichten erz\u00e4hlt, neue Musik entdeckt, DJs einbindet und den tanzbaren deutschen Schlager in seiner ganzen Aktualit\u00e4t abbildet. Vielleicht ist \u201eChart-Show\u201c deshalb <span style=\"font-family: verdana, sans-serif;\">in der Tat\u00a0<\/span>fast schon zu wenig. F\u00fcr mich ist das, was wir da gemeinsam geschaffen haben, bereits auf dem besten Weg zu einem echten Chart-Magazin.<\/p>\n<p dir=\"ltr\" style=\"text-align: justify;\">F\u00fcr den tanzbaren deutschen Schlager, f\u00fcr den ich mich mit der dj-hitparade seit fast 20 Jahren mit ganzem Herzen einsetze, haben wir damit eine ideale neue Plattform gefunden \u2013 eine, an der ich sehr gerne selbst mitwirke, die mir pers\u00f6nlich am Herzen liegt und auf die ich auch f\u00fcr unsere gemeinsame Zukunft ganz fest setze. Und mit \u201egemeinsam\u201c meine ich wirklich alle: <span style=\"font-family: verdana, sans-serif;\">D<\/span>ie dj-hitparade und Radio Schlagerparadies genauso wie die K\u00fcnstler, <span style=\"font-family: verdana, sans-serif;\">Managements, Labels, nat\u00fcrlich unsere\u00a0<\/span>DJs und all diejenigen, die f\u00fcr den tanzbaren deutschen Schlager arbeiten und ihn lieben. Vor allem aber geh\u00f6ren f\u00fcr mich unsere H\u00f6rer dazu. Denn am Ende machen wir all das f\u00fcr Euch \u2013 und am sch\u00f6nsten wird es, wenn wir diese Zukunft gemeinsam erleben.<\/p>\n<p style=\"text-align: justify;\">Uwe H\u00fcbner<\/p>\n","protected":false},"excerpt":{"rendered":"<p>Exklusive pers\u00f6nliche Worte von Uwe H\u00fcbner f\u00fcr smago!<\/p>\n","protected":false},"author":2,"featured_media":266326,"comment_status":"open","ping_status":"closed","sticky":false,"template":"","format":"standard","meta":{"_FSMCFIC_featured_image_caption":"","_FSMCFIC_featured_image_nocaption":"","_FSMCFIC_featured_image_hide":""},"categories":[28,29,39],"tags":[597],"acf":[],"_links":{"self":[{"href":"https:\/\/smago.de\/ws2\/wp-json\/wp\/v2\/posts\/266325"}],"collection":[{"href":"https:\/\/smago.de\/ws2\/wp-json\/wp\/v2\/posts"}],"about":[{"href":"https:\/\/smago.de\/ws2\/wp-json\/wp\/v2\/types\/post"}],"author":[{"embeddable":true,"href":"https:\/\/smago.de\/ws2\/wp-json\/wp\/v2\/users\/2"}],"replies":[{"embeddable":true,"href":"https:\/\/smago.de\/ws2\/wp-json\/wp\/v2\/comments?post=266325"}],"version-history":[{"count":1,"href":"https:\/\/smago.de\/ws2\/wp-json\/wp\/v2\/posts\/266325\/revisions"}],"predecessor-version":[{"id":266327,"href":"https:\/\/smago.de\/ws2\/wp-json\/wp\/v2\/posts\/266325\/revisions\/266327"}],"wp:featuredmedia":[{"embeddable":true,"href":"https:\/\/smago.de\/ws2\/wp-json\/wp\/v2\/media\/266326"}],"wp:attachment":[{"href":"https:\/\/smago.de\/ws2\/wp-json\/wp\/v2\/media?parent=266325"}],"wp:term":[{"taxonomy":"category","embeddable":true,"href":"https:\/\/smago.de\/ws2\/wp-json\/wp\/v2\/categories?post=266325"},{"taxonomy":"post_tag","embeddable":true,"href":"https:\/\/smago.de\/ws2\/wp-json\/wp\/v2\/tags?post=266325"}],"curies":[{"name":"wp","href":"https:\/\/api.w.org\/{rel}","templated":true}]}}