{"id":266300,"date":"2026-09-05T00:00:06","date_gmt":"2026-09-04T22:00:06","guid":{"rendered":"https:\/\/smago.de\/ws2\/?p=266300"},"modified":"2026-09-04T19:35:23","modified_gmt":"2026-09-04T17:35:23","slug":"kastelruther-spatzen-doppel-cd-40-jahre-spatzenfest-ab-09-10-2026-erhaeltlich","status":"publish","type":"post","link":"https:\/\/smago.de\/ws2\/volksmusik\/kastelruther-spatzen-doppel-cd-40-jahre-spatzenfest-ab-09-10-2026-erhaeltlich\/","title":{"rendered":"KASTELRUTHER SPATZEN <br>Doppel-CD &#8222;40 Jahre Spatzenfest&#8220; ab 09.10.2026 erh\u00e4ltlich!"},"content":{"rendered":"<p>Das Doppelalbum wird es auch als exklusives 2CD Bundle mit handsignierter Artcard geben!<!--more--><\/p>\n<h1 class=\"product-title text_heading_2xl c-text-primary\" style=\"text-align: justify;\"><\/h1>\n<p style=\"text-align: justify;\">40 Jahre Spatzenfest &#8211; das sind die gr\u00f6\u00dften Hits, die sch\u00f6nsten Momente und ein gro\u00dfes Dankesch\u00f6n an die Fans.<\/p>\n<p style=\"text-align: justify;\">Zum Jubil\u00e4um b\u00fcndeln die KASTELRUTHER SPATZEN 40 Titel in einem besonderen Album, das die Geschichte dieses einzigartigen Festes und den musikalischen Kosmos der S\u00fcdtiroler h\u00f6rbar macht.<\/p>\n<p>&nbsp;<\/p>\n<p>&nbsp;<\/p>\n<p><img decoding=\"async\" loading=\"lazy\" class=\"alignnone size-large wp-image-266302\" src=\"https:\/\/smago.de\/ws2\/wp-content\/uploads\/2026\/09\/Kastelruther-Spatzen_40-Jahre-Spatzenfest_Exklusives-2CD-Bundle-mit-handsignierter-Artcard_s524837_o8278298_a658518_v13982912.e5fad77e.png-800x800.webp\" alt=\"\" width=\"800\" height=\"800\" srcset=\"https:\/\/smago.de\/ws2\/wp-content\/uploads\/2026\/09\/Kastelruther-Spatzen_40-Jahre-Spatzenfest_Exklusives-2CD-Bundle-mit-handsignierter-Artcard_s524837_o8278298_a658518_v13982912.e5fad77e.png-800x800.webp 800w, https:\/\/smago.de\/ws2\/wp-content\/uploads\/2026\/09\/Kastelruther-Spatzen_40-Jahre-Spatzenfest_Exklusives-2CD-Bundle-mit-handsignierter-Artcard_s524837_o8278298_a658518_v13982912.e5fad77e.png-522x522.webp 522w, https:\/\/smago.de\/ws2\/wp-content\/uploads\/2026\/09\/Kastelruther-Spatzen_40-Jahre-Spatzenfest_Exklusives-2CD-Bundle-mit-handsignierter-Artcard_s524837_o8278298_a658518_v13982912.e5fad77e.png-150x150.webp 150w, https:\/\/smago.de\/ws2\/wp-content\/uploads\/2026\/09\/Kastelruther-Spatzen_40-Jahre-Spatzenfest_Exklusives-2CD-Bundle-mit-handsignierter-Artcard_s524837_o8278298_a658518_v13982912.e5fad77e.png-768x768.webp 768w, https:\/\/smago.de\/ws2\/wp-content\/uploads\/2026\/09\/Kastelruther-Spatzen_40-Jahre-Spatzenfest_Exklusives-2CD-Bundle-mit-handsignierter-Artcard_s524837_o8278298_a658518_v13982912.e5fad77e.png-1536x1536.webp 1536w, https:\/\/smago.de\/ws2\/wp-content\/uploads\/2026\/09\/Kastelruther-Spatzen_40-Jahre-Spatzenfest_Exklusives-2CD-Bundle-mit-handsignierter-Artcard_s524837_o8278298_a658518_v13982912.e5fad77e.png-272x272.webp 272w, https:\/\/smago.de\/ws2\/wp-content\/uploads\/2026\/09\/Kastelruther-Spatzen_40-Jahre-Spatzenfest_Exklusives-2CD-Bundle-mit-handsignierter-Artcard_s524837_o8278298_a658518_v13982912.e5fad77e.png-600x600.webp 600w, https:\/\/smago.de\/ws2\/wp-content\/uploads\/2026\/09\/Kastelruther-Spatzen_40-Jahre-Spatzenfest_Exklusives-2CD-Bundle-mit-handsignierter-Artcard_s524837_o8278298_a658518_v13982912.e5fad77e.png-130x130.webp 130w, https:\/\/smago.de\/ws2\/wp-content\/uploads\/2026\/09\/Kastelruther-Spatzen_40-Jahre-Spatzenfest_Exklusives-2CD-Bundle-mit-handsignierter-Artcard_s524837_o8278298_a658518_v13982912.e5fad77e.png-445x445.webp 445w, https:\/\/smago.de\/ws2\/wp-content\/uploads\/2026\/09\/Kastelruther-Spatzen_40-Jahre-Spatzenfest_Exklusives-2CD-Bundle-mit-handsignierter-Artcard_s524837_o8278298_a658518_v13982912.e5fad77e.png-190x190.webp 190w, https:\/\/smago.de\/ws2\/wp-content\/uploads\/2026\/09\/Kastelruther-Spatzen_40-Jahre-Spatzenfest_Exklusives-2CD-Bundle-mit-handsignierter-Artcard_s524837_o8278298_a658518_v13982912.e5fad77e.png-290x290.webp 290w, https:\/\/smago.de\/ws2\/wp-content\/uploads\/2026\/09\/Kastelruther-Spatzen_40-Jahre-Spatzenfest_Exklusives-2CD-Bundle-mit-handsignierter-Artcard_s524837_o8278298_a658518_v13982912.e5fad77e.png.webp 2000w\" sizes=\"(max-width: 800px) 100vw, 800px\" \/><\/p>\n","protected":false},"excerpt":{"rendered":"<p>Das Doppelalbum wird es auch als exklusives 2CD Bundle mit handsignierter Artcard geben!<\/p>\n","protected":false},"author":2,"featured_media":266301,"comment_status":"open","ping_status":"closed","sticky":false,"template":"","format":"standard","meta":{"_FSMCFIC_featured_image_caption":"","_FSMCFIC_featured_image_nocaption":"","_FSMCFIC_featured_image_hide":""},"categories":[30],"tags":[303],"acf":[],"_links":{"self":[{"href":"https:\/\/smago.de\/ws2\/wp-json\/wp\/v2\/posts\/266300"}],"collection":[{"href":"https:\/\/smago.de\/ws2\/wp-json\/wp\/v2\/posts"}],"about":[{"href":"https:\/\/smago.de\/ws2\/wp-json\/wp\/v2\/types\/post"}],"author":[{"embeddable":true,"href":"https:\/\/smago.de\/ws2\/wp-json\/wp\/v2\/users\/2"}],"replies":[{"embeddable":true,"href":"https:\/\/smago.de\/ws2\/wp-json\/wp\/v2\/comments?post=266300"}],"version-history":[{"count":1,"href":"https:\/\/smago.de\/ws2\/wp-json\/wp\/v2\/posts\/266300\/revisions"}],"predecessor-version":[{"id":266303,"href":"https:\/\/smago.de\/ws2\/wp-json\/wp\/v2\/posts\/266300\/revisions\/266303"}],"wp:featuredmedia":[{"embeddable":true,"href":"https:\/\/smago.de\/ws2\/wp-json\/wp\/v2\/media\/266301"}],"wp:attachment":[{"href":"https:\/\/smago.de\/ws2\/wp-json\/wp\/v2\/media?parent=266300"}],"wp:term":[{"taxonomy":"category","embeddable":true,"href":"https:\/\/smago.de\/ws2\/wp-json\/wp\/v2\/categories?post=266300"},{"taxonomy":"post_tag","embeddable":true,"href":"https:\/\/smago.de\/ws2\/wp-json\/wp\/v2\/tags?post=266300"}],"curies":[{"name":"wp","href":"https:\/\/api.w.org\/{rel}","templated":true}]}}