{"id":266264,"date":"2026-09-05T00:00:47","date_gmt":"2026-09-04T22:00:47","guid":{"rendered":"https:\/\/smago.de\/ws2\/?p=266264"},"modified":"2026-09-04T11:15:46","modified_gmt":"2026-09-04T09:15:46","slug":"kavila-neuer-titel-noch-einmal-verrueckt-ab-11-09-2026-erhaeltlich","status":"publish","type":"post","link":"https:\/\/smago.de\/ws2\/pop-schlager\/kavila-neuer-titel-noch-einmal-verrueckt-ab-11-09-2026-erhaeltlich\/","title":{"rendered":"KAVILA <br>Neuer Titel &#8222;Noch einmal verr\u00fcckt&#8220; ab 11.09.2026 erh\u00e4ltlich!"},"content":{"rendered":"<p>Ein moderner, treibenden Pop-Schlager \u00fcber die Sehnsucht nach jener Leichtigkeit, die im Alltag manchmal verloren geht!<br \/>\n<!--more--><\/p>\n<p>&nbsp;<\/p>\n<p>&nbsp;<\/p>\n<p style=\"text-align: justify;\">Mit \u201eNoch einmal verr\u00fcckt\u201c ver\u00f6ffentlicht KAVILA einen modernen, treibenden Pop-Schlager \u00fcber die Sehnsucht nach jener Leichtigkeit, die im Alltag manchmal verloren geht. N\u00e4chte ohne genauen Plan, laute Musik, Tanzen im Regen und zwei Menschen gegen den Rest der Welt: Der Song blickt zur\u00fcck auf unbeschwerte Momente \u2013 und macht daraus die Einladung, sie einfach noch einmal zu erleben.<\/p>\n<p style=\"text-align: justify;\">Ein gro\u00dfer, sofort eing\u00e4ngiger Refrain trifft auf zeitgem\u00e4\u00dfe Pop-Produktion und eine Geschichte, in der sich viele wiederfinden k\u00f6nnen. KAVILA konnte sich bereits mit ihren letzten drei Singles jeweils \u00fcber mehrere Wochen in den Airplay Charts &#8222;Deutschland Konservativ Pop&#8220; platzieren und ihre Pr\u00e4senz im deutschsprachigen Radiomarkt kontinuierlich ausbauen.<\/p>\n<p style=\"text-align: justify;\">Die Ver\u00f6ffentlichung folgt auf einen besonderen TV-Moment: Am 29. August 2026 ist KAVILA bei einem \u00dcberraschungsauftritt in \u201eDie Giovanni Zarrella Show\u201c zu sehen gewesen.<\/p>\n<p style=\"text-align: justify;\">\u201eNoch einmal verr\u00fcckt\u201c steht f\u00fcr das Zur\u00fcckdrehen der Jahre, das Wiederentdecken der eigenen Leichtigkeit und den Mut, f\u00fcr einen Moment wieder gegen alle Regeln zu leben.<\/p>\n<p style=\"text-align: justify;\">Die Ver\u00f6ffentlichung erfolgt am 11.09.2026 via Fiesta Records (Andreas Rosmiarek).<\/p>\n","protected":false},"excerpt":{"rendered":"<p>Ein moderner, treibenden Pop-Schlager \u00fcber die Sehnsucht nach jener Leichtigkeit, die im Alltag manchmal verloren geht!<\/p>\n","protected":false},"author":2,"featured_media":266265,"comment_status":"open","ping_status":"closed","sticky":false,"template":"","format":"standard","meta":{"_FSMCFIC_featured_image_caption":"","_FSMCFIC_featured_image_nocaption":"","_FSMCFIC_featured_image_hide":""},"categories":[28,39],"tags":[4945],"acf":[],"_links":{"self":[{"href":"https:\/\/smago.de\/ws2\/wp-json\/wp\/v2\/posts\/266264"}],"collection":[{"href":"https:\/\/smago.de\/ws2\/wp-json\/wp\/v2\/posts"}],"about":[{"href":"https:\/\/smago.de\/ws2\/wp-json\/wp\/v2\/types\/post"}],"author":[{"embeddable":true,"href":"https:\/\/smago.de\/ws2\/wp-json\/wp\/v2\/users\/2"}],"replies":[{"embeddable":true,"href":"https:\/\/smago.de\/ws2\/wp-json\/wp\/v2\/comments?post=266264"}],"version-history":[{"count":4,"href":"https:\/\/smago.de\/ws2\/wp-json\/wp\/v2\/posts\/266264\/revisions"}],"predecessor-version":[{"id":266269,"href":"https:\/\/smago.de\/ws2\/wp-json\/wp\/v2\/posts\/266264\/revisions\/266269"}],"wp:featuredmedia":[{"embeddable":true,"href":"https:\/\/smago.de\/ws2\/wp-json\/wp\/v2\/media\/266265"}],"wp:attachment":[{"href":"https:\/\/smago.de\/ws2\/wp-json\/wp\/v2\/media?parent=266264"}],"wp:term":[{"taxonomy":"category","embeddable":true,"href":"https:\/\/smago.de\/ws2\/wp-json\/wp\/v2\/categories?post=266264"},{"taxonomy":"post_tag","embeddable":true,"href":"https:\/\/smago.de\/ws2\/wp-json\/wp\/v2\/tags?post=266264"}],"curies":[{"name":"wp","href":"https:\/\/api.w.org\/{rel}","templated":true}]}}