{"id":266235,"date":"2026-09-05T00:00:58","date_gmt":"2026-09-04T22:00:58","guid":{"rendered":"https:\/\/smago.de\/ws2\/?p=266235"},"modified":"2026-09-04T09:57:36","modified_gmt":"2026-09-04T07:57:36","slug":"chris-elbers-bella-fantastica-ein-titel-der-aus-der-reihe-faellt","status":"publish","type":"post","link":"https:\/\/smago.de\/ws2\/pop-schlager\/chris-elbers-bella-fantastica-ein-titel-der-aus-der-reihe-faellt\/","title":{"rendered":"CHRIS ELBERS <br>\u201eBella Fantastica\u201c \u2013 DER Sp\u00e4tsommer-Schlagerhit mit Italo-Feeling !"},"content":{"rendered":"<p style=\"text-align: justify;\">Musikalisch ist \u201eBella Fantastica\u201c eine Hommage an den gro\u00dfen Sound der 80er-Jahre! Erh\u00e4ltlich ab 11.09.2026!<br \/>\n<!--more--><\/p>\n<p style=\"text-align: justify;\">\n<p style=\"text-align: justify;\">\n<p style=\"text-align: justify;\">Mit \u201eBella Fantastica\u201c ver\u00f6ffentlicht CHRIS ELBERS eine Single, die aus der Reihe f\u00e4llt: kraftvoll, energiegeladen und mit einer Hook, die sich bereits beim ersten H\u00f6ren festsetzt.<\/p>\n<p style=\"text-align: justify;\">Der Song erz\u00e4hlt vom italienischen Lebensgef\u00fchl und der besonderen Magie zwischen einer Frau und einem Mann \u2013 von Sonne, Leidenschaft, Sehnsucht und diesem unverwechselbaren Gef\u00fchl von \u201eLa Dolce Vita\u201c.<\/p>\n<p style=\"text-align: justify;\">Musikalisch ist \u201eBella Fantastica\u201c eine Hommage an den gro\u00dfen Sound der 80er-Jahre, greift gezielt Elemente dieser \u00c4ra auf und verbindet sie mit einer modernen, druckvollen Produktion. Das Ergebnis ist kein nostalgischer R\u00fcckblick, sondern ein Song mit enormer Energie und einem Sound, der absolut im Hier und Jetzt steht.<\/p>\n<p style=\"text-align: justify;\">\u201eBella Fantastica\u201c d\u00fcrfte zu den st\u00e4rksten Ver\u00f6ffentlichungen in der bisherigen Karriere von Chris Elbers geh\u00f6ren \u2013 vielleicht sogar zu seiner st\u00e4rksten.<\/p>\n<p style=\"text-align: justify;\">Die Ver\u00f6ffentlichung erfolgt am 11.09.2026 via Fiesta Records (Andreas Rosmiarek).<\/p>\n<p>&nbsp;<\/p>\n<p>&nbsp;<\/p>\n<p>Bitte beachten Sie auch <a href=\"http:\/\/www.chris-elbers.de\">www.chris-elbers.de<\/a>!<\/p>\n","protected":false},"excerpt":{"rendered":"<p>Musikalisch ist \u201eBella Fantastica\u201c eine Hommage an den gro\u00dfen Sound der 80er-Jahre! Erh\u00e4ltlich ab 11.09.2026!<\/p>\n","protected":false},"author":2,"featured_media":266240,"comment_status":"open","ping_status":"closed","sticky":false,"template":"","format":"standard","meta":{"_FSMCFIC_featured_image_caption":"","_FSMCFIC_featured_image_nocaption":"","_FSMCFIC_featured_image_hide":""},"categories":[28],"tags":[482],"acf":[],"_links":{"self":[{"href":"https:\/\/smago.de\/ws2\/wp-json\/wp\/v2\/posts\/266235"}],"collection":[{"href":"https:\/\/smago.de\/ws2\/wp-json\/wp\/v2\/posts"}],"about":[{"href":"https:\/\/smago.de\/ws2\/wp-json\/wp\/v2\/types\/post"}],"author":[{"embeddable":true,"href":"https:\/\/smago.de\/ws2\/wp-json\/wp\/v2\/users\/2"}],"replies":[{"embeddable":true,"href":"https:\/\/smago.de\/ws2\/wp-json\/wp\/v2\/comments?post=266235"}],"version-history":[{"count":3,"href":"https:\/\/smago.de\/ws2\/wp-json\/wp\/v2\/posts\/266235\/revisions"}],"predecessor-version":[{"id":266241,"href":"https:\/\/smago.de\/ws2\/wp-json\/wp\/v2\/posts\/266235\/revisions\/266241"}],"wp:featuredmedia":[{"embeddable":true,"href":"https:\/\/smago.de\/ws2\/wp-json\/wp\/v2\/media\/266240"}],"wp:attachment":[{"href":"https:\/\/smago.de\/ws2\/wp-json\/wp\/v2\/media?parent=266235"}],"wp:term":[{"taxonomy":"category","embeddable":true,"href":"https:\/\/smago.de\/ws2\/wp-json\/wp\/v2\/categories?post=266235"},{"taxonomy":"post_tag","embeddable":true,"href":"https:\/\/smago.de\/ws2\/wp-json\/wp\/v2\/tags?post=266235"}],"curies":[{"name":"wp","href":"https:\/\/api.w.org\/{rel}","templated":true}]}}