{"id":266223,"date":"2026-09-04T09:36:23","date_gmt":"2026-09-04T07:36:23","guid":{"rendered":"https:\/\/smago.de\/ws2\/?p=266223"},"modified":"2026-09-04T09:36:58","modified_gmt":"2026-09-04T07:36:58","slug":"artcom-music-group-der-schlager-verdient-mehr-neues-musiklabel-artcom-music-group","status":"publish","type":"post","link":"https:\/\/smago.de\/ws2\/pop-schlager\/artcom-music-group-der-schlager-verdient-mehr-neues-musiklabel-artcom-music-group\/","title":{"rendered":"ARTCOM MUSIC GROUP <br>Der Schlager verdient mehr! Neues Musiklabel: Artcom Music Group!"},"content":{"rendered":"<p style=\"text-align: justify;\">Denn die Beliebtheit des Genres ist ungebrochen!<!--more--><\/p>\n<p>&nbsp;<\/p>\n<p>&nbsp;<\/p>\n<p>&nbsp;<\/p>\n<div class=\"elementToProof\" style=\"text-align: justify;\">\n<p>Die <b>ARTCOM MUSIC GROUP<\/b> ist das neue, ambitionierte Musiklabel mit dem Ziel, den Musikmarkt nachhaltig zu bewegen. Bereits zum Start steht ein erfahrenes Team mit h\u00f6chster Expertise in den Bereichen K\u00fcnstlerentwicklung, Musikproduktion, Vermarktung und Ver\u00f6ffentlichung bereit. Das neue Label ist ein Gesch\u00e4ftsbereich des gleichnamigen Verlagshauses.<\/p>\n<\/div>\n<div class=\"elementToProof\" style=\"text-align: justify;\">\n<p>Marko W\u00fcnsch gr\u00fcndet mit der ARTCOM MUSIC GROUP ein neues Label in seiner nunmehr 30-j\u00e4hrigen Karriere. <i>\u201eMeine feste \u00dcberzeugung ist, dass K\u00fcnstlerinnen und K\u00fcnstler genau jetzt die ARTCOM MUSIC GROUP brauchen. Die richtige Antwort auf k\u00fcnstliche Intelligenz und Finanzinvestoren in der Musik ist k\u00fcnstlerische Intelligenz mit Leidenschaft. Ich bin dankbar f\u00fcr dieses starke, eingespielte Team, um genau diese Ziele ab dem ersten Tag umzusetzen.\u201c<\/i><\/p>\n<p>Im A&amp;R setzt Felix Kahlbaum Ma\u00dfst\u00e4be mit seiner langj\u00e4hrigen Expertise, insbesondere im digitalen Markt. Unterst\u00fctzt wird er von Beate Wagner mit ihrer einmaligen Marktkenntnis und etabliertem Netzwerk sowie von Melanie Barke, die eng und langj\u00e4hrig an der Seite der Kreativen arbeitet.<\/p>\n<\/div>\n<div class=\"elementToProof\" style=\"text-align: justify;\">\n<p>Mit dem erfahrenen Senior A&amp;R und Produktmanager Florian Mollitor wird das Product- und Marketing-Team gesteuert. Unterst\u00fctzt von Neele Coneus im A&amp;R und Product Mangement. Die Videocontent-Produktion und -Vermarktung realisiert Kathleen Herrmann, die seit Jahrzehnten mit Produzenten bestens vernetzt ist.<\/p>\n<\/div>\n<div class=\"elementToProof\" style=\"text-align: justify;\">\n<p>Juristisch wird die ARTCOM MUSIC GROUP durch Ines Brilla vertreten, die ihr langj\u00e4hriges Know-how in f\u00fchrenden Plattenlabels erwarb. Die juristische Beratung erfolgt weiterhin durch Zimmermann &amp; Decker in Hamburg.<\/p>\n<\/div>\n<div class=\"elementToProof\" style=\"text-align: justify;\">\n<p>Dieses starke Set-Up aus jahrzehntelanger Erfahrung in Verlag, Label und Marketing, mit strategischem Weitblick und musikalischer Qualit\u00e4t bildet die Basis f\u00fcr eine klare \u00dcberzeugung: Schlager verdient mehr! Denn die Beliebtheit des Genres ist ungebrochen. Bislang fehlt ein Player, der sich dem Schlager in all seinen Facetten zu 100 Prozent verschreibt und sein Potenzial konsequent weiterentwickelt. Genau das ist der Anspruch der ARTCOM MUSIC GROUP.<\/p>\n<\/div>\n<div class=\"elementToProof\" style=\"text-align: justify;\">\n<p>Schlager ist weit mehr als Ballermann und der Markt deutlich gr\u00f6\u00dfer, als es die Zahl aktueller Ver\u00f6ffentlichungen vermuten l\u00e4sst. Wir sehen enormes Potenzial f\u00fcr K\u00fcnstlerinnen und K\u00fcnstler, die authentisch und mit einer klaren eigenen Identit\u00e4t arbeiten. Gerade in einer Zeit, in der echte Musik t\u00e4glich um Aufmerksamkeit gegen\u00fcber KI konkurriert, wird diese klare K\u00fcnstler-Identit\u00e4t zum entscheidenden Erfolgsfaktor.<\/p>\n<\/div>\n<div class=\"elementToProof\" style=\"text-align: justify;\">ARTCOM MUSIC GROUP ist als Musik-Powerhouse das neue kreative Zuhause f\u00fcr K\u00fcnstlerinnen und K\u00fcnstler, um ihr Profil zu sch\u00e4rfen, ihre Geschichte glaubw\u00fcrdig zu erz\u00e4hlen und eine nachhaltige, authentische Verbindung zu ihrem Publikum zu st\u00e4rken.<\/div>\n<div class=\"elementToProof\" style=\"text-align: justify;\">Mit einem erfolgreichen Netzwerk aus innovativen Marketingkonzepten und einem klaren Gesp\u00fcr f\u00fcr Trends wird ARTCOM MUSIC GROUP neue Impulse setzen, um die Branche wiederholt zu bewegen.<\/div>\n<div class=\"elementToProof\" style=\"text-align: justify;\">ARTCOM MUSIC GROUP startet direkt mit mehr als 30 bisher erfolgten Artist-Signings.<\/div>\n<div><\/div>\n<div><\/div>\n<div><\/div>\n<div>\n<figure id=\"attachment_266224\" aria-describedby=\"caption-attachment-266224\" style=\"width: 800px\" class=\"wp-caption alignnone\"><img decoding=\"async\" loading=\"lazy\" class=\"size-large wp-image-266224\" src=\"https:\/\/smago.de\/ws2\/wp-content\/uploads\/2026\/09\/Teamfoto_AMG-800x533.jpg\" alt=\"\" width=\"800\" height=\"533\" srcset=\"https:\/\/smago.de\/ws2\/wp-content\/uploads\/2026\/09\/Teamfoto_AMG-800x533.jpg 800w, https:\/\/smago.de\/ws2\/wp-content\/uploads\/2026\/09\/Teamfoto_AMG-522x348.jpg 522w, https:\/\/smago.de\/ws2\/wp-content\/uploads\/2026\/09\/Teamfoto_AMG-225x150.jpg 225w, https:\/\/smago.de\/ws2\/wp-content\/uploads\/2026\/09\/Teamfoto_AMG-768x512.jpg 768w, https:\/\/smago.de\/ws2\/wp-content\/uploads\/2026\/09\/Teamfoto_AMG-1536x1023.jpg 1536w, https:\/\/smago.de\/ws2\/wp-content\/uploads\/2026\/09\/Teamfoto_AMG-392x261.jpg 392w, https:\/\/smago.de\/ws2\/wp-content\/uploads\/2026\/09\/Teamfoto_AMG-130x87.jpg 130w, https:\/\/smago.de\/ws2\/wp-content\/uploads\/2026\/09\/Teamfoto_AMG-668x445.jpg 668w, https:\/\/smago.de\/ws2\/wp-content\/uploads\/2026\/09\/Teamfoto_AMG-784x522.jpg 784w, https:\/\/smago.de\/ws2\/wp-content\/uploads\/2026\/09\/Teamfoto_AMG-285x190.jpg 285w, https:\/\/smago.de\/ws2\/wp-content\/uploads\/2026\/09\/Teamfoto_AMG-435x290.jpg 435w, https:\/\/smago.de\/ws2\/wp-content\/uploads\/2026\/09\/Teamfoto_AMG-150x100.jpg 150w, https:\/\/smago.de\/ws2\/wp-content\/uploads\/2026\/09\/Teamfoto_AMG-370x247.jpg 370w, https:\/\/smago.de\/ws2\/wp-content\/uploads\/2026\/09\/Teamfoto_AMG.jpg 1920w\" sizes=\"(max-width: 800px) 100vw, 800px\" \/><figcaption id=\"caption-attachment-266224\" class=\"wp-caption-text\"><em>Das Foto (\u00a9 Felix Pinzke) zeigt v.l.n.r. Marko W\u00fcnsch (Managing Director), Kathleen Herrmann (Consulting Music, Head of Video Production &amp; TV Marketing), Florian Mollitor (Senior Manager Product\/A&amp;R), Felix Kahlbaum (Director A&amp;R), Beate Wagner (Consulting Music), Melanie Barke (Manager Publishing), Ines Brilla (Legal)<\/em><\/figcaption><\/figure>\n<\/div>\n<div><\/div>\n","protected":false},"excerpt":{"rendered":"<p>Denn die Beliebtheit des Genres ist ungebrochen!<\/p>\n","protected":false},"author":2,"featured_media":266224,"comment_status":"open","ping_status":"closed","sticky":false,"template":"","format":"standard","meta":{"_FSMCFIC_featured_image_caption":"","_FSMCFIC_featured_image_nocaption":"","_FSMCFIC_featured_image_hide":""},"categories":[28,29,39],"tags":[5390],"acf":[],"_links":{"self":[{"href":"https:\/\/smago.de\/ws2\/wp-json\/wp\/v2\/posts\/266223"}],"collection":[{"href":"https:\/\/smago.de\/ws2\/wp-json\/wp\/v2\/posts"}],"about":[{"href":"https:\/\/smago.de\/ws2\/wp-json\/wp\/v2\/types\/post"}],"author":[{"embeddable":true,"href":"https:\/\/smago.de\/ws2\/wp-json\/wp\/v2\/users\/2"}],"replies":[{"embeddable":true,"href":"https:\/\/smago.de\/ws2\/wp-json\/wp\/v2\/comments?post=266223"}],"version-history":[{"count":2,"href":"https:\/\/smago.de\/ws2\/wp-json\/wp\/v2\/posts\/266223\/revisions"}],"predecessor-version":[{"id":266226,"href":"https:\/\/smago.de\/ws2\/wp-json\/wp\/v2\/posts\/266223\/revisions\/266226"}],"wp:featuredmedia":[{"embeddable":true,"href":"https:\/\/smago.de\/ws2\/wp-json\/wp\/v2\/media\/266224"}],"wp:attachment":[{"href":"https:\/\/smago.de\/ws2\/wp-json\/wp\/v2\/media?parent=266223"}],"wp:term":[{"taxonomy":"category","embeddable":true,"href":"https:\/\/smago.de\/ws2\/wp-json\/wp\/v2\/categories?post=266223"},{"taxonomy":"post_tag","embeddable":true,"href":"https:\/\/smago.de\/ws2\/wp-json\/wp\/v2\/tags?post=266223"}],"curies":[{"name":"wp","href":"https:\/\/api.w.org\/{rel}","templated":true}]}}