{"id":266212,"date":"2026-09-05T00:00:47","date_gmt":"2026-09-04T22:00:47","guid":{"rendered":"https:\/\/smago.de\/ws2\/?p=266212"},"modified":"2026-09-04T07:55:47","modified_gmt":"2026-09-04T05:55:47","slug":"stefan-mross-immer-wieder-sonntags-was-plant-stefan-mross-fuer-seine-letzte-sendung-am-06-09-2026","status":"publish","type":"post","link":"https:\/\/smago.de\/ws2\/schlager\/stefan-mross-immer-wieder-sonntags-was-plant-stefan-mross-fuer-seine-letzte-sendung-am-06-09-2026\/","title":{"rendered":"STEFAN MROSS <br>&#8222;Immer wieder sonntags&#8220;: Was plant Stefan Mross f\u00fcr seine letzte Sendung am 06.09.2026?"},"content":{"rendered":"<p style=\"text-align: justify;\">Die Sendung &#8222;Immer wieder sonntags&#8220; ist dann Geschichte!<br \/>\n<!--more--><\/p>\n<p>&nbsp;<\/p>\n<p>&nbsp;<\/p>\n<p>&nbsp;<\/p>\n<p class=\"isSelectedEnd\" style=\"text-align: justify;\">Am 6. September wird es emotional: Seit 1995 geh\u00f6rt \u201eImmer wieder sonntags\u201c zum Sommerprogramm der ARD. Seit 2005 steht STEFAN MROSS als Gastgeber und Moderator im Mittelpunkt der beliebten Sonntagsendung. Nun geht seine \u00c4ra als \u201eImmer wieder sonntags\u201c-Moderator zu Ende: Zum letzten Mal wird er live aus dem Europa-Park Rust auf der B\u00fchne stehen \u2013 und offenbar h\u00e4lt diese letzte Sendung eine ganz besondere \u00dcberraschung bereit.<\/p>\n<p class=\"isSelectedEnd\" style=\"text-align: justify;\"><em>Am 6. September verabschiedet sich Stefan Mross live von \u201eImmer wieder sonntags\u201c \u2013 doch was in den letzten 30 Sekunden passiert, k\u00f6nnte f\u00fcr eine ganz besondere \u00dcberraschung sorgen.<\/em><\/p>\n<h2><\/h2>\n<h2><\/h2>\n<h2 style=\"text-align: justify;\">Nur seine Eva kennt das Geheimnis<\/h2>\n<p>&nbsp;<\/p>\n<p class=\"isSelectedEnd\" style=\"text-align: justify;\">Was genau in der letzten Live-Sendung passieren wird, wei\u00df offenbar nur eine Person ganz genau: Stefans Lebensgef\u00e4hrtin und Managerin Eva Luginger. Sie will ihrem Partner allerdings nichts verraten \u2013 im Gegenteil. Sie m\u00f6chte seinen ganz pers\u00f6nlichen \u00dcberraschungsmoment erleben.<\/p>\n<p class=\"isSelectedEnd\" style=\"text-align: justify;\">Gegen\u00fcber BUNTE sagt Eva Luginger: \u201eIch bin die Einzige, die wei\u00df, was in der letzten Sendung passieren wird. Und ich werde auch absolut dichthalten und Stefan nichts verraten, weil ich einfach sein Glitzern in den Augen sehen will. Was ich jetzt schon sagen kann: Die Sendung wird sehr, sehr sch\u00f6n werden, das kann ich versprechen.\u201c<\/p>\n<p class=\"isSelectedEnd\" style=\"text-align: justify;\">Mehr verr\u00e4t sie nicht.<\/p>\n<h2><\/h2>\n<h2><\/h2>\n<h2><\/h2>\n<h2 style=\"text-align: justify;\">Stefan Mross rechnet mit Tr\u00e4nen<\/h2>\n<p>&nbsp;<\/p>\n<p class=\"isSelectedEnd\" style=\"text-align: justify;\">Auch Stefan Mross wei\u00df, dass dieser Abschied f\u00fcr ihn etwas ganz Besonderes werden d\u00fcrfte. Schlie\u00dflich hat er \u201eImmer wieder sonntags\u201c seit 2005 gepr\u00e4gt. Nach mehr als zwei Jahrzehnten als Moderator f\u00e4llt der Abschied entsprechend schwer.<\/p>\n<p class=\"isSelectedEnd\" style=\"text-align: justify;\">\u201eIch denke jeden Tag \u00fcber die letzte Sendung nach. Jede Stunde, jede Minute\u201c, erz\u00e4hlt Mross BUNTE. Gleichzeitig geht er mit einem guten Gef\u00fchl in die letzte Live-Ausgabe: <em>\u201eIch gehe mit einem Super-Gef\u00fchl in die letzte Sendung. Wer mich kennt, wei\u00df: In Stresssituationen werde ich st\u00e4rker. Aber ich muss auch ehrlich gestehen, dass ich fast bef\u00fcrchte, dass es sehr emotional wird.\u201c<\/em><\/p>\n<p class=\"isSelectedEnd\" style=\"text-align: justify;\">Besonders spannend wird es offenbar ganz am Ende. Mross k\u00fcndigt an: \u201e<em>In den letzten 30 Sekunden kann ich f\u00fcr nichts garantieren. Da werden wahrscheinlich Tr\u00e4nen flie\u00dfen \u2013 bei Eva auf jeden Fall.\u201c<\/em><\/p>\n<h2><\/h2>\n<h2><\/h2>\n<h2><\/h2>\n<h2 style=\"text-align: justify;\">Ein Heiratsantrag f\u00fcr Eva?<\/h2>\n<p>&nbsp;<\/p>\n<p class=\"isSelectedEnd\" style=\"text-align: justify;\">Und da d\u00fcrfte sich so mancher Zuschauer fragen: Was hat Stefan Mross vor?<\/p>\n<p class=\"isSelectedEnd\" style=\"text-align: justify;\">K\u00f6nnte die gro\u00dfe \u00dcberraschung vielleicht sogar Eva Luginger gelten? Will Stefan seiner Lebensgef\u00e4hrtin wom\u00f6glich live im Fernsehen einen Heiratsantrag machen?<\/p>\n<p class=\"isSelectedEnd\" style=\"text-align: justify;\">Best\u00e4tigt ist das nat\u00fcrlich nicht. Doch die geheimnisvollen Aussagen lassen Raum f\u00fcr Spekulationen: Eva wei\u00df, was passieren wird, Stefan offenbar nicht. Sie will \u201esein Glitzern in den Augen\u201c sehen \u2013 und gleichzeitig rechnet Stefan selbst mit Tr\u00e4nen in den letzten Sekunden.<\/p>\n<p class=\"isSelectedEnd\" style=\"text-align: justify;\">Das klingt zumindest nach einem Moment, der weit \u00fcber einen gew\u00f6hnlichen TV-Abschied hinausgehen k\u00f6nnte.<\/p>\n<p class=\"isSelectedEnd\" style=\"text-align: justify;\">Vielleicht wartet tats\u00e4chlich eine romantische \u00dcberraschung auf Eva. Vielleicht steckt hinter dem Geheimnis aber auch etwas v\u00f6llig anderes. Sicher ist nur: Wenn am 6. September die letzten Sekunden von \u201eImmer wieder sonntags\u201c anbrechen, d\u00fcrfte es f\u00fcr Stefan Mross und seine Eva sehr emotional werden.<\/p>\n<h2 style=\"text-align: justify;\"><\/h2>\n<h2 style=\"text-align: justify;\"><\/h2>\n<h2 style=\"text-align: justify;\">Eine letzte Zugabe am 13. September<\/h2>\n<p>&nbsp;<\/p>\n<p class=\"isSelectedEnd\" style=\"text-align: justify;\">Ganz vorbei ist \u201eImmer wieder sonntags\u201c danach \u00fcbrigens noch nicht. Am 13. September zeigt Das Erste beziehungsweise die ARD noch eine \u201eBest Of 2026\u201c-Ausgabe mit zahlreichen H\u00f6hepunkten der Staffel.<\/p>\n<p class=\"isSelectedEnd\" style=\"text-align: justify;\">Mit dabei sind unter anderem Beatrice Egli, Nino de Angelo, die H\u00f6hner, Olaf der Flipper und Hansi Hinterseersowie viele weitere beliebte G\u00e4ste.<\/p>\n<p class=\"isSelectedEnd\" style=\"text-align: justify;\">Doch der 6. September geh\u00f6rt ganz Stefan Mross. Nach mehr als 30 Jahren \u201eImmer wieder sonntags\u201c und mehr als 20 Jahren mit ihm als Moderator hei\u00dft es Abschied nehmen.<\/p>\n<p style=\"text-align: justify;\">Und vielleicht erleben die Zuschauer dabei nicht nur das Ende einer TV-\u00c4ra \u2013 sondern auch einen ganz besonderen Moment zwischen Stefan Mross und Eva Luginger.<\/p>\n","protected":false},"excerpt":{"rendered":"<p>Die Sendung &#8222;Immer wieder sonntags&#8220; ist dann Geschichte!<\/p>\n","protected":false},"author":2,"featured_media":224597,"comment_status":"open","ping_status":"closed","sticky":false,"template":"","format":"standard","meta":{"_FSMCFIC_featured_image_caption":"","_FSMCFIC_featured_image_nocaption":"","_FSMCFIC_featured_image_hide":""},"categories":[29,39,128],"tags":[138,137],"acf":[],"_links":{"self":[{"href":"https:\/\/smago.de\/ws2\/wp-json\/wp\/v2\/posts\/266212"}],"collection":[{"href":"https:\/\/smago.de\/ws2\/wp-json\/wp\/v2\/posts"}],"about":[{"href":"https:\/\/smago.de\/ws2\/wp-json\/wp\/v2\/types\/post"}],"author":[{"embeddable":true,"href":"https:\/\/smago.de\/ws2\/wp-json\/wp\/v2\/users\/2"}],"replies":[{"embeddable":true,"href":"https:\/\/smago.de\/ws2\/wp-json\/wp\/v2\/comments?post=266212"}],"version-history":[{"count":3,"href":"https:\/\/smago.de\/ws2\/wp-json\/wp\/v2\/posts\/266212\/revisions"}],"predecessor-version":[{"id":266215,"href":"https:\/\/smago.de\/ws2\/wp-json\/wp\/v2\/posts\/266212\/revisions\/266215"}],"wp:featuredmedia":[{"embeddable":true,"href":"https:\/\/smago.de\/ws2\/wp-json\/wp\/v2\/media\/224597"}],"wp:attachment":[{"href":"https:\/\/smago.de\/ws2\/wp-json\/wp\/v2\/media?parent=266212"}],"wp:term":[{"taxonomy":"category","embeddable":true,"href":"https:\/\/smago.de\/ws2\/wp-json\/wp\/v2\/categories?post=266212"},{"taxonomy":"post_tag","embeddable":true,"href":"https:\/\/smago.de\/ws2\/wp-json\/wp\/v2\/tags?post=266212"}],"curies":[{"name":"wp","href":"https:\/\/api.w.org\/{rel}","templated":true}]}}