{"id":266210,"date":"2026-09-05T00:00:24","date_gmt":"2026-09-04T22:00:24","guid":{"rendered":"https:\/\/smago.de\/ws2\/?p=266210"},"modified":"2026-09-04T07:43:00","modified_gmt":"2026-09-04T05:43:00","slug":"andy-borg-stefanie-hertel-u-a-so-06-09-2026-das-erste-ard-immer-wieder-sonntags-13-13-2006-letzte-sendung","status":"publish","type":"post","link":"https:\/\/smago.de\/ws2\/schlager\/andy-borg-stefanie-hertel-u-a-so-06-09-2026-das-erste-ard-immer-wieder-sonntags-13-13-2006-letzte-sendung\/","title":{"rendered":"ANDY BORG, STEFANIE HERTEL u.a. <br>So., 06.09.2026, Das Erste \/ ARD: &#8222;Immer wieder sonntags&#8220; (13-13 \/ 2006)! Letzte Sendung!"},"content":{"rendered":"<p>10:03 Uhr &#8211; 12:00 Uhr! N\u00e4chsten Sonntag (13.09.) folgt dann noch eine &#8222;Best Of&#8220; Ausgabe!<br \/>\n<!--more--><\/p>\n<p>&nbsp;<\/p>\n<p style=\"text-align: justify;\">\nDie BUNTE hat mit Eva Luginger und Stefan Mross ein gro\u00dfes Interview zur letzten regul\u00e4ren Live-Show der Sendung &#8222;Immer wieder sonntags&#8220; am 06.09.2026 gef\u00fchrt. Darin sagt Eva Luginger unter anderem:\u00a0<em>\u201eIch bin die Einzige, die wei\u00df, was in der letzten Sendung passieren wird. Und ich werde auch absolut dichthalten und Stefan nichts verraten, weil ich einfach sein Glitzern in den Augen sehen will.&#8220;<\/p>\n<p><\/em>Als G\u00e4ste sind bislang offiziell nur Andy Borg und Stefanie Hertel best\u00e4tigt. Offensichtlich ist eine gro\u00dfe \u00dcberraschungsshow f\u00fcr Stefan Mross geplant.<em><\/p>\n<p>&#8222;Was ich jetzt schon sagen kann: Die Sendung wird sehr, sehr sch\u00f6n werden, das kann ich versprechen&#8220;, <\/em>so Eva Luginger weiter.<\/p>\n<p>Wir sind gespannt &#8230;<\/p>\n","protected":false},"excerpt":{"rendered":"<p>10:03 Uhr &#8211; 12:00 Uhr! N\u00e4chsten Sonntag (13.09.) folgt dann noch eine &#8222;Best Of&#8220; Ausgabe!<\/p>\n","protected":false},"author":2,"featured_media":261284,"comment_status":"open","ping_status":"closed","sticky":false,"template":"","format":"standard","meta":{"_FSMCFIC_featured_image_caption":"","_FSMCFIC_featured_image_nocaption":"","_FSMCFIC_featured_image_hide":""},"categories":[29,39,128],"tags":[138,137],"acf":[],"_links":{"self":[{"href":"https:\/\/smago.de\/ws2\/wp-json\/wp\/v2\/posts\/266210"}],"collection":[{"href":"https:\/\/smago.de\/ws2\/wp-json\/wp\/v2\/posts"}],"about":[{"href":"https:\/\/smago.de\/ws2\/wp-json\/wp\/v2\/types\/post"}],"author":[{"embeddable":true,"href":"https:\/\/smago.de\/ws2\/wp-json\/wp\/v2\/users\/2"}],"replies":[{"embeddable":true,"href":"https:\/\/smago.de\/ws2\/wp-json\/wp\/v2\/comments?post=266210"}],"version-history":[{"count":1,"href":"https:\/\/smago.de\/ws2\/wp-json\/wp\/v2\/posts\/266210\/revisions"}],"predecessor-version":[{"id":266211,"href":"https:\/\/smago.de\/ws2\/wp-json\/wp\/v2\/posts\/266210\/revisions\/266211"}],"wp:featuredmedia":[{"embeddable":true,"href":"https:\/\/smago.de\/ws2\/wp-json\/wp\/v2\/media\/261284"}],"wp:attachment":[{"href":"https:\/\/smago.de\/ws2\/wp-json\/wp\/v2\/media?parent=266210"}],"wp:term":[{"taxonomy":"category","embeddable":true,"href":"https:\/\/smago.de\/ws2\/wp-json\/wp\/v2\/categories?post=266210"},{"taxonomy":"post_tag","embeddable":true,"href":"https:\/\/smago.de\/ws2\/wp-json\/wp\/v2\/tags?post=266210"}],"curies":[{"name":"wp","href":"https:\/\/api.w.org\/{rel}","templated":true}]}}