{"id":266185,"date":"2026-09-04T00:00:19","date_gmt":"2026-09-03T22:00:19","guid":{"rendered":"https:\/\/smago.de\/ws2\/?p=266185"},"modified":"2026-09-03T21:08:07","modified_gmt":"2026-09-03T19:08:07","slug":"markus-becker-am-21-10-2026-erscheint-seine-autobiografie-komm-wir-reiten-in-den-tod","status":"publish","type":"post","link":"https:\/\/smago.de\/ws2\/uncategorized\/markus-becker-am-21-10-2026-erscheint-seine-autobiografie-komm-wir-reiten-in-den-tod\/","title":{"rendered":"MARKUS BECKER <br>Am 21.10.2026 erscheint seine Autobiografie &#8222;Komm wir reiten in den Tod&#8220;!"},"content":{"rendered":"<p id=\"title\" class=\"a-size-large a-spacing-none\"><span id=\"productTitle\" class=\"a-size-large product-title-word-break\">&#8222;Von der Nahtoderfahrung zum roten Pferd. Eine autobiografische Reise zwischen Ballermann, Spiritualit\u00e4t und Sinnsuche&#8220;, so der Untertitel!<\/span><\/p>\n<p class=\"a-size-large a-spacing-none\"><!--more--><\/p>\n<p>&nbsp;<\/p>\n<p>MARKUS BECKER geh\u00f6rt seit vielen Jahren zu den bekanntesten Gesichtern der deutschen Party- und Schlagerszene. Seine Songs, seine B\u00fchnenauftritte und seine unverwechselbare Art haben ihm ein gro\u00dfes Publikum weit \u00fcber die klassische Schlagerszene hinaus eingebracht.<\/p>\n<p>Jetzt zieht Markus Becker pers\u00f6nlich Bilanz. In seiner Autobiografie, die am 21.10. erscheint, erz\u00e4hlt er von seinem Weg in die Musik, von Erfolgen und besonderen Momenten, aber auch von den schwierigen Seiten eines Lebens in der \u00d6ffentlichkeit. Dabei geht es um Erfahrungen, die ihn pers\u00f6nlich stark ver\u00e4ndert haben \u2013 darunter auch Nahtoderfahrungen, \u00fcber die er erstmals ausf\u00fchrlich spricht.<\/p>\n<p>Das Buch zeigt Markus Becker als K\u00fcnstler und als Mensch und bietet einen sehr pers\u00f6nlichen Blick hinter die Kulissen seiner Karriere.<\/p>\n<p>&nbsp;<\/p>\n<p>&nbsp;<\/p>\n<p>***<\/p>\n<p>&nbsp;<\/p>\n<p>&nbsp;<\/p>\n<p style=\"text-align: justify;\">\n<p style=\"text-align: justify;\"><em>Gestatten \u2026 Markus Becker. Roter Hut, \u201eDas rote Pferd\u201c und Ballermann. Spa\u00df, Party und gute Laune. Daf\u00fcr stehe ich in der breiten \u00d6ffentlichkeit \u2026 und es ist auch ein wichtiger Teil von mir, aber eben nur ein Teil. Der Weg war hart und steinig, bis sich unter anderem durch Mithilfe von Mickie Krause und J\u00fcrgen Drews der Erfolg mit mehrw\u00f6chigem Top Ten Chartsaufenthalt nachhaltig einstellte. <\/em><\/p>\n<p style=\"text-align: justify;\"><em>Die Richtung nahm dar\u00fcber hinaus einen sehr kurvenreichen Verlauf und endete zum Teil in lehrreichen Sackgassen. Dazu geh\u00f6rten auch ein verheerender Autounfall und eine schmerzhafte Trennung. Ich trat mit Genres und Themengebieten in Kontakt, die wahrscheinlich kaum jemand von mir erwartet h\u00e4tte. So hatte ich tats\u00e4chlich etwas mit Hardrock zu tun, war der T\u00fcr\u00f6ffner f\u00fcr die ausgelassene Feierkultur am Goldstrand oder r\u00fcckte in eine Situation, die an Loriots Film \u201ePapa ante portas\u201c erinnerte. <\/em><\/p>\n<p style=\"text-align: justify;\"><em>Am meisten d\u00fcrfte jedoch meine Leidenschaft verwundern, mich mit dem Thema der Nahtoderfahrung auseinanderzusetzen und vielen Bereichen, die damit zusammenh\u00e4ngen stehen. Es ist mir nicht zuletzt aus eigener Erfahrung ein Anliegen, mir diesen Bereich zu erschlie\u00dfen und ihm dar\u00fcber hinaus eine gr\u00f6\u00dfere Aufmerksamkeit zu verschaffen. <\/em><\/p>\n<p style=\"text-align: justify;\"><em>Nahtoderfahrungen und die daraus folgenden Schlussfolgerungen verdienen die Chance, zumindest wahrgenommen zu werden, und sind kein Wohlstandshumbug, auch wenn viele sie als solche abtun m\u00f6gen.<\/em><\/p>\n<p>&nbsp;<\/p>\n<p>&nbsp;<\/p>\n<p>&nbsp;<\/p>\n<p>Der Ballermann-Star Markus Becker offenbart seine spirituelle Seite: authentisch, \u00fcberraschend, tiefgr\u00fcndig.<\/p>\n<p>Seine Autobiografie ist eine einzigartige Kombination aus Showbiz-Einblicken und spiritueller Sinnsuche jenseits materieller Werte.<\/p>\n","protected":false},"excerpt":{"rendered":"<p>&#8222;Von der Nahtoderfahrung zum roten Pferd. Eine autobiografische Reise zwischen Ballermann, Spiritualit\u00e4t und Sinnsuche&#8220;, so der Untertitel!<\/p>\n","protected":false},"author":2,"featured_media":266187,"comment_status":"open","ping_status":"closed","sticky":false,"template":"","format":"standard","meta":{"_FSMCFIC_featured_image_caption":"","_FSMCFIC_featured_image_nocaption":"","_FSMCFIC_featured_image_hide":""},"categories":[1],"tags":[696],"acf":[],"_links":{"self":[{"href":"https:\/\/smago.de\/ws2\/wp-json\/wp\/v2\/posts\/266185"}],"collection":[{"href":"https:\/\/smago.de\/ws2\/wp-json\/wp\/v2\/posts"}],"about":[{"href":"https:\/\/smago.de\/ws2\/wp-json\/wp\/v2\/types\/post"}],"author":[{"embeddable":true,"href":"https:\/\/smago.de\/ws2\/wp-json\/wp\/v2\/users\/2"}],"replies":[{"embeddable":true,"href":"https:\/\/smago.de\/ws2\/wp-json\/wp\/v2\/comments?post=266185"}],"version-history":[{"count":1,"href":"https:\/\/smago.de\/ws2\/wp-json\/wp\/v2\/posts\/266185\/revisions"}],"predecessor-version":[{"id":266188,"href":"https:\/\/smago.de\/ws2\/wp-json\/wp\/v2\/posts\/266185\/revisions\/266188"}],"wp:featuredmedia":[{"embeddable":true,"href":"https:\/\/smago.de\/ws2\/wp-json\/wp\/v2\/media\/266187"}],"wp:attachment":[{"href":"https:\/\/smago.de\/ws2\/wp-json\/wp\/v2\/media?parent=266185"}],"wp:term":[{"taxonomy":"category","embeddable":true,"href":"https:\/\/smago.de\/ws2\/wp-json\/wp\/v2\/categories?post=266185"},{"taxonomy":"post_tag","embeddable":true,"href":"https:\/\/smago.de\/ws2\/wp-json\/wp\/v2\/tags?post=266185"}],"curies":[{"name":"wp","href":"https:\/\/api.w.org\/{rel}","templated":true}]}}