{"id":266168,"date":"2026-09-03T23:59:20","date_gmt":"2026-09-03T21:59:20","guid":{"rendered":"https:\/\/smago.de\/ws2\/?p=266168"},"modified":"2026-09-03T20:40:33","modified_gmt":"2026-09-03T18:40:33","slug":"johanna-giese-ab-in-den-urlaub-mit-johanna-giese","status":"publish","type":"post","link":"https:\/\/smago.de\/ws2\/pop-schlager\/johanna-giese-ab-in-den-urlaub-mit-johanna-giese\/","title":{"rendered":"JOHANNA GIESE <br>&#8222;Ab in den Urlaub&#8220; \u2013 mit Johanna Giese!"},"content":{"rendered":"<p style=\"text-align: justify;\">Sehen Sie HIER das offizielle Musikvideo der &#8222;Stimme der Azubis&#8220;&#8230;:<!--more--><\/p>\n<p>&nbsp;<\/p>\n<p>&nbsp;<\/p>\n<p>&nbsp;<\/p>\n<p style=\"text-align: justify;\"><strong>Knallbunt, jung und frech \u2013 jetzt geht\u2019s ab in den Urlaub!<\/strong><\/p>\n<p>&nbsp;<\/p>\n<p>Nach ihrem Deb\u00fct \u201eDie Lichter der Stadt\u201c meldet sich die Berlinerin Johanna Giese mit ihrer neuen Single \u201eAb in den Urlaub\u201c zur\u00fcck. Jung, frech und voller Lebensfreude liefert sie einen sommerlichen Schlager, der sofort Lust auf Sonne, Meer und die sch\u00f6nste Zeit des Jahres macht.<\/p>\n<p>Dabei bleibt Johanna ihrem Thema treu: den jungen Menschen und vor allem den Azubis eine musikalische Stimme zu geben. Das Lehrjahr ist geschafft, das erste Zeugnis in der Hand \u2013 und nach all der Arbeit hei\u00dft es endlich: Ab in den Urlaub, wir haben es uns verdient!<\/p>\n<p>&nbsp;<\/p>\n<p>&nbsp;<\/p>\n<p>&nbsp;<\/p>\n<p style=\"text-align: justify;\"><strong>S<\/strong><strong>ommer, Sonne und endlich frei<\/strong><\/p>\n<p>&nbsp;<\/p>\n<p style=\"text-align: justify;\">\u201eAb in den Urlaub\u201c f\u00e4ngt genau dieses Gef\u00fchl ein, wenn der letzte Arbeitstag vorbei ist und pl\u00f6tzlich die Freiheit ruft. Sorgen vergessen, Koffer packen, raus aus dem Alltag und rein ins Urlaubsvergn\u00fcgen.<\/p>\n<p>Mit einem eing\u00e4ngigen Refrain, frischem Schlager-Sound und jeder Menge positiver Energie feiert Johanna nicht nur den Sommer, sondern auch das gute Gef\u00fchl, etwas geschafft zu haben. Urlaub bedeutet schlie\u00dflich nicht nur Erholung \u2013 sondern auch neue Kraft f\u00fcr alles, was danach kommt.<\/p>\n<p>&nbsp;<\/p>\n<p>&nbsp;<\/p>\n<p>&nbsp;<\/p>\n<p>&nbsp;<\/p>\n<p style=\"text-align: justify;\"><strong>Johanna bleibt die Stimme der Azubis<\/strong><\/p>\n<p>&nbsp;<\/p>\n<p>Schon mit ihrer Deb\u00fct-Single \u201eDie Lichter der Stadt\u201c r\u00fcckte Johanna die Lebenswelt junger Menschen in Ausbildung in den Mittelpunkt. W\u00e4hrend es dort um Mut, Zusammenhalt und Sichtbarkeit ging, zeigt \u201eAb in den Urlaub\u201c nun die unbeschwerte Seite des Azubi-Lebens.<\/p>\n<p>\u201eSommer, Sonne, Sonnenschein \u2013 ein Azubi muss man sein!\u201c lautet die augenzwinkernde Botschaft. Ein Titel f\u00fcr alle, die gearbeitet, gelernt und durchgehalten haben \u2013 und jetzt einfach einmal abschalten wollen.<\/p>\n<p style=\"text-align: justify;\">F\u00fcr den frischen Schlager-Sound arbeitet Johanna erneut mit dem Team von Lumina Records (Jenny van Bree und Wolfgang Nadrag) zusammen, die f\u00fcr sie auch den Song geschrieben haben. Damit setzt die Berlinerin ihren musikalischen Weg konsequent fort: moderner Schlager, gute Laune und Themen mitten aus dem jungen Leben.<\/p>\n<p>&nbsp;<\/p>\n<p>&nbsp;<\/p>\n<p>&nbsp;<\/p>\n<p>&nbsp;<\/p>\n<p><strong>\u201eAb in den Urlaub\u201c \u2013 der sommerliche Gute-Laune-Schlager von Johanna Giese<\/strong><\/p>\n<p>&nbsp;<\/p>\n<p><strong>Label:<\/strong> Lumina Records<br \/>\n<strong><br \/>\nSongwriter:<\/strong> Jenny van Bree, Wolfgang Nadrag<br \/>\n<strong><br \/>\nFoto \/ Pressetext:<\/strong> Lumina Music &amp; Video Production<br \/>\n<strong><br \/>\nMusikvideo:<\/strong> Lumina Music &amp; Video Production<\/p>\n<p>&nbsp;<\/p>\n<p>&nbsp;<\/p>\n<p><iframe loading=\"lazy\" src=\"\/\/www.youtube.com\/embed\/lIxEpIscq_4\" width=\"800\" height=\"449\" allowfullscreen=\"allowfullscreen\"><\/iframe><\/p>\n","protected":false},"excerpt":{"rendered":"<p>Sehen Sie HIER das offizielle Musikvideo der &#8222;Stimme der Azubis&#8220;&#8230;:<\/p>\n","protected":false},"author":2,"featured_media":266169,"comment_status":"open","ping_status":"closed","sticky":false,"template":"","format":"standard","meta":{"_FSMCFIC_featured_image_caption":"","_FSMCFIC_featured_image_nocaption":"","_FSMCFIC_featured_image_hide":""},"categories":[28],"tags":[5083],"acf":[],"_links":{"self":[{"href":"https:\/\/smago.de\/ws2\/wp-json\/wp\/v2\/posts\/266168"}],"collection":[{"href":"https:\/\/smago.de\/ws2\/wp-json\/wp\/v2\/posts"}],"about":[{"href":"https:\/\/smago.de\/ws2\/wp-json\/wp\/v2\/types\/post"}],"author":[{"embeddable":true,"href":"https:\/\/smago.de\/ws2\/wp-json\/wp\/v2\/users\/2"}],"replies":[{"embeddable":true,"href":"https:\/\/smago.de\/ws2\/wp-json\/wp\/v2\/comments?post=266168"}],"version-history":[{"count":2,"href":"https:\/\/smago.de\/ws2\/wp-json\/wp\/v2\/posts\/266168\/revisions"}],"predecessor-version":[{"id":266171,"href":"https:\/\/smago.de\/ws2\/wp-json\/wp\/v2\/posts\/266168\/revisions\/266171"}],"wp:featuredmedia":[{"embeddable":true,"href":"https:\/\/smago.de\/ws2\/wp-json\/wp\/v2\/media\/266169"}],"wp:attachment":[{"href":"https:\/\/smago.de\/ws2\/wp-json\/wp\/v2\/media?parent=266168"}],"wp:term":[{"taxonomy":"category","embeddable":true,"href":"https:\/\/smago.de\/ws2\/wp-json\/wp\/v2\/categories?post=266168"},{"taxonomy":"post_tag","embeddable":true,"href":"https:\/\/smago.de\/ws2\/wp-json\/wp\/v2\/tags?post=266168"}],"curies":[{"name":"wp","href":"https:\/\/api.w.org\/{rel}","templated":true}]}}