{"id":266151,"date":"2026-09-03T16:06:28","date_gmt":"2026-09-03T14:06:28","guid":{"rendered":"https:\/\/smago.de\/ws2\/?p=266151"},"modified":"2026-09-03T16:07:32","modified_gmt":"2026-09-03T14:07:32","slug":"deutscher-radiopreis-premiere-beim-deutschen-radiopreis-2026-die-radioshow-zur-grossen-gala","status":"publish","type":"post","link":"https:\/\/smago.de\/ws2\/smago-informiert\/deutscher-radiopreis-premiere-beim-deutschen-radiopreis-2026-die-radioshow-zur-grossen-gala\/","title":{"rendered":"&#8222;DEUTSCHER RADIOPREIS&#8220; <br>Premiere beim Deutschen Radiopreis 2026: Die Radioshow zur gro\u00dfen Gala!"},"content":{"rendered":"<p style=\"text-align: justify;\">Die gro\u00dfe deutschlandweite Radioshow\u201c l\u00e4uft auf 34 Programmen! 21 Programme \u00fcbertragen die Verleihung des Deutschen Radiopreises sogar live!<!--more--><\/p>\n<p>&nbsp;<\/p>\n<p>&nbsp;<\/p>\n<p>&nbsp;<\/p>\n<p style=\"text-align: justify;\">Mehr als 50 Radiosender quer durch Deutschland und bis nach Mallorca \u00fcbertragen in diesem Jahr die Gala zum Deutschen Radiopreis. Zum ersten Mal in der Geschichte der Auszeichnung bieten \u00f6ffentlich-rechtliche und private Sender zusammen eine eigens produzierte H\u00f6rfunksendung zur Verleihung am 10. September 2026 an.<\/p>\n<p style=\"text-align: justify;\">\u201eDer Deutsche Radiopreis 2026 &#8211; Die gro\u00dfe deutschlandweite Radioshow\u201c feiert nicht nur die aktuellen Preistr\u00e4ger und Musik-Acts auf der B\u00fchne. Die Liebe zum Radio \u2013 mit all seinen Besonderheiten und St\u00e4rken \u2013 ist der rote Faden des Abends.<\/p>\n<p style=\"text-align: justify;\">Auf \u00fcber 30 Sendern werden die st\u00e4rksten Momente der Verleihung im Musical Theater an der Elbe zu h\u00f6ren sein. Dazu gibt es Interviews mit prominenten Radio-Fans und Eindr\u00fccke von der Aftershow-Party. Moderiert wird \u201eDer deutsche Radiopreis 2026 \u2013 die gro\u00dfe deutschlandweite Radioshow\u201c von Karolin Fanknowski (RADIO PSR) und Jens Hardeland (NDR 2).<\/p>\n<p style=\"text-align: justify;\">Die Gala mit Auftritten von Peter Maffay und Johannes Oerding, Tiffany Aris, Rea Garvey, Zah1de, Fast Boy und Ben\u00e9t Monteiro aus \u201eMJ \u2013 Das Michael Jackson Musical\u201c wird au\u00dferdem, wie gewohnt, in ganzer L\u00e4nge live von mehr als 20 weiteren Radiosendern \u00fcbertragen. Thorsten Schorn kommentiert die Show aus einem Radiostudio vor Ort. Zudem wird der Deutsche Radiopreis als Video-Stream angeboten und zeitversetzt in mehreren Fernsehprogrammen ausgestrahlt.<\/p>\n<p>&nbsp;<\/p>\n<p>&nbsp;<\/p>\n<p>&nbsp;<\/p>\n<p style=\"text-align: justify;\"><strong>\u201eDer Deutsche Radiopreis 2026 &#8211; Die gro\u00dfe deutschlandweite Radioshow\u201c l\u00e4uft auf 34 Programmen:<\/strong><\/p>\n<p>&nbsp;<\/p>\n<p style=\"text-align: justify;\">Antenne Niedersachsen, Antenne Sylt, <a href=\"http:\/\/baden.fm\/\">baden.fm<\/a>, BB RADIO, Berliner Rundfunk 91.4, Bremen Vier, Das Inselradio Mallorca, die neue welle, ENERGY Bremen, ENERGY Sachsen, Hitradio antenne 1, HIT RADIO FFH, HITRADIO OHR, hr3, 105\u20185 Spreeradio, 104.6 RTL, MDR JUMP, Mira.FM, NDR 2, 89.0 RTL, Radio Andernach, Radio Brocken, RADIO 21, radio ffn, Radio Potsdam, RADIO PSR, Radio Sunray-FM, rbb 88.8, Rockland Radio, RPR1., RTL Radio, SR 1, SWR3 und WDR 2.<\/p>\n<p>&nbsp;<\/p>\n<p>&nbsp;<\/p>\n<p>&nbsp;<\/p>\n<p style=\"text-align: justify;\"><strong>21 Programme \u00fcbertragen die Verleihung des Deutschen Radiopreises live:<\/strong><\/p>\n<p>&nbsp;<\/p>\n<p style=\"text-align: justify;\">ANTENNE BAYERN, Antenne Saar, Antenne Schlager, LandesWelle Th\u00fcringen, Mira.FM, NDR Info Spezial, 89.0 RTL, 089Kult, Radio Brocken, Radio-DD63, RADIO fresh80s, Radio Gong 96.3, Radio Mainwelle Bayreuth, radio SAW, Radio Sunray-FM, R.SA, R.SH, <a href=\"http:\/\/tmr-radio.de\/\">TMR-Radio.de<\/a>, TOGGO Radio, Schwarzwaldradio und WDR 5.<\/p>\n<p style=\"text-align: justify;\">Als <strong>Livestream<\/strong> wird die Gala auf RTL+ und auf <a href=\"http:\/\/www.deutscher-radiopreis.de\/\">www.deutscher-radiopreis.de<\/a> am 10. September ab 20.05 Uhr ausgestrahlt.<\/p>\n<p style=\"text-align: justify;\"><strong>Im Fernsehen<\/strong> l\u00e4uft die Verleihung in voller L\u00e4nge in der Veranstaltungsnacht vom 10. auf den 11. September im NDR (ab 22.05 Uhr), HR (ab 22.05 Uhr), MDR (ab 22.40 Uhr), WDR (ab 23.45 Uhr) und BR (00.15 Uhr), SWR (ab 01.40 Uhr).<\/p>\n<p style=\"text-align: justify;\">Am 11. September zeigen NDR und WDR ab 00.00 Uhr sowie der rbb ab 02.05 Uhr die H\u00f6hepunkte des diesj\u00e4hrigen Deutschen Radiopreises.<\/p>\n<p>&nbsp;<\/p>\n<p>&nbsp;<\/p>\n<p>&nbsp;<\/p>\n<p style=\"text-align: justify;\"><strong>\u00dcber den Deutschen Radiopreis<\/strong><\/p>\n<p>&nbsp;<\/p>\n<p style=\"text-align: justify;\">Seit 2010 werden mit dem Deutschen Radiopreis die besten Radiomacher Deutschlands geehrt. Stifter des Deutschen Radiopreises sind die H\u00f6rfunkprogramme der ARD, Deutschlandradio und die privaten Radiosender in Deutschland. Gesellschafter sind die Radiozentrale \u2013 eine gemeinsame Plattform privater und \u00f6ffentlich-rechtlicher Sender zur St\u00e4rkung des H\u00f6rfunks \u2013 und die NDR Media, die Vermarktungsgesellschaft des NDR. Zu den Kooperationspartnern z\u00e4hlen das Grimme-Institut, die Freie und Hansestadt Hamburg sowie die Radio-Vermarkter ARD MEDIA und RMS. Die Federf\u00fchrung liegt beim Norddeutschen Rundfunk (NDR).<\/p>\n<p style=\"text-align: justify;\">Auf dem Instagram Account @deutscherradiopreis_offiziell gibt es Einblicke rund um die Veranstaltung, ab 18.30 Uhr auch live vom Roten Teppich mit Moderator Martin Tietjen. Fotos und weitere Informationen finden sich auf der Website: <a href=\"http:\/\/www.deutscher-radiopreis.de\/\">www.deutscher-radiopreis.de<\/a>!<\/p>\n","protected":false},"excerpt":{"rendered":"<p>Die gro\u00dfe deutschlandweite Radioshow\u201c l\u00e4uft auf 34 Programmen! 21 Programme \u00fcbertragen die Verleihung des Deutschen Radiopreises sogar live!<\/p>\n","protected":false},"author":2,"featured_media":264375,"comment_status":"open","ping_status":"closed","sticky":false,"template":"","format":"standard","meta":{"_FSMCFIC_featured_image_caption":"","_FSMCFIC_featured_image_nocaption":"","_FSMCFIC_featured_image_hide":""},"categories":[33],"tags":[278],"acf":[],"_links":{"self":[{"href":"https:\/\/smago.de\/ws2\/wp-json\/wp\/v2\/posts\/266151"}],"collection":[{"href":"https:\/\/smago.de\/ws2\/wp-json\/wp\/v2\/posts"}],"about":[{"href":"https:\/\/smago.de\/ws2\/wp-json\/wp\/v2\/types\/post"}],"author":[{"embeddable":true,"href":"https:\/\/smago.de\/ws2\/wp-json\/wp\/v2\/users\/2"}],"replies":[{"embeddable":true,"href":"https:\/\/smago.de\/ws2\/wp-json\/wp\/v2\/comments?post=266151"}],"version-history":[{"count":2,"href":"https:\/\/smago.de\/ws2\/wp-json\/wp\/v2\/posts\/266151\/revisions"}],"predecessor-version":[{"id":266153,"href":"https:\/\/smago.de\/ws2\/wp-json\/wp\/v2\/posts\/266151\/revisions\/266153"}],"wp:featuredmedia":[{"embeddable":true,"href":"https:\/\/smago.de\/ws2\/wp-json\/wp\/v2\/media\/264375"}],"wp:attachment":[{"href":"https:\/\/smago.de\/ws2\/wp-json\/wp\/v2\/media?parent=266151"}],"wp:term":[{"taxonomy":"category","embeddable":true,"href":"https:\/\/smago.de\/ws2\/wp-json\/wp\/v2\/categories?post=266151"},{"taxonomy":"post_tag","embeddable":true,"href":"https:\/\/smago.de\/ws2\/wp-json\/wp\/v2\/tags?post=266151"}],"curies":[{"name":"wp","href":"https:\/\/api.w.org\/{rel}","templated":true}]}}