{"id":266139,"date":"2026-09-03T00:00:24","date_gmt":"2026-09-02T22:00:24","guid":{"rendered":"https:\/\/smago.de\/ws2\/?p=266139"},"modified":"2026-09-02T22:17:05","modified_gmt":"2026-09-02T20:17:05","slug":"kay-doerfel-ab-februar-2027-in-der-hauptrolle-von-roy-das-musical-zu-sehen","status":"publish","type":"post","link":"https:\/\/smago.de\/ws2\/schlager\/kay-doerfel-ab-februar-2027-in-der-hauptrolle-von-roy-das-musical-zu-sehen\/","title":{"rendered":"KAY D\u00d6RFEL <br>Ab Februar 2027 in der Hauptrolle von &#8222;Roy \u2013 Das Musical&#8220; zu sehen!"},"content":{"rendered":"<p style=\"text-align: justify;\">Die Produzenten Horst Freckmann sowie Didi und Karin Landgrafe bringen das bewegte Leben des Ausnahmek\u00fcnstlers und Publikumslieblings auf die B\u00fchne!<!--more--><\/p>\n<p>&nbsp;<\/p>\n<p>&nbsp;<\/p>\n<p>&nbsp;<\/p>\n<div class=\"x14z9mp xat24cr x1lziwak x1vvkbs xtlvy1s x126k92a\">\n<div dir=\"auto\" style=\"text-align: justify;\"><strong>M\u00fclheim an der Ruhr\/Herne, September 2026<\/strong> \u2013 ROY BLACK. Dieser Name steht bis heute f\u00fcr gro\u00dfe Gef\u00fchle, unvergessene Melodien und eine au\u00dfergew\u00f6hnliche Karriere.<\/p>\n<\/div>\n<\/div>\n<div class=\"x14z9mp xat24cr x1lziwak x1vvkbs xtlvy1s x126k92a\" style=\"text-align: justify;\">\n<div dir=\"auto\">Mit \u201eRoy \u2013 Das Musical\u201c kommt im Februar 2027 das bewegte Leben des Ausnahmek\u00fcnstlers und Publikumslieblings auf die B\u00fchne. Im Mittelpunkt steht Gerhard H\u00f6llerich, der unter seinem K\u00fcnstlernamen Roy Black zu einer der erfolgreichsten Stimmen der deutschen Schlagergeschichte wurde.<\/p>\n<\/div>\n<\/div>\n<div class=\"x14z9mp xat24cr x1lziwak x1vvkbs xtlvy1s x126k92a\" style=\"text-align: justify;\">\n<div dir=\"auto\">Seine Karriere begann 1964, als der damals junge Student seinen ersten Plattenvertrag erhielt. Es folgte ein kometenhafter Aufstieg: Roy Black eroberte mit seinen romantischen Schlagern die Herzen eines Millionenpublikums und wurde zu einer Ikone seiner Zeit. Doch hinter den gro\u00dfen Erfolgen stand ein Mensch, dessen Leben von zahlreichen H\u00f6hen und Tiefen gepr\u00e4gt war.<\/div>\n<\/div>\n<div class=\"x14z9mp xat24cr x1lziwak x1vvkbs xtlvy1s x126k92a\" style=\"text-align: justify;\">\n<div dir=\"auto\">\n\u201eRoy \u2013 Das Musical\u201c erz\u00e4hlt von musikalischen Triumphen, pers\u00f6nlichen Krisen, der Liebe und dem Leben im Rampenlicht.<\/div>\n<div dir=\"auto\"><\/div>\n<div dir=\"auto\"><\/div>\n<div dir=\"auto\"><\/div>\n<div dir=\"auto\"><\/div>\n<div dir=\"auto\"><strong>Ein Leben zwischen B\u00fchne, Erfolg und pers\u00f6nlichem Schicksal<\/strong><\/div>\n<div dir=\"auto\"><\/div>\n<div dir=\"auto\"><\/div>\n<div dir=\"auto\">Auch im Fernsehen und im Film feierte Roy Black gro\u00dfe Erfolge und wurde zu einem der bekanntesten Gesichter der deutschen Unterhaltung. Nach schwierigen Jahren Mitte der 1970er Jahre gelang ihm in den 1980er Jahren ein musikalisches Comeback.<\/p>\n<\/div>\n<\/div>\n<div class=\"x14z9mp xat24cr x1lziwak x1vvkbs xtlvy1s x126k92a\" style=\"text-align: justify;\">\n<div dir=\"auto\">1990 \u00fcbernahm er im erfolgreichen RTL-Format \u201eEin Schloss am W\u00f6rthersee\u201c die Rolle des Hoteldirektors und wurde damit erneut einem breiten Fernsehpublikum bekannt.<\/p>\n<\/div>\n<\/div>\n<div class=\"x14z9mp xat24cr x1lziwak x1vvkbs xtlvy1s x126k92a\" style=\"text-align: justify;\">\n<div dir=\"auto\">Kurz vor seinem Tod 1991 erschien sein letztes Album \u201eRosenzeit\u201c. Wenige Monate sp\u00e4ter endete das Leben eines K\u00fcnstlers, dessen Musik bis heute Generationen verbindet.<\/p>\n<\/div>\n<\/div>\n<div class=\"x14z9mp xat24cr x1lziwak x1vvkbs xtlvy1s x126k92a\" style=\"text-align: justify;\">\n<div dir=\"auto\">\u201eRoy \u2013 Das Musical\u201c m\u00f6chte dabei weit mehr als eine Aneinanderreihung seiner gr\u00f6\u00dften Hits sein. Im Mittelpunkt steht der Mensch hinter dem K\u00fcnstlernamen: Gerhard H\u00f6llerich mit seinen Tr\u00e4umen, Hoffnungen, Erfolgen, Zweifeln und pers\u00f6nlichen Schicksalsschl\u00e4gen.<\/p>\n<\/div>\n<div dir=\"auto\">Bekannte Melodien, emotionale Momente und eine authentische Zeitreise sollen eine au\u00dfergew\u00f6hnliche Epoche der deutschen Musik- und Fernsehgeschichte wieder lebendig werden lassen.<\/p>\n<\/div>\n<\/div>\n<div class=\"x14z9mp xat24cr x1lziwak x1vvkbs xtlvy1s x126k92a\" style=\"text-align: justify;\">\n<div dir=\"auto\">Die Hauptrolle \u00fcbernimmt Kay D\u00f6rfel. Der S\u00e4nger, Komponist und Texter widmet sich seit vielen Jahren dem musikalischen Erbe von Roy Black und h\u00e4lt die Erinnerung an den beliebten S\u00e4nger lebendig.<\/p>\n<\/div>\n<\/div>\n<div class=\"x14z9mp xat24cr x1lziwak x1vvkbs xtlvy1s x126k92a\" style=\"text-align: justify;\">\n<div dir=\"auto\">Auch mit seiner j\u00e4hrlich stattfindenden Gala zu Ehren von Roy Black tr\u00e4gt Kay D\u00f6rfel dazu bei, die Musik und das Andenken des K\u00fcnstlers weiterleben zu lassen. Die diesj\u00e4hrige Gala findet am 1. Oktober 2026 in Gersthofen statt (Stargast: Peter Orloff) und ist ein besonderer Treffpunkt f\u00fcr Fans von Roy Black.<\/p>\n<\/div>\n<\/div>\n<div class=\"x14z9mp xat24cr x1lziwak x1vvkbs xtlvy1s x126k92a\" style=\"text-align: justify;\">\n<div dir=\"auto\">Die Produzenten Horst Freckmann sowie Didi und Karin Landgrafe arbeiten derzeit mit Hochdruck an den letzten Feinheiten der Musicalproduktion.<\/p>\n<\/div>\n<\/div>\n<div class=\"x14z9mp xat24cr x1lziwak x1vvkbs xtlvy1s x126k92a\" style=\"text-align: justify;\">\n<div dir=\"auto\">\u201eRoy \u2013 Das Musical\u201c ist eine Einladung, sich zu erinnern \u2013 an Roy Black, an seine Musik und an eine wunderbare Zeit, deren Melodien bis heute nachklingen.<\/p>\n<\/div>\n<div dir=\"auto\">Weitere Informationen zu Premiere, weiteren Terminen, Mitwirkenden und Tickets werden rechtzeitig bekannt gegeben.<\/p>\n<\/div>\n<\/div>\n<div class=\"x14z9mp xat24cr x1lziwak x1vvkbs xtlvy1s x126k92a\" style=\"text-align: justify;\">\n<div dir=\"auto\">Der Vorverkauf soll voraussichtlich im Oktober 2026 starten.<\/p>\n<p>Die Premiere wird im<\/p>\n<\/div>\n<\/div>\n<div class=\"x14z9mp xat24cr x1lziwak x1vvkbs xtlvy1s x126k92a\">\n<div dir=\"auto\" style=\"text-align: justify;\">RevuePalast Ruhr GmbH &amp; Co. KG<\/div>\n<div dir=\"auto\" style=\"text-align: justify;\">Am Revierpark 18<\/div>\n<div dir=\"auto\" style=\"text-align: justify;\">D-44627 Herne<\/p>\n<p>stattfinden.<\/p><\/div>\n<\/div>\n<div dir=\"auto\"><\/div>\n<div dir=\"auto\"><\/div>\n<div dir=\"auto\"><\/div>\n<div dir=\"auto\"><\/div>\n<div dir=\"auto\"><\/div>\n<div dir=\"auto\"><strong><a href=\"https:\/\/www.facebook.com\/profile.php?id=100031570077318\">ZUR FACEBOOK-SEITE KAY D\u00d6RFEL &#8211; DIE LEGENDE ROY BLACK &#8230;:<\/a><\/strong><\/div>\n","protected":false},"excerpt":{"rendered":"<p>Die Produzenten Horst Freckmann sowie Didi und Karin Landgrafe bringen das bewegte Leben des Ausnahmek\u00fcnstlers und Publikumslieblings auf die B\u00fchne!<\/p>\n","protected":false},"author":2,"featured_media":266140,"comment_status":"open","ping_status":"closed","sticky":false,"template":"","format":"standard","meta":{"_FSMCFIC_featured_image_caption":"","_FSMCFIC_featured_image_nocaption":"","_FSMCFIC_featured_image_hide":""},"categories":[29,39],"tags":[369,63],"acf":[],"_links":{"self":[{"href":"https:\/\/smago.de\/ws2\/wp-json\/wp\/v2\/posts\/266139"}],"collection":[{"href":"https:\/\/smago.de\/ws2\/wp-json\/wp\/v2\/posts"}],"about":[{"href":"https:\/\/smago.de\/ws2\/wp-json\/wp\/v2\/types\/post"}],"author":[{"embeddable":true,"href":"https:\/\/smago.de\/ws2\/wp-json\/wp\/v2\/users\/2"}],"replies":[{"embeddable":true,"href":"https:\/\/smago.de\/ws2\/wp-json\/wp\/v2\/comments?post=266139"}],"version-history":[{"count":1,"href":"https:\/\/smago.de\/ws2\/wp-json\/wp\/v2\/posts\/266139\/revisions"}],"predecessor-version":[{"id":266141,"href":"https:\/\/smago.de\/ws2\/wp-json\/wp\/v2\/posts\/266139\/revisions\/266141"}],"wp:featuredmedia":[{"embeddable":true,"href":"https:\/\/smago.de\/ws2\/wp-json\/wp\/v2\/media\/266140"}],"wp:attachment":[{"href":"https:\/\/smago.de\/ws2\/wp-json\/wp\/v2\/media?parent=266139"}],"wp:term":[{"taxonomy":"category","embeddable":true,"href":"https:\/\/smago.de\/ws2\/wp-json\/wp\/v2\/categories?post=266139"},{"taxonomy":"post_tag","embeddable":true,"href":"https:\/\/smago.de\/ws2\/wp-json\/wp\/v2\/tags?post=266139"}],"curies":[{"name":"wp","href":"https:\/\/api.w.org\/{rel}","templated":true}]}}