{"id":266136,"date":"2026-09-02T22:01:21","date_gmt":"2026-09-02T20:01:21","guid":{"rendered":"https:\/\/smago.de\/ws2\/?p=266136"},"modified":"2026-09-02T22:01:21","modified_gmt":"2026-09-02T20:01:21","slug":"alphaville-maulkorberlass-fuer-marian-gold-und-alphaville","status":"publish","type":"post","link":"https:\/\/smago.de\/ws2\/schlager\/alphaville-maulkorberlass-fuer-marian-gold-und-alphaville\/","title":{"rendered":"ALPHAVILLE <br>&#8222;Maulkorberlass&#8220; f\u00fcr Marian Gold und Alphaville?"},"content":{"rendered":"<p>Warum Alphaville NICHT beim &#8222;Gl\u00fccksgef\u00fchle&#8220;-Festival am Hockenheimring &#8218;auftreten darf&#8216; &#8230;:<!--more--><\/p>\n<p>&nbsp;<\/p>\n<p>&nbsp;<\/p>\n<p>&nbsp;<\/p>\n<div class=\"xdj266r x14z9mp xat24cr x1lziwak x1vvkbs x126k92a\">\n<div dir=\"auto\" style=\"text-align: justify;\"><em>Liebe Freunde, <\/em><\/p>\n<p><em>wir haben uns sehr auf unseren Auftritt am Freitag dieser Woche beim 2026er Gl\u00fccksgef\u00fchle-Festival am Hockenheim Ring gefreut. Heute hat uns der Veranstalter das Konzert jedoch abgesagt. Und dies mit einer Begr\u00fcndung, die uns einigerma\u00dfen fassungslos gemacht hat. So hei\u00dft es in dem Absageschreiben, ich zitiere den Veranstalter w\u00f6rtlich: \u201e\u2026wir keine politischen Themen oder \u00c4u\u00dferungen jeglicher Art auf unserer B\u00fchne dulden. (\u2026) Aus diesem Grund m\u00f6chten wir von einem Auftritt von Alphaville beim Gl\u00fccksgef\u00fchle-Festival Abstand nehmen.\u201c<\/em><\/p>\n<\/div>\n<div dir=\"auto\" style=\"text-align: justify;\"><em>Diese Begr\u00fcndung gleicht aus unserer Sicht einem Maulkorberlass &#8211; uns allen bestens bekannt aus Diktaturen. Das eine derartige Einschr\u00e4nkung der Meinungs- Rede- und Kunstfreiheit nun auf einem der gr\u00f6\u00dften Popfestivals Deutschlands angekommen zu sein scheint, empfinden wir als absolut untragbar und ersch\u00fctternd.<\/em><\/p>\n<\/div>\n<div dir=\"auto\" style=\"text-align: justify;\"><em><em>Alphaville halten Meinung<\/em><\/em><em>sfreiheit, Toleranz und Demokratie noch immer f\u00fcr hohe G\u00fcter, die mit allen legalen Mitteln verteidigt werden m\u00fcssen, auch und gerade von K\u00fcnstlerinnen und K\u00fcnstlern. Wir nehmen die Ausladung des Veranstalters zur Kenntnis. Dieser feindselige und vollkommen unn\u00f6tige Akt l\u00e4sst tief blicken, was das Demokratie- und Weltverst\u00e4ndnis der Verantwortlichen des Gl\u00fccksgef\u00fchle Festivals betrifft. Was Alphaville angeht, bleibt es dabei: wir werden uns weiterhin f\u00fcr Freiheit, Toleranz und Demokratie in unserem Land einsetzen, gerade in diesen Zeiten, wo so viel auf dem Spiel steht.<\/em><\/p>\n<\/div>\n<\/div>\n<div class=\"x14z9mp xat24cr x1lziwak x1vvkbs xtlvy1s x126k92a\">\n<div dir=\"auto\" style=\"text-align: justify;\"><em>Peace!<\/em><\/div>\n<div dir=\"auto\" style=\"text-align: justify;\">\n<em>Marian Gold<\/em><\/div>\n<\/div>\n<div dir=\"auto\"><\/div>\n<div dir=\"auto\"><\/div>\n<div dir=\"auto\"><\/div>\n<div dir=\"auto\"><\/div>\n<div dir=\"auto\">\n<strong><a href=\"https:\/\/www.facebook.com\/alphavilleofficial\">ZUR FACEBOOK-SEITE VON ALPHAVILLE &#8230;:<\/a><\/strong><\/div>\n<div dir=\"auto\"><\/div>\n","protected":false},"excerpt":{"rendered":"<p>Warum Alphaville NICHT beim &#8222;Gl\u00fccksgef\u00fchle&#8220;-Festival am Hockenheimring &#8218;auftreten darf&#8216; &#8230;:<\/p>\n","protected":false},"author":2,"featured_media":266137,"comment_status":"open","ping_status":"closed","sticky":false,"template":"","format":"standard","meta":{"_FSMCFIC_featured_image_caption":"","_FSMCFIC_featured_image_nocaption":"","_FSMCFIC_featured_image_hide":""},"categories":[29],"tags":[930],"acf":[],"_links":{"self":[{"href":"https:\/\/smago.de\/ws2\/wp-json\/wp\/v2\/posts\/266136"}],"collection":[{"href":"https:\/\/smago.de\/ws2\/wp-json\/wp\/v2\/posts"}],"about":[{"href":"https:\/\/smago.de\/ws2\/wp-json\/wp\/v2\/types\/post"}],"author":[{"embeddable":true,"href":"https:\/\/smago.de\/ws2\/wp-json\/wp\/v2\/users\/2"}],"replies":[{"embeddable":true,"href":"https:\/\/smago.de\/ws2\/wp-json\/wp\/v2\/comments?post=266136"}],"version-history":[{"count":1,"href":"https:\/\/smago.de\/ws2\/wp-json\/wp\/v2\/posts\/266136\/revisions"}],"predecessor-version":[{"id":266138,"href":"https:\/\/smago.de\/ws2\/wp-json\/wp\/v2\/posts\/266136\/revisions\/266138"}],"wp:featuredmedia":[{"embeddable":true,"href":"https:\/\/smago.de\/ws2\/wp-json\/wp\/v2\/media\/266137"}],"wp:attachment":[{"href":"https:\/\/smago.de\/ws2\/wp-json\/wp\/v2\/media?parent=266136"}],"wp:term":[{"taxonomy":"category","embeddable":true,"href":"https:\/\/smago.de\/ws2\/wp-json\/wp\/v2\/categories?post=266136"},{"taxonomy":"post_tag","embeddable":true,"href":"https:\/\/smago.de\/ws2\/wp-json\/wp\/v2\/tags?post=266136"}],"curies":[{"name":"wp","href":"https:\/\/api.w.org\/{rel}","templated":true}]}}