{"id":266132,"date":"2026-09-02T23:59:36","date_gmt":"2026-09-02T21:59:36","guid":{"rendered":"https:\/\/smago.de\/ws2\/?p=266132"},"modified":"2026-09-02T21:56:59","modified_gmt":"2026-09-02T19:56:59","slug":"ina-mueller-und-gaeste-do-03-09-2026-das-erste-ard-inas-nacht","status":"publish","type":"post","link":"https:\/\/smago.de\/ws2\/pop-schlager\/ina-mueller-und-gaeste-do-03-09-2026-das-erste-ard-inas-nacht\/","title":{"rendered":"INA M\u00dcLLER und G\u00e4ste <br>Do., 03.09.2026, Das Erste \/ ARD: &#8222;Inas Nacht&#8220;!"},"content":{"rendered":"<p style=\"text-align: justify;\">Late-Night-Show mit der Entertainerin, S\u00e4ngerin und Moderatorin Ina M\u00fcller und nach M\u00fcllerin Art: Talk, Comedy und viel, viel Musik in der Hamburger Kneipe &#8222;Zum Schellfischposten&#8220; \/\/ 22:50 Uhr &#8211; 23:50 Uhr (Wh.: Sa.\/So., 05.\/06.09., 23:40 Uhr. 00:40 Uhr)!<!--more--><\/p>\n<p>&nbsp;<\/p>\n<p>&nbsp;<\/p>\n<p>&nbsp;<\/p>\n<p style=\"text-align: justify;\">INA M\u00dcLLER begr\u00fc\u00dft zuerst die beiden Schauspielerinnen Annette Frier und Caroline Frier. Die Schwestern erz\u00e4hlen unter anderem von ihrem gemeinsamen Aufwachsen, einem angeblichen Angebot des \u201ePlayboy\u201c und ihrer Leidenschaft f\u00fcr Aprilscherze, mit denen sie sich gegenseitig hereinlegen.<\/p>\n<p style=\"text-align: justify;\">Zum Gespr\u00e4ch hinzukommt die Sexualtherapeutin Katrin Hinrichs. Sie berichtet aus ihrer Praxis und dar\u00fcber, wie Sex sich im Laufe einer Partnerschaft ver\u00e4ndert und wie Pornografie die Wahrnehmung von Sexualit\u00e4t beeinflusst.<\/p>\n<p style=\"text-align: justify;\">Erster Musikgast in dieser Sendung ist Danger Dan, der seinen bis dahin unver\u00f6ffentlichten und ber\u00fchrenden Titel \u201eDass es hier so sch\u00f6n ist\u201c aus seinem neuen Klavieralbum pr\u00e4sentiert.<\/p>\n<p style=\"text-align: justify;\">Weiterer Musikgast ist Asaf Avidan, der mit seiner au\u00dfergew\u00f6hnlichen Stimme und einem fast schon theater\u00e4hnlichen Musikauftritt den Schellfischposten fasziniert.<\/p>\n<p style=\"text-align: justify;\">Da staunen auch die Herren des Wilhelmsburger Shantychors De Tampentrekker, die wie immer vor den Kneipenfenstern die Stellung halten und f\u00fcr musikalische Intermezzi sorgen.<\/p>\n<p style=\"text-align: justify;\">14 Personen bestreiten das Publikum und d\u00fcrfen mit den Bierdeckelfragen mithelfen.<\/p>\n<p style=\"text-align: justify;\">Und alle werden wieder bestens versorgt von der Kneipenwirtin Frau M\u00fcller \u2013 nicht verwandt und verschw\u00e4gert mit Ina.<\/p>\n<p style=\"text-align: justify;\">Klingt leicht chaotisch?<\/p>\n<p style=\"text-align: justify;\">&#8211; Soll es auch!<\/p>\n","protected":false},"excerpt":{"rendered":"<p>Late-Night-Show mit der Entertainerin, S\u00e4ngerin und Moderatorin Ina M\u00fcller und nach M\u00fcllerin Art: Talk, Comedy und viel, viel Musik in<\/p>\n","protected":false},"author":2,"featured_media":266133,"comment_status":"open","ping_status":"closed","sticky":false,"template":"","format":"standard","meta":{"_FSMCFIC_featured_image_caption":"","_FSMCFIC_featured_image_nocaption":"","_FSMCFIC_featured_image_hide":""},"categories":[28],"tags":[327],"acf":[],"_links":{"self":[{"href":"https:\/\/smago.de\/ws2\/wp-json\/wp\/v2\/posts\/266132"}],"collection":[{"href":"https:\/\/smago.de\/ws2\/wp-json\/wp\/v2\/posts"}],"about":[{"href":"https:\/\/smago.de\/ws2\/wp-json\/wp\/v2\/types\/post"}],"author":[{"embeddable":true,"href":"https:\/\/smago.de\/ws2\/wp-json\/wp\/v2\/users\/2"}],"replies":[{"embeddable":true,"href":"https:\/\/smago.de\/ws2\/wp-json\/wp\/v2\/comments?post=266132"}],"version-history":[{"count":2,"href":"https:\/\/smago.de\/ws2\/wp-json\/wp\/v2\/posts\/266132\/revisions"}],"predecessor-version":[{"id":266135,"href":"https:\/\/smago.de\/ws2\/wp-json\/wp\/v2\/posts\/266132\/revisions\/266135"}],"wp:featuredmedia":[{"embeddable":true,"href":"https:\/\/smago.de\/ws2\/wp-json\/wp\/v2\/media\/266133"}],"wp:attachment":[{"href":"https:\/\/smago.de\/ws2\/wp-json\/wp\/v2\/media?parent=266132"}],"wp:term":[{"taxonomy":"category","embeddable":true,"href":"https:\/\/smago.de\/ws2\/wp-json\/wp\/v2\/categories?post=266132"},{"taxonomy":"post_tag","embeddable":true,"href":"https:\/\/smago.de\/ws2\/wp-json\/wp\/v2\/tags?post=266132"}],"curies":[{"name":"wp","href":"https:\/\/api.w.org\/{rel}","templated":true}]}}