{"id":266127,"date":"2026-09-03T00:00:23","date_gmt":"2026-09-02T22:00:23","guid":{"rendered":"https:\/\/smago.de\/ws2\/?p=266127"},"modified":"2026-09-02T21:49:32","modified_gmt":"2026-09-02T19:49:32","slug":"alexander-martin-mond-oder-wenn-ein-sohn-seinem-vater-noch-einmal-eine-stimme-gibt","status":"publish","type":"post","link":"https:\/\/smago.de\/ws2\/uncategorized\/alexander-martin-mond-oder-wenn-ein-sohn-seinem-vater-noch-einmal-eine-stimme-gibt\/","title":{"rendered":"ALEXANDER MARTIN <br>&#8222;Mond&#8220; ODER Wenn ein Sohn seinem Vater noch einmal eine Stimme gibt!"},"content":{"rendered":"<p style=\"text-align: justify;\">Aexander Martin schreibt den wohl pers\u00f6nlichsten Song seines Lebens \u2013 und l\u00e4sst darin die gro\u00dfe Liebe seiner Eltern noch einmal weiterleben.<br \/>\n<!--more--><\/p>\n<p>&nbsp;<\/p>\n<p>&nbsp;<\/p>\n<p>&nbsp;<\/p>\n<p style=\"text-align: justify;\">Es gibt Lieder, die entstehen, weil man eine Melodie im Kopf hat. Und es gibt Lieder, die entstehen, weil etwas im Herzen keinen anderen Weg nach drau\u00dfen findet.<\/p>\n<p style=\"text-align: justify;\">Dieser Song geh\u00f6rt zur zweiten Kategorie.<\/p>\n<p style=\"text-align: justify;\">ALEXANDER MARTIN hat ein Lied f\u00fcr seinen verstorbenen Vater, den S\u00e4nger, Komponisten und Songwriter Andreas Martin, geschrieben.<\/p>\n<p style=\"text-align: justify;\">Doch wer den Text h\u00f6rt, begegnet darin nicht dem Sohn.<\/p>\n<p style=\"text-align: justify;\">Er begegnet Andreas.<\/p>\n<p style=\"text-align: justify;\">Denn Alexander schrieb die Worte so, als h\u00e4tte sein Vater sie selbst f\u00fcr seine gro\u00dfe Liebe und Ehefrau Juliane geschrieben.<\/p>\n<p style=\"text-align: justify;\">Ein letztes Lied von Andreas an Juliane \u2013 eine Liebeserkl\u00e4rung \u00fcber die Grenzen des Lebens hinaus.<\/p>\n<p style=\"text-align: justify;\">Dabei greift Alexander ganz bewusst Textbausteine, Bilder und Erinnerungen aus rund 40 Jahren Andreas Martin auf und gibt ihnen eine neue Bedeutung.<\/p>\n<p style=\"text-align: justify;\">Und dann ist da pl\u00f6tzlich wieder der Mond.<\/p>\n<p style=\"text-align: justify;\">Jener Mond, den Andreas Martin einst in seinem gro\u00dfen Hit \u201eIch fang dir den Mond\u201c vom Himmel holen wollte.<\/p>\n<p style=\"text-align: justify;\">Viele Jahre sp\u00e4ter kehrt dieses Bild zur\u00fcck:<\/p>\n<p>&nbsp;<\/p>\n<p style=\"text-align: justify;\"><em>\u201eIch wollte dir den Mond noch einmal fangen,<\/em><br \/>\n<em>doch mein Lasso ist einfach weg.<\/em><br \/>\n<em>Wollte dir nochmal wundersch\u00f6ne Bilder mal\u2019n,<\/em><br \/>\n<em>doch jemand hat meinen Stift versteckt.<\/em><\/p>\n<p style=\"text-align: justify;\"><em>Wollte dir nur noch einmal zeigen,<\/em><br \/>\n<em>wie wertvoll du f\u00fcr mich bist. <\/em><br \/>\n<em>Mit Wunderkerzen <\/em><br \/>\n<em>\u00fcberreich ich dir <\/em><br \/>\n<em>den Schl\u00fcssel zu meinem Herzen.\u2018\u2018<\/em><\/p>\n<p>&nbsp;<\/p>\n<p style=\"text-align: justify;\">Was fr\u00fcher ein gro\u00dfes romantisches Versprechen war, wird pl\u00f6tzlich zu einem Bild des Abschieds.<\/p>\n<p style=\"text-align: justify;\">Er wollte ihr den Mond noch einmal fangen \u2013 doch Juliane war nicht mehr da.<\/p>\n<p style=\"text-align: justify;\">Und genau darin liegt die besondere Geschichte dieses Liedes: Ein Sohn schreibt f\u00fcr seinen Vater die Worte, die dieser seiner gro\u00dfen Liebe selbst nicht mehr sagen konnte.<\/p>\n<p style=\"text-align: justify;\">Musikalisch entstand der Song gemeinsam mit Mick Dorth, der zusammen mit Alexander Martin die Komposition entwickelte und der Geschichte schlie\u00dflich ihren au\u00dfergew\u00f6hnlichen Sound gab. Seine Produktion tr\u00e4gt die Emotionen des Textes, ohne sie zu \u00fcberladen \u2013 modern, kraftvoll und gleichzeitig mit dem n\u00f6tigen Raum f\u00fcr jedes einzelne Wort.<\/p>\n<p style=\"text-align: justify;\">Heute sind Andreas und Juliane beide nicht mehr hier.<\/p>\n<p style=\"text-align: justify;\">Doch f\u00fcr die Dauer dieses Liedes scheint etwas m\u00f6glich zu werden, das eigentlich unm\u00f6glich ist:<\/p>\n<p style=\"text-align: justify;\">Ein Sohn gibt seinem Vater noch einmal eine Stimme.<\/p>\n<p style=\"text-align: justify;\">Ein Mann spricht noch einmal zu seiner gro\u00dfen Liebe.<\/p>\n<p style=\"text-align: justify;\">Und der Mond leuchtet ein letztes Mal \u00fcber ihrer gemeinsamen Geschichte.<\/p>\n<p style=\"text-align: justify;\"><strong>Text:<\/strong> Alexander Martin<\/p>\n<p style=\"text-align: justify;\"><strong>Komposition:<\/strong> Mick Dorth \/ Alexander Martin<\/p>\n<p style=\"text-align: justify;\"><strong>Produzent:<\/strong> Mick Dorth<\/p>\n<p>Die Ver\u00f6ffentlichung erfolgt am 11.09.2026 via New Radiola Records.<\/p>\n<p>Stark !!!<\/p>\n","protected":false},"excerpt":{"rendered":"<p>Aexander Martin schreibt den wohl pers\u00f6nlichsten Song seines Lebens \u2013 und l\u00e4sst darin die gro\u00dfe Liebe seiner Eltern noch einmal<\/p>\n","protected":false},"author":2,"featured_media":266129,"comment_status":"open","ping_status":"closed","sticky":false,"template":"","format":"standard","meta":{"_FSMCFIC_featured_image_caption":"","_FSMCFIC_featured_image_nocaption":"","_FSMCFIC_featured_image_hide":""},"categories":[1],"tags":[122],"acf":[],"_links":{"self":[{"href":"https:\/\/smago.de\/ws2\/wp-json\/wp\/v2\/posts\/266127"}],"collection":[{"href":"https:\/\/smago.de\/ws2\/wp-json\/wp\/v2\/posts"}],"about":[{"href":"https:\/\/smago.de\/ws2\/wp-json\/wp\/v2\/types\/post"}],"author":[{"embeddable":true,"href":"https:\/\/smago.de\/ws2\/wp-json\/wp\/v2\/users\/2"}],"replies":[{"embeddable":true,"href":"https:\/\/smago.de\/ws2\/wp-json\/wp\/v2\/comments?post=266127"}],"version-history":[{"count":2,"href":"https:\/\/smago.de\/ws2\/wp-json\/wp\/v2\/posts\/266127\/revisions"}],"predecessor-version":[{"id":266131,"href":"https:\/\/smago.de\/ws2\/wp-json\/wp\/v2\/posts\/266127\/revisions\/266131"}],"wp:featuredmedia":[{"embeddable":true,"href":"https:\/\/smago.de\/ws2\/wp-json\/wp\/v2\/media\/266129"}],"wp:attachment":[{"href":"https:\/\/smago.de\/ws2\/wp-json\/wp\/v2\/media?parent=266127"}],"wp:term":[{"taxonomy":"category","embeddable":true,"href":"https:\/\/smago.de\/ws2\/wp-json\/wp\/v2\/categories?post=266127"},{"taxonomy":"post_tag","embeddable":true,"href":"https:\/\/smago.de\/ws2\/wp-json\/wp\/v2\/tags?post=266127"}],"curies":[{"name":"wp","href":"https:\/\/api.w.org\/{rel}","templated":true}]}}