{"id":266083,"date":"2026-09-02T13:59:05","date_gmt":"2026-09-02T11:59:05","guid":{"rendered":"https:\/\/smago.de\/ws2\/?p=266083"},"modified":"2026-09-02T13:59:05","modified_gmt":"2026-09-02T11:59:05","slug":"heidi-klum-heidifest-jetzt-doch-am-17-09-2026-komplett-bei-rtl","status":"publish","type":"post","link":"https:\/\/smago.de\/ws2\/schlager\/heidi-klum-heidifest-jetzt-doch-am-17-09-2026-komplett-bei-rtl\/","title":{"rendered":"HEIDI KLUM <br>&#8222;HeidiFest&#8220; jetzt doch am 17.09.2026 komplett bei RTL!"},"content":{"rendered":"<p>Und zwar von 20:15 Uhr &#8211; 22:30 Uhr!<!--more--><\/p>\n<p>&nbsp;<\/p>\n<p>&nbsp;<\/p>\n<p style=\"text-align: justify;\">HEIDI KLUM l\u00e4dt zum &#8222;HeidiFest&#8220; ins M\u00fcnchner Hofbr\u00e4uhaus.<\/p>\n<p style=\"text-align: justify;\">Gemeinsam mit ihrer Familie und exklusiv geladenen G\u00e4sten er\u00f6ffnet sie die Oktoberfest-Saison &#8211; mit Blasmusik, bekannten Hits und einem gro\u00dfen Fest, das dieses Jahr noch lauter und noch gr\u00f6\u00dfer wird.<\/p>\n<p style=\"text-align: justify;\">Auch die ersten Musik-Acts stehen fest: Vicky Leandros, Markus, Liz Mitchell von Boney M., La Bouche, Katja Ebstein sowie Tony Christie feiern und singen mit Heidi im M\u00fcnchner Hofbr\u00e4uhaus.<\/p>\n","protected":false},"excerpt":{"rendered":"<p>Und zwar von 20:15 Uhr &#8211; 22:30 Uhr!<\/p>\n","protected":false},"author":2,"featured_media":266020,"comment_status":"open","ping_status":"closed","sticky":false,"template":"","format":"standard","meta":{"_FSMCFIC_featured_image_caption":"","_FSMCFIC_featured_image_nocaption":"","_FSMCFIC_featured_image_hide":""},"categories":[29,128],"tags":[4611],"acf":[],"_links":{"self":[{"href":"https:\/\/smago.de\/ws2\/wp-json\/wp\/v2\/posts\/266083"}],"collection":[{"href":"https:\/\/smago.de\/ws2\/wp-json\/wp\/v2\/posts"}],"about":[{"href":"https:\/\/smago.de\/ws2\/wp-json\/wp\/v2\/types\/post"}],"author":[{"embeddable":true,"href":"https:\/\/smago.de\/ws2\/wp-json\/wp\/v2\/users\/2"}],"replies":[{"embeddable":true,"href":"https:\/\/smago.de\/ws2\/wp-json\/wp\/v2\/comments?post=266083"}],"version-history":[{"count":1,"href":"https:\/\/smago.de\/ws2\/wp-json\/wp\/v2\/posts\/266083\/revisions"}],"predecessor-version":[{"id":266084,"href":"https:\/\/smago.de\/ws2\/wp-json\/wp\/v2\/posts\/266083\/revisions\/266084"}],"wp:featuredmedia":[{"embeddable":true,"href":"https:\/\/smago.de\/ws2\/wp-json\/wp\/v2\/media\/266020"}],"wp:attachment":[{"href":"https:\/\/smago.de\/ws2\/wp-json\/wp\/v2\/media?parent=266083"}],"wp:term":[{"taxonomy":"category","embeddable":true,"href":"https:\/\/smago.de\/ws2\/wp-json\/wp\/v2\/categories?post=266083"},{"taxonomy":"post_tag","embeddable":true,"href":"https:\/\/smago.de\/ws2\/wp-json\/wp\/v2\/tags?post=266083"}],"curies":[{"name":"wp","href":"https:\/\/api.w.org\/{rel}","templated":true}]}}