{"id":266067,"date":"2026-09-03T23:57:11","date_gmt":"2026-09-03T21:57:11","guid":{"rendered":"https:\/\/smago.de\/ws2\/?p=266067"},"modified":"2026-09-02T13:10:31","modified_gmt":"2026-09-02T11:10:31","slug":"reinhold-beckmann-u-a-fr-04-09-2026-zum-thema-umgang-mit-der-angst-in-der-talk-show-nachtcafe-zu-gast-wh","status":"publish","type":"post","link":"https:\/\/smago.de\/ws2\/deutsch-rock\/reinhold-beckmann-u-a-fr-04-09-2026-zum-thema-umgang-mit-der-angst-in-der-talk-show-nachtcafe-zu-gast-wh\/","title":{"rendered":"REINHOLD BECKMANN u.a. <br>Fr. (04.09.2026) zum Thema &#8222;Umgang mit der Angst&#8220; in der Talk-Show &#8222;NACHTCAF\u00e9&#8220; zu Gast (Wh.!)!"},"content":{"rendered":"<p>SWR Fernsehen, 22:00 Uhr &#8211; 23:30 Uhr! Moderation: Michael Steinbrecher!<!--more--><\/p>\n<p>&nbsp;<\/p>\n<p>&nbsp;<\/p>\n<p style=\"text-align: justify;\">\n<p style=\"text-align: justify;\">Brutale Anschl\u00e4ge, bei denen T\u00e4ter mit Autos in Menschenmengen rasen, sorgen f\u00fcr Angst, aber auch die Gefahr eines Krieges mitten in Europa bereitet uns zunehmend Sorgen. Und die wirtschaftliche Krise l\u00e4sst viele Menschen um ihre Arbeitspl\u00e4tze bangen. Die \u00c4ngste der Menschen sind in diesen Zeiten vielf\u00e4ltig und sie nehmen zu.<\/p>\n<p style=\"text-align: justify;\">Sind wir diesen \u00c4ngsten einfach nur schutzlos ausgeliefert oder lassen sich \u00c4ngste beherrschen?<\/p>\n<p>&nbsp;<\/p>\n<p>&nbsp;<\/p>\n<p>&nbsp;<\/p>\n<h2><span class=\"headline-heading\">Die G\u00e4ste bei Michael Steinbrecher:<\/span><\/h2>\n<p>&nbsp;<\/p>\n<p>&nbsp;<\/p>\n<p><strong>Julia K\u00fchne<\/strong><br \/>\nAugenzeugin des Anschlags auf dem Berliner Breitscheidplatz<\/p>\n<p>&nbsp;<\/p>\n<p><strong>Reinhold Beckmann<br \/>\n<\/strong>Die Familie des Moderators wurde vom Krieg gepr\u00e4gt<\/p>\n<p>&nbsp;<\/p>\n<p><strong>Prof. Ulrich Hoinkes<br \/>\n<\/strong>Der Wissenschaftler forscht zum Thema &#8222;German Angst&#8220;<\/p>\n<p><strong>Annette Pum<\/strong><br \/>\nverliert ihren Job in der Automobilindustrie<\/p>\n<p>&nbsp;<\/p>\n<p><strong>Uwe Dziuballa<br \/>\n<\/strong>Der j\u00fcdische Restaurantbetreiber wird beleidigt und bedroht <button data-toggle=\"fullscreen\" data-target=\"asset-nc396-uwe-dziuballa-102\"><\/button><\/p>\n<p>&nbsp;<\/p>\n<p><strong>Dr. Christian Firus<br \/>\n<\/strong>Psychotherapeut<\/p>\n<p>&nbsp;<\/p>\n<p>&nbsp;<\/p>\n<p>&nbsp;<\/p>\n<p><strong><a href=\"https:\/\/www.swr.de\/video\/sendungen-a-z\/nachtcafe\/index.html\">ZUR SENDUNGSHOMEPAGE &#8230;:<\/a><\/strong><\/p>\n","protected":false},"excerpt":{"rendered":"<p>SWR Fernsehen, 22:00 Uhr &#8211; 23:30 Uhr! Moderation: Michael Steinbrecher!<\/p>\n","protected":false},"author":2,"featured_media":266068,"comment_status":"open","ping_status":"closed","sticky":false,"template":"","format":"standard","meta":{"_FSMCFIC_featured_image_caption":"","_FSMCFIC_featured_image_nocaption":"","_FSMCFIC_featured_image_hide":""},"categories":[5,128],"tags":[556],"acf":[],"_links":{"self":[{"href":"https:\/\/smago.de\/ws2\/wp-json\/wp\/v2\/posts\/266067"}],"collection":[{"href":"https:\/\/smago.de\/ws2\/wp-json\/wp\/v2\/posts"}],"about":[{"href":"https:\/\/smago.de\/ws2\/wp-json\/wp\/v2\/types\/post"}],"author":[{"embeddable":true,"href":"https:\/\/smago.de\/ws2\/wp-json\/wp\/v2\/users\/2"}],"replies":[{"embeddable":true,"href":"https:\/\/smago.de\/ws2\/wp-json\/wp\/v2\/comments?post=266067"}],"version-history":[{"count":1,"href":"https:\/\/smago.de\/ws2\/wp-json\/wp\/v2\/posts\/266067\/revisions"}],"predecessor-version":[{"id":266069,"href":"https:\/\/smago.de\/ws2\/wp-json\/wp\/v2\/posts\/266067\/revisions\/266069"}],"wp:featuredmedia":[{"embeddable":true,"href":"https:\/\/smago.de\/ws2\/wp-json\/wp\/v2\/media\/266068"}],"wp:attachment":[{"href":"https:\/\/smago.de\/ws2\/wp-json\/wp\/v2\/media?parent=266067"}],"wp:term":[{"taxonomy":"category","embeddable":true,"href":"https:\/\/smago.de\/ws2\/wp-json\/wp\/v2\/categories?post=266067"},{"taxonomy":"post_tag","embeddable":true,"href":"https:\/\/smago.de\/ws2\/wp-json\/wp\/v2\/tags?post=266067"}],"curies":[{"name":"wp","href":"https:\/\/api.w.org\/{rel}","templated":true}]}}