{"id":266061,"date":"2026-09-03T23:58:19","date_gmt":"2026-09-03T21:58:19","guid":{"rendered":"https:\/\/smago.de\/ws2\/?p=266061"},"modified":"2026-09-02T13:15:05","modified_gmt":"2026-09-02T11:15:05","slug":"mickie-krause-fr-04-09-2026-swr-fernsehen-krause-kommt-ueber-nacht-bei-mickie-krause-wh","status":"publish","type":"post","link":"https:\/\/smago.de\/ws2\/party-schlager\/mickie-krause-fr-04-09-2026-swr-fernsehen-krause-kommt-ueber-nacht-bei-mickie-krause-wh\/","title":{"rendered":"MICKIE KRAUSE <br>Fr., 04.09.2026, SWR Fernsehen: &#8222;Krause kommt!&#8220; \u2013 &#8222;\u00dcber Nacht bei Mickie Krause&#8220; (Wh.!)!"},"content":{"rendered":"<p>23:30 Uhr &#8211; 00:15 Uhr!<!--more--><\/p>\n<p>&nbsp;<\/p>\n<p>&nbsp;<\/p>\n<p>&nbsp;<\/p>\n<p style=\"text-align: justify;\">Krause besucht Krause \u2013 daf\u00fcr hoch reist SWR Moderator Pierre M. Krause in den Norden auf die Insel Norderney. Dort hat Entertainer und Stimmungss\u00e4nger MICKIE KRAUSE ein Haus, das er erstmals und exklusiv f\u00fcr die SWR Fernsehkamera\u00a0 \u00f6ffnet.<\/p>\n<p>&nbsp;<\/p>\n<p>&nbsp;<\/p>\n<p>&nbsp;<\/p>\n<p>&nbsp;<\/p>\n<figure id=\"attachment_266062\" aria-describedby=\"caption-attachment-266062\" style=\"width: 800px\" class=\"wp-caption alignnone\"><img decoding=\"async\" loading=\"lazy\" class=\"size-large wp-image-266062\" src=\"https:\/\/smago.de\/ws2\/wp-content\/uploads\/2026\/09\/3_Krause_kommt_Ueber_Nacht_bei_Mickie_Krause-800x448.jpg\" alt=\"\" width=\"800\" height=\"448\" srcset=\"https:\/\/smago.de\/ws2\/wp-content\/uploads\/2026\/09\/3_Krause_kommt_Ueber_Nacht_bei_Mickie_Krause-800x448.jpg 800w, https:\/\/smago.de\/ws2\/wp-content\/uploads\/2026\/09\/3_Krause_kommt_Ueber_Nacht_bei_Mickie_Krause-522x292.jpg 522w, https:\/\/smago.de\/ws2\/wp-content\/uploads\/2026\/09\/3_Krause_kommt_Ueber_Nacht_bei_Mickie_Krause-268x150.jpg 268w, https:\/\/smago.de\/ws2\/wp-content\/uploads\/2026\/09\/3_Krause_kommt_Ueber_Nacht_bei_Mickie_Krause-768x430.jpg 768w, https:\/\/smago.de\/ws2\/wp-content\/uploads\/2026\/09\/3_Krause_kommt_Ueber_Nacht_bei_Mickie_Krause-1536x860.jpg 1536w, https:\/\/smago.de\/ws2\/wp-content\/uploads\/2026\/09\/3_Krause_kommt_Ueber_Nacht_bei_Mickie_Krause-2048x1147.jpg 2048w, https:\/\/smago.de\/ws2\/wp-content\/uploads\/2026\/09\/3_Krause_kommt_Ueber_Nacht_bei_Mickie_Krause-392x220.jpg 392w, https:\/\/smago.de\/ws2\/wp-content\/uploads\/2026\/09\/3_Krause_kommt_Ueber_Nacht_bei_Mickie_Krause-130x73.jpg 130w, https:\/\/smago.de\/ws2\/wp-content\/uploads\/2026\/09\/3_Krause_kommt_Ueber_Nacht_bei_Mickie_Krause-794x445.jpg 794w, https:\/\/smago.de\/ws2\/wp-content\/uploads\/2026\/09\/3_Krause_kommt_Ueber_Nacht_bei_Mickie_Krause-870x487.jpg 870w, https:\/\/smago.de\/ws2\/wp-content\/uploads\/2026\/09\/3_Krause_kommt_Ueber_Nacht_bei_Mickie_Krause-292x164.jpg 292w, https:\/\/smago.de\/ws2\/wp-content\/uploads\/2026\/09\/3_Krause_kommt_Ueber_Nacht_bei_Mickie_Krause-435x244.jpg 435w\" sizes=\"(max-width: 800px) 100vw, 800px\" \/><figcaption id=\"caption-attachment-266062\" class=\"wp-caption-text\"><em>Entertainer Mickie Krause und Moderator Pierre M. Krause sitzen gem\u00fctlich im Strandkorb.<\/em><\/p>\n<p><em>\u00a9 SWR<\/em><\/figcaption><\/figure>\n<p>&nbsp;<\/p>\n<p>&nbsp;<\/p>\n<figure id=\"attachment_266064\" aria-describedby=\"caption-attachment-266064\" style=\"width: 800px\" class=\"wp-caption alignnone\"><img decoding=\"async\" loading=\"lazy\" class=\"size-large wp-image-266064\" src=\"https:\/\/smago.de\/ws2\/wp-content\/uploads\/2026\/09\/1_Krause_kommt_Ueber_Nacht_bei_Mickie_Krause-800x528.jpg\" alt=\"\" width=\"800\" height=\"528\" srcset=\"https:\/\/smago.de\/ws2\/wp-content\/uploads\/2026\/09\/1_Krause_kommt_Ueber_Nacht_bei_Mickie_Krause-800x528.jpg 800w, https:\/\/smago.de\/ws2\/wp-content\/uploads\/2026\/09\/1_Krause_kommt_Ueber_Nacht_bei_Mickie_Krause-522x345.jpg 522w, https:\/\/smago.de\/ws2\/wp-content\/uploads\/2026\/09\/1_Krause_kommt_Ueber_Nacht_bei_Mickie_Krause-227x150.jpg 227w, https:\/\/smago.de\/ws2\/wp-content\/uploads\/2026\/09\/1_Krause_kommt_Ueber_Nacht_bei_Mickie_Krause-768x507.jpg 768w, https:\/\/smago.de\/ws2\/wp-content\/uploads\/2026\/09\/1_Krause_kommt_Ueber_Nacht_bei_Mickie_Krause-1536x1014.jpg 1536w, https:\/\/smago.de\/ws2\/wp-content\/uploads\/2026\/09\/1_Krause_kommt_Ueber_Nacht_bei_Mickie_Krause-2048x1352.jpg 2048w, https:\/\/smago.de\/ws2\/wp-content\/uploads\/2026\/09\/1_Krause_kommt_Ueber_Nacht_bei_Mickie_Krause-392x259.jpg 392w, https:\/\/smago.de\/ws2\/wp-content\/uploads\/2026\/09\/1_Krause_kommt_Ueber_Nacht_bei_Mickie_Krause-130x86.jpg 130w, https:\/\/smago.de\/ws2\/wp-content\/uploads\/2026\/09\/1_Krause_kommt_Ueber_Nacht_bei_Mickie_Krause-674x445.jpg 674w, https:\/\/smago.de\/ws2\/wp-content\/uploads\/2026\/09\/1_Krause_kommt_Ueber_Nacht_bei_Mickie_Krause-791x522.jpg 791w, https:\/\/smago.de\/ws2\/wp-content\/uploads\/2026\/09\/1_Krause_kommt_Ueber_Nacht_bei_Mickie_Krause-288x190.jpg 288w, https:\/\/smago.de\/ws2\/wp-content\/uploads\/2026\/09\/1_Krause_kommt_Ueber_Nacht_bei_Mickie_Krause-435x287.jpg 435w, https:\/\/smago.de\/ws2\/wp-content\/uploads\/2026\/09\/1_Krause_kommt_Ueber_Nacht_bei_Mickie_Krause-150x100.jpg 150w\" sizes=\"(max-width: 800px) 100vw, 800px\" \/><figcaption id=\"caption-attachment-266064\" class=\"wp-caption-text\"><em>Pierre M. Krause und Mickie Krause erkunden Norderney mit dem Fahrrad.<\/em><\/p>\n<p><em>\u00a9 SWR<\/em><\/figcaption><\/figure>\n","protected":false},"excerpt":{"rendered":"<p>23:30 Uhr &#8211; 00:15 Uhr!<\/p>\n","protected":false},"author":2,"featured_media":266063,"comment_status":"open","ping_status":"closed","sticky":false,"template":"","format":"standard","meta":{"_FSMCFIC_featured_image_caption":"","_FSMCFIC_featured_image_nocaption":"","_FSMCFIC_featured_image_hide":""},"categories":[26,128],"tags":[292],"acf":[],"_links":{"self":[{"href":"https:\/\/smago.de\/ws2\/wp-json\/wp\/v2\/posts\/266061"}],"collection":[{"href":"https:\/\/smago.de\/ws2\/wp-json\/wp\/v2\/posts"}],"about":[{"href":"https:\/\/smago.de\/ws2\/wp-json\/wp\/v2\/types\/post"}],"author":[{"embeddable":true,"href":"https:\/\/smago.de\/ws2\/wp-json\/wp\/v2\/users\/2"}],"replies":[{"embeddable":true,"href":"https:\/\/smago.de\/ws2\/wp-json\/wp\/v2\/comments?post=266061"}],"version-history":[{"count":2,"href":"https:\/\/smago.de\/ws2\/wp-json\/wp\/v2\/posts\/266061\/revisions"}],"predecessor-version":[{"id":266066,"href":"https:\/\/smago.de\/ws2\/wp-json\/wp\/v2\/posts\/266061\/revisions\/266066"}],"wp:featuredmedia":[{"embeddable":true,"href":"https:\/\/smago.de\/ws2\/wp-json\/wp\/v2\/media\/266063"}],"wp:attachment":[{"href":"https:\/\/smago.de\/ws2\/wp-json\/wp\/v2\/media?parent=266061"}],"wp:term":[{"taxonomy":"category","embeddable":true,"href":"https:\/\/smago.de\/ws2\/wp-json\/wp\/v2\/categories?post=266061"},{"taxonomy":"post_tag","embeddable":true,"href":"https:\/\/smago.de\/ws2\/wp-json\/wp\/v2\/tags?post=266061"}],"curies":[{"name":"wp","href":"https:\/\/api.w.org\/{rel}","templated":true}]}}