{"id":266058,"date":"2026-09-03T23:58:40","date_gmt":"2026-09-03T21:58:40","guid":{"rendered":"https:\/\/smago.de\/ws2\/?p=266058"},"modified":"2026-09-02T13:13:48","modified_gmt":"2026-09-02T11:13:48","slug":"buelent-ceylan-u-a-fr-04-09-2026-in-der-talk-show-koelner-treff-zu-gast","status":"publish","type":"post","link":"https:\/\/smago.de\/ws2\/comedy\/buelent-ceylan-u-a-fr-04-09-2026-in-der-talk-show-koelner-treff-zu-gast\/","title":{"rendered":"B\u00dcLENT CEYLAN u.a. <br>Fr. (04.09.2026) in der Talk-Show &#8222;K\u00f6lner Treff&#8220; zu Gast!"},"content":{"rendered":"<p style=\"text-align: justify;\">WDR Fernsehen, 22:00 Uhr &#8211; 00:00 Uhr (1. Wh. in der Nacht auf Sa., 05.09., 01:30 Uhr &#8211; 03:30 Uhr; 2. Wh.: So.,. 06.09., 09:15 Uhr &#8211; 11:15 Uhr)! Moderation: Susan Link und Micky Beisenherz!<!--more--><\/p>\n<p>&nbsp;<\/p>\n<p>&nbsp;<\/p>\n<div class=\"epg_content detailseite1\">\n<div class=\"programmdetails\">\n<div class=\"info\">\n<div class=\"modGalleryCon\" style=\"text-align: justify;\">\n<div id=\"gallery60257747\" class=\"modGallery\" data-ctrl-gallery=\"{}\">\n<div class=\"galleryCon\">\n<div class=\"galleryitem\">\n<div class=\"caption\">\n<div class=\"media_buttons\">\n<div class=\"but\"><\/div>\n<\/div>\n<div class=\"tvicons\"><\/div>\n<\/div>\n<\/div>\n<\/div>\n<\/div>\n<\/div>\n<p style=\"text-align: justify;\"><strong>Susan Link und Micky Beisenherz begr\u00fc\u00dfen folgende G\u00e4ste &#8230;:<\/strong><\/p>\n<p>&nbsp;<\/p>\n<p>&nbsp;<\/p>\n<p style=\"text-align: justify;\"><strong>Torsten Str\u00e4ter<\/strong><\/p>\n<p>&nbsp;<\/p>\n<p style=\"text-align: justify;\">Ernstes Gesicht, trockener Humor, M\u00fctze auf dem Kopf &#8211; und jetzt 60 Jahre alt: Wir feiern sechs Jahrzehnte Torsten Str\u00e4ter! Das Leben des inzwischen erfolgreichen Comedians begann mit Jobben, Orientierungslosigkeit und Schulden und f\u00fchrte ihn erst sp\u00e4t erst mit Witz und Humor auf die gr\u00f6\u00dften B\u00fchnen des Landes. Neben all den Lachern blieb Str\u00e4ter, der Meister der Situationskomik, aber auch immer ehrlich, sprach \u00f6ffentlich \u00fcber Depressionen und sagte klar raus, dass er Krebs hat, als er Anfang des Jahres Teile seiner Show absagen musste. Heute gehe es ihm besser als zuvor, sagt er, und schaut zuversichtlich in die Zukunft.<\/p>\n<p>&nbsp;<\/p>\n<p>&nbsp;<\/p>\n<p>&nbsp;<\/p>\n<p style=\"text-align: justify;\"><strong>B\u00fclent Ceylan<\/strong><\/p>\n<p>&nbsp;<\/p>\n<p style=\"text-align: justify;\">Er ist jetzt &#8218;der mit dem Wolf tanzt&#8216;! B\u00fclent Ceylan bringt ein neues Rock-Metal-Musikalbum raus und f\u00fcr die Ballade Wolfsherz, die er mit deutschen Rocks\u00e4ngerin Doro Pesch singt, waren zwei echte W\u00f6lfe im Studio! Und auch wenn er sich nicht traute, sie zu streicheln, scheint Adrenalin grad sehr angesagt zu sein im Leben des Kultkomikers: J\u00fcngst ging ein Video von ihm beim Achterbahnfahren viral, weil man ihm dabei ansah, wie viel H\u00f6henangst er hat. &#8222;Warum wollen die Leute mich leiden sehen?!&#8220;, fragt sich der 51J\u00e4hrige, der viel lieber mit Witz und jetzt vor allem mit seiner Musik \u00fcberzeugen will.<\/p>\n<p>&nbsp;<\/p>\n<p>&nbsp;<\/p>\n<p>&nbsp;<\/p>\n<p style=\"text-align: justify;\"><strong>Nina Ruge<\/strong><\/p>\n<p>&nbsp;<\/p>\n<p style=\"text-align: justify;\">Zehn Jahre moderierte sie erfolgreich &#8222;Leute heute&#8220;, f\u00fchrte in der Zeit aber kein gesundes Leben, war stets auf der \u00dcberholspur. Nina Ruge zog die Rei\u00dfleine und besch\u00e4ftigt sich seitdem vor allem mit Gesundheit und Ern\u00e4hrung. Longevity ist ihr gro\u00dfes Thema! Bekannt wurde die studierte Biologin durch ihr Lebenscredo &#8222;Alles wird gut.&#8220; Aber sie fordert nun mehr Eigenengagement, denn &#8222;von alleine geht eben nichts!&#8220; Ihr pers\u00f6nlicher Traum: Mit 90 Jahren aus dem Stuhl zu fallen und bis dahin gesund bleiben. Da hat sie noch etwas Zeit, denn sie feierte gerade erst ihren 70. Geburtstag.<\/p>\n<p>&nbsp;<\/p>\n<p>&nbsp;<\/p>\n<p>&nbsp;<\/p>\n<p style=\"text-align: justify;\"><strong>Carolina Wilga<\/strong><\/p>\n<p>&nbsp;<\/p>\n<p style=\"text-align: justify;\">Zw\u00f6lf Tage lang hielt das Schicksal der deutschen Backpackerin aus Castrop-Rauxel Menschen weltweit in Atem: Nachdem sich ihr Van im abgelegenen australischen Outback im Sommer 2025 festgefahren hatte, verschwand die junge Frau spurlos. Unter extremen Bedingungen k\u00e4mpfte sie sich durch die Wildnis &#8211; mit Regenwasser und unersch\u00fctterlichem \u00dcberlebenswillen. Lebend gefunden kehrte sie nach Deutschland zur\u00fcck und erz\u00e4hlt nun ihre Geschichte von Verzweiflung, Mut und der Kraft, immer weiterzugehen. Ein eindringlicher Bericht \u00fcber das \u00dcberleben, wenn jede Hilfe unerreichbar scheint.<\/p>\n<p>&nbsp;<\/p>\n<p>&nbsp;<\/p>\n<p>&nbsp;<\/p>\n<p style=\"text-align: justify;\"><strong>Fabian Kahl<\/strong><\/p>\n<p>&nbsp;<\/p>\n<p style=\"text-align: justify;\">Die meisten kennen ihn als eine Art Urgestein aus dem H\u00e4ndler-Team bei &#8222;Bares f\u00fcr Rares&#8220;. Im ZDF-Dauerbrenner haben ihn sein markantes \u00c4u\u00dferes, sein individueller Stil und nat\u00fcrlich seine Expertisen l\u00e4ngst zum Publikumsliebling gemacht. Aber der Spross einer Antiquit\u00e4tenh\u00e4ndler-Familie ist immer wieder bereit, Lebensentw\u00fcrfe auszuprobieren; als Schlossherr, Autor, Fotograf und sogar als ausgebildeter Safari-Guide. Vor einigen Monaten ist Kahl aus seinem geliebten Leipzig an den oberen Mittelrhein gezogen, auch dort bleibt er den Antiquit\u00e4ten aber treu.<br \/>\n<strong>\u2003<\/strong><\/p>\n<p>&nbsp;<\/p>\n<p>&nbsp;<\/p>\n<p style=\"text-align: justify;\"><strong>Susanne Hegenscheidt<\/strong><\/p>\n<p>&nbsp;<\/p>\n<p style=\"text-align: justify;\">Sie hat den 11. September 2001 aus n\u00e4chster N\u00e4he erlebt &#8211; als junge Frau, die in New York zuhause war und deren Alltag sich in Sichtweite der Zwillingst\u00fcrme abspielte. An diesem strahlend blauen Morgen wird sie zur Augenzeugin eines Moments, der die Welt ver\u00e4ndert hat: der Knall der einschlagenden Flugzeuge, der Zusammenbruch der Zwillingst\u00fcrme, der Staub, das Gef\u00fchl, nicht helfen zu k\u00f6nnen. Auf die unmittelbare Erfahrung folgen Traumata, Zusammenbruch und eine lange Suche nach Ruhe. Heute lebt Susanne Hegenscheidt mit ihren drei Kindern in einem kleinen Dorf in S\u00fcdnorwegen und spricht, 25 Jahre danach, dar\u00fcber, wie ein einziger Tag ihr Leben ver\u00e4ndert hat.<\/p>\n<\/div>\n<\/div>\n<\/div>\n","protected":false},"excerpt":{"rendered":"<p>WDR Fernsehen, 22:00 Uhr &#8211; 00:00 Uhr (1. Wh. in der Nacht auf Sa., 05.09., 01:30 Uhr &#8211; 03:30 Uhr;<\/p>\n","protected":false},"author":2,"featured_media":266059,"comment_status":"open","ping_status":"closed","sticky":false,"template":"","format":"standard","meta":{"_FSMCFIC_featured_image_caption":"","_FSMCFIC_featured_image_nocaption":"","_FSMCFIC_featured_image_hide":""},"categories":[3,128],"tags":[129],"acf":[],"_links":{"self":[{"href":"https:\/\/smago.de\/ws2\/wp-json\/wp\/v2\/posts\/266058"}],"collection":[{"href":"https:\/\/smago.de\/ws2\/wp-json\/wp\/v2\/posts"}],"about":[{"href":"https:\/\/smago.de\/ws2\/wp-json\/wp\/v2\/types\/post"}],"author":[{"embeddable":true,"href":"https:\/\/smago.de\/ws2\/wp-json\/wp\/v2\/users\/2"}],"replies":[{"embeddable":true,"href":"https:\/\/smago.de\/ws2\/wp-json\/wp\/v2\/comments?post=266058"}],"version-history":[{"count":2,"href":"https:\/\/smago.de\/ws2\/wp-json\/wp\/v2\/posts\/266058\/revisions"}],"predecessor-version":[{"id":266070,"href":"https:\/\/smago.de\/ws2\/wp-json\/wp\/v2\/posts\/266058\/revisions\/266070"}],"wp:featuredmedia":[{"embeddable":true,"href":"https:\/\/smago.de\/ws2\/wp-json\/wp\/v2\/media\/266059"}],"wp:attachment":[{"href":"https:\/\/smago.de\/ws2\/wp-json\/wp\/v2\/media?parent=266058"}],"wp:term":[{"taxonomy":"category","embeddable":true,"href":"https:\/\/smago.de\/ws2\/wp-json\/wp\/v2\/categories?post=266058"},{"taxonomy":"post_tag","embeddable":true,"href":"https:\/\/smago.de\/ws2\/wp-json\/wp\/v2\/tags?post=266058"}],"curies":[{"name":"wp","href":"https:\/\/api.w.org\/{rel}","templated":true}]}}