{"id":266054,"date":"2026-09-04T00:00:22","date_gmt":"2026-09-03T22:00:22","guid":{"rendered":"https:\/\/smago.de\/ws2\/?p=266054"},"modified":"2026-09-02T12:42:11","modified_gmt":"2026-09-02T10:42:11","slug":"esther-sedlaczek-und-florian-silbereisen-praesentieren-die-goldene-henne-2026-heute-04-09-das-erste-ard","status":"publish","type":"post","link":"https:\/\/smago.de\/ws2\/comedy\/esther-sedlaczek-und-florian-silbereisen-praesentieren-die-goldene-henne-2026-heute-04-09-das-erste-ard\/","title":{"rendered":"ESTHER SEDLACZEK und FLORIAN SILBEREISEN pr\u00e4sentieren &#8230;:  die &#8222;Goldene Henne 2026&#8220; \u2013 heute (04.09.), Das Erste \/ ARD!"},"content":{"rendered":"<p>Deutschlands gr\u00f6\u00dfter Publikumspreis \u2013 Live aus Leipzig \/\/ 20:15 Uhr &#8211; 23:30 Uhr!<!--more--><\/p>\n<p>&nbsp;<\/p>\n<div class=\"epg_content detailseite1\">\n<div class=\"programmdetails\">\n<div class=\"info\">\n<div class=\"modGalleryCon\">\n<div id=\"gallery60259558\" class=\"modGallery\" data-ctrl-gallery=\"{}\">\n<div class=\"galleryCon\">\n<div class=\"galleryitem\">\n<div class=\"caption\">\n<p class=\"captiontext\">\n<div class=\"media_buttons\">\n<div class=\"but\" style=\"text-align: justify;\"><\/div>\n<\/div>\n<\/div>\n<\/div>\n<\/div>\n<\/div>\n<\/div>\n<\/div>\n<\/div>\n<\/div>\n<p style=\"text-align: justify;\">\nEine glamour\u00f6se Gala, eine glanzvolle Premiere: Erstmals moderieren ESTHER SEDLACZEK und FLORIAN SILBEREISEN gemeinsam Deutschlands gr\u00f6\u00dften Publikumspreis \u2013 die Goldene Henne 2026. Vor rund 4.500 G\u00e4sten begr\u00fc\u00dfen sie in Leipzig die Stars des Jahres und feiern gemeinsam mit ihnen einen Abend voller \u00dcberraschungen, spektakul\u00e4rer Showmomente und bewegender Augenblicke.<\/p>\n<p>Wer die begehrte &#8222;Goldene Henne&#8220; mit nach Hause nimmt, entscheiden \u2013 wie jedes Jahr \u2013 die Zuschauerinnen und Zuschauer. In den Kategorien Entertainment, Film &amp; Fernsehen, Musik und Sport stehen unter anderem Laura Wontorra, Hape Kerkeling, Felix Lobrecht, Olaf Schubert, Christian Ehring, Kerstin Ott, Unheilig und Markus Rehm zur Wahl.<\/p>\n<p style=\"text-align: justify;\">Die 32. Verleihung der Goldenen Henne verspricht auch musikalisch zahlreiche H\u00f6hepunkte: Peter Maffay und Johannes Oerding pr\u00e4sentieren erstmals ein brandneues Duett und Kerstin Ott, Michael Schulte und Unheilig sorgen mit ihren gr\u00f6\u00dften Hits f\u00fcr besondere Live-Momente. Star-Trompeter Till Br\u00f6nner setzt mit seinem unverwechselbaren Sound jazzige Akzente und als internationaler Top-Act lassen Take That die Fan-Herzen h\u00f6her schlagen.<\/p>\n<p>&nbsp;<\/p>\n<p>&nbsp;<\/p>\n<figure id=\"attachment_266056\" aria-describedby=\"caption-attachment-266056\" style=\"width: 800px\" class=\"wp-caption alignnone\"><img decoding=\"async\" loading=\"lazy\" class=\"size-large wp-image-266056\" src=\"https:\/\/smago.de\/ws2\/wp-content\/uploads\/2026\/09\/1_Goldenen_Henne_2026-800x534.jpg\" alt=\"\" width=\"800\" height=\"534\" srcset=\"https:\/\/smago.de\/ws2\/wp-content\/uploads\/2026\/09\/1_Goldenen_Henne_2026-800x534.jpg 800w, https:\/\/smago.de\/ws2\/wp-content\/uploads\/2026\/09\/1_Goldenen_Henne_2026-522x348.jpg 522w, https:\/\/smago.de\/ws2\/wp-content\/uploads\/2026\/09\/1_Goldenen_Henne_2026-225x150.jpg 225w, https:\/\/smago.de\/ws2\/wp-content\/uploads\/2026\/09\/1_Goldenen_Henne_2026-768x512.jpg 768w, https:\/\/smago.de\/ws2\/wp-content\/uploads\/2026\/09\/1_Goldenen_Henne_2026-1536x1024.jpg 1536w, https:\/\/smago.de\/ws2\/wp-content\/uploads\/2026\/09\/1_Goldenen_Henne_2026-2048x1366.jpg 2048w, https:\/\/smago.de\/ws2\/wp-content\/uploads\/2026\/09\/1_Goldenen_Henne_2026-392x261.jpg 392w, https:\/\/smago.de\/ws2\/wp-content\/uploads\/2026\/09\/1_Goldenen_Henne_2026-130x87.jpg 130w, https:\/\/smago.de\/ws2\/wp-content\/uploads\/2026\/09\/1_Goldenen_Henne_2026-667x445.jpg 667w, https:\/\/smago.de\/ws2\/wp-content\/uploads\/2026\/09\/1_Goldenen_Henne_2026-783x522.jpg 783w, https:\/\/smago.de\/ws2\/wp-content\/uploads\/2026\/09\/1_Goldenen_Henne_2026-285x190.jpg 285w, https:\/\/smago.de\/ws2\/wp-content\/uploads\/2026\/09\/1_Goldenen_Henne_2026-435x290.jpg 435w, https:\/\/smago.de\/ws2\/wp-content\/uploads\/2026\/09\/1_Goldenen_Henne_2026-150x100.jpg 150w, https:\/\/smago.de\/ws2\/wp-content\/uploads\/2026\/09\/1_Goldenen_Henne_2026-370x247.jpg 370w\" sizes=\"(max-width: 800px) 100vw, 800px\" \/><figcaption id=\"caption-attachment-266056\" class=\"wp-caption-text\"><em>Die &#8222;Goldene Henne&#8220;<\/em><\/p>\n<p><em>\u00a9 MDR \/ Daniela H\u00f6hn<\/em><\/figcaption><\/figure>\n","protected":false},"excerpt":{"rendered":"<p>Deutschlands gr\u00f6\u00dfter Publikumspreis \u2013 Live aus Leipzig \/\/ 20:15 Uhr &#8211; 23:30 Uhr!<\/p>\n","protected":false},"author":2,"featured_media":266055,"comment_status":"open","ping_status":"closed","sticky":false,"template":"","format":"standard","meta":{"_FSMCFIC_featured_image_caption":"","_FSMCFIC_featured_image_nocaption":"","_FSMCFIC_featured_image_hide":""},"categories":[3,5,23,25,27,28,29,39,128],"tags":[276],"acf":[],"_links":{"self":[{"href":"https:\/\/smago.de\/ws2\/wp-json\/wp\/v2\/posts\/266054"}],"collection":[{"href":"https:\/\/smago.de\/ws2\/wp-json\/wp\/v2\/posts"}],"about":[{"href":"https:\/\/smago.de\/ws2\/wp-json\/wp\/v2\/types\/post"}],"author":[{"embeddable":true,"href":"https:\/\/smago.de\/ws2\/wp-json\/wp\/v2\/users\/2"}],"replies":[{"embeddable":true,"href":"https:\/\/smago.de\/ws2\/wp-json\/wp\/v2\/comments?post=266054"}],"version-history":[{"count":1,"href":"https:\/\/smago.de\/ws2\/wp-json\/wp\/v2\/posts\/266054\/revisions"}],"predecessor-version":[{"id":266057,"href":"https:\/\/smago.de\/ws2\/wp-json\/wp\/v2\/posts\/266054\/revisions\/266057"}],"wp:featuredmedia":[{"embeddable":true,"href":"https:\/\/smago.de\/ws2\/wp-json\/wp\/v2\/media\/266055"}],"wp:attachment":[{"href":"https:\/\/smago.de\/ws2\/wp-json\/wp\/v2\/media?parent=266054"}],"wp:term":[{"taxonomy":"category","embeddable":true,"href":"https:\/\/smago.de\/ws2\/wp-json\/wp\/v2\/categories?post=266054"},{"taxonomy":"post_tag","embeddable":true,"href":"https:\/\/smago.de\/ws2\/wp-json\/wp\/v2\/tags?post=266054"}],"curies":[{"name":"wp","href":"https:\/\/api.w.org\/{rel}","templated":true}]}}