{"id":266043,"date":"2026-09-02T11:54:23","date_gmt":"2026-09-02T09:54:23","guid":{"rendered":"https:\/\/smago.de\/ws2\/?p=266043"},"modified":"2026-09-02T12:16:08","modified_gmt":"2026-09-02T10:16:08","slug":"mickie-krause-lorenz-bueffel-u-a-campus21-wird-zur-party-playa-die-14-brunner-wiesn-holt-die-ballermann-stars-nach-brunn-am-gebirge","status":"publish","type":"post","link":"https:\/\/smago.de\/ws2\/party-schlager\/mickie-krause-lorenz-bueffel-u-a-campus21-wird-zur-party-playa-die-14-brunner-wiesn-holt-die-ballermann-stars-nach-brunn-am-gebirge\/","title":{"rendered":"MICKIE KRAUSE, LORENZ B\u00dcFFEL u.a. <br>Campus21 wird zur Party-Playa: Die 14. Brunner Wiesn holt die Ballermann-Stars nach Brunn am Gebirge!"},"content":{"rendered":"<p style=\"text-align: justify;\">Konzerttickets mit garantierten Sitzpl\u00e4tzen sind ab fairen 35\u202fEuro auf <a href=\"http:\/\/oeticket.com\/\">oeticket.com<\/a> erh\u00e4ltlich!<br \/>\n<!--more--><\/p>\n<h2 style=\"text-align: justify;\"><\/h2>\n<p>&nbsp;<\/p>\n<p style=\"text-align: justify;\">Das Flugticket auf die Balearen kann man sich heuer sparen. Die 14. Brunner Wiesn l\u00e4dt heuer gleich viermal zur gro\u00dfen Abrissparty auf den Campus 21. Nach dem offiziellen Bieranstich am 17. September und dem Auftritt von Gro\u00dfmeister Otto Waalkes startet die erste Mallorca-Party am 19. September mit Almklausi u.\u202fv.\u202fa. Die zweite Stufe der Eskalationsleiter erklimmen am 24. September Mickie Krause und Lorenz B\u00fcffel. Es folgt das Kult\u2011Duo M\u00fctze Katze am 2. Oktober, bevor die Mallorcaparty IV am 3. Oktober mit Julian Sommer und seinem Hit \u201eDicht im Flieger\u201c u.\u202fv.\u202fa. den kollektiven Sinkflug einleitet. Der Eintritt auf das 30.000m\u00b2 gro\u00dfe Festivalgel\u00e4nde am Campus21 ist kostenlos \u2013 ebenso der Shuttle\u2011Service von Wien nach Brunn am Gebirge und retour. Konzerttickets mit garantierten Sitzpl\u00e4tzen sind ab fairen 35\u202fEuro auf <a href=\"http:\/\/oeticket.com\/\">oeticket.com<\/a> erh\u00e4ltlich. Infos <a href=\"http:\/\/www.brunner-wiesn.at\/\">www.brunner-wiesn.at<\/a>.<\/p>\n<p>&nbsp;<\/p>\n<p>&nbsp;<\/p>\n<p style=\"text-align: justify;\"><strong>Brunn\/Gebirge, am 2. September 2026.<\/strong> Vom 17. September bis 3. Oktober 2026 bringt Nieder\u00f6sterreichs gr\u00f6\u00dftes Oktoberfest, die 14. Brunner Wiesn, echtes Party\u2011Feeling direkt vor die Tore Wiens: Gleich vier massive Mallorca-Partys mit den Ikonen der Playa de Palma lassen das Festzelt beben. Dazu kommen das Wiesn\u2011Deb\u00fct von <strong>Otto Waalkes <\/strong>(17. September), kultige Millennium\u2011Eurodance\u2011Beats und z\u00fcnftige Party-Bands. Auf dem 30.000m\u00b2 gro\u00dfen Areal warten au\u00dferdem Fahrgesch\u00e4fte, gem\u00fctliche Gastronomie\u2011H\u00fctten und Shuttle Busse aus Wien. Wer sich die vier Termine f\u00fcr den ultimativen Abriss schon jetzt im Kalender markieren m\u00f6chte, sollte den Bleistift spitzen \u2013 und sich f\u00fcr den n\u00e4chsten Tag besser nichts vornehmen.<\/p>\n<p>&nbsp;<\/p>\n<p>&nbsp;<\/p>\n<p>&nbsp;<\/p>\n<p style=\"text-align: justify;\"><strong>Samstag, 19. September: Mallorca-Party Part I\u00a0<\/strong><\/p>\n<p>&nbsp;<\/p>\n<p style=\"text-align: justify;\">Das erste Wochenende startet mit geballter Mitsing-Garantie: <strong>Almklausi <\/strong>z\u00fcndet die Party-Hymne \u201eMama Laudaaa\u201c, w\u00e4hrend <strong>Der Zipfelbube<\/strong> mit \u201eOlivia\u201c nachlegt. <strong>Markus Becker<\/strong> bringt mit \u201eDas rote Pferd\u201c das Festzelt zum Galoppieren, flankiert von <strong>Micha von der Rampe<\/strong> (\u201eDorflove\u201c) und <strong>Malin Brown<\/strong>.<\/p>\n<p>&nbsp;<\/p>\n<p>&nbsp;<\/p>\n<p>&nbsp;<\/p>\n<p style=\"text-align: justify;\"><strong>Donnerstag, 24. September: Mallorcaparty Part II \u2013 Mickie Krause &amp; Lorenz B\u00fcffel live<\/strong><\/p>\n<p>&nbsp;<\/p>\n<p style=\"text-align: justify;\">Die unangefochtenen Schwergewichte der Playa entern die Festzeltb\u00fchne: Partylegende <strong>Mickie Krause<\/strong> liefert mit \u201eSchatzi schenk mir ein Foto\u201c und \u201eEine Woche wach\u201c pure Eskalation. <strong>Lorenz B\u00fcffel<\/strong> (\u201eJohnny D\u00e4pp\u201c), <strong>Isi Gl\u00fcck<\/strong> (\u201eDelfin\u201c) und Powerfrau <strong>Marry <\/strong>garantieren 100 Prozent Bierk\u00f6nig- und Megapark-Feeling.<\/p>\n<p>&nbsp;<\/p>\n<p>&nbsp;<\/p>\n<p>&nbsp;<\/p>\n<p style=\"text-align: justify;\"><strong>Freitag, 2. Oktober: Mallorcaparty Part III \u2013 M\u00fctze Katze, Honk!\u00a0 <\/strong><\/p>\n<p>&nbsp;<\/p>\n<p style=\"text-align: justify;\">Das Kult-Duo <strong>M\u00fctze Katze<\/strong> (\u201eSchei\u00dfegal, ich feier\u201c) gibt an diesem Abend das Motto vor. <strong>Honk! <\/strong>heizt mit \u201eHallo Helmut\u201c ein, w\u00e4hrend <strong>Frenzy<\/strong> (\u201eWir sind wir\u201c), <strong>Nancy<\/strong> und <strong>Rumbombe <\/strong>das Festzelt auf den finalen Siedepunkt treiben.<\/p>\n<p>&nbsp;<\/p>\n<p>&nbsp;<\/p>\n<p>&nbsp;<\/p>\n<p style=\"text-align: justify;\"><strong>Samstag, 3. Oktober: Mallorcaparty Part IV \u2013 Julian Sommer, Die Atzen<\/strong><\/p>\n<p>&nbsp;<\/p>\n<p style=\"text-align: justify;\">Zum gro\u00dfen Festivalabschluss brennt \u00d6sterreichs gr\u00f6\u00dftes Festzelt lichterloh: <strong>Julian Sommer<\/strong> l\u00e4sst die Bierb\u00e4nke mit \u201eDicht im Flieger\u201c abheben, bevor <strong>Die Atzen<\/strong> mit \u201eDas geht ab!\u201c f\u00fcr den totalen Ausnahmezustand sorgen. Abgerundet wird der Closing-Abend von <strong>Matty Valentino<\/strong> (\u201eAuffe aufn Berg\u201c), <strong>Julian Benz<\/strong> (\u201eGeile Zeit\u201c), <strong>Chip &amp; Dale<\/strong> sowie <strong>Ina Carina<\/strong>.<\/p>\n<p>&nbsp;<\/p>\n<p>&nbsp;<\/p>\n<p>&nbsp;<\/p>\n<p style=\"text-align: justify;\"><strong>Millennium Beats mit Brooklyn Millennium Beats Stars und Party-Bands<\/strong><\/p>\n<p>&nbsp;<\/p>\n<p style=\"text-align: justify;\">Wem der Mallorca-Sound zu weit geht, dem bietet die 14. Brunner Wiesn zahlreiche musikalische Alternativen:<\/p>\n<p>&nbsp;<\/p>\n<p>&nbsp;<\/p>\n<p style=\"text-align: justify;\"><strong>Freitag, 25. September 2026 mit K\u2019s Live<\/strong><\/p>\n<p>&nbsp;<\/p>\n<p style=\"text-align: justify;\">Ein Fixpunkt der Wiens ist <strong>K\u2019s Live<\/strong> mit den besten Wiesn-Partyschlagern \u2013 darunter der Dauerbrenner \u201eFliegerlied (So ein sch\u00f6ner Tag)\u201cund andere Evergreens der deutschen Pop und Schlagerlandschaft.<\/p>\n<p>&nbsp;<\/p>\n<p>&nbsp;<\/p>\n<p style=\"text-align: justify;\"><strong>26. September: Egon, die Partykracher<\/strong><\/p>\n<p>&nbsp;<\/p>\n<p style=\"text-align: justify;\">Am Samstag, dem 26. September, folgt mit <strong>Egon7<\/strong> eine der beliebtesten Partybands des Landes. Legend\u00e4r ist ihr \u201eMamma Maria\u201c-Partymix, der das Festzelt garantiert rocken wird!<\/p>\n<p>&nbsp;<\/p>\n<p>&nbsp;<\/p>\n<p style=\"text-align: justify;\"><strong>Donnerstag, 1. Oktober: Millennium Beats mit Brooklyn Bounce, Groove Coverage u.v.a.<\/strong><\/p>\n<p>&nbsp;<\/p>\n<p style=\"text-align: justify;\">Jetzt wird\u2019s nostalgisch! F\u00fcr alle Raver und Eurodance-J\u00fcnger ein Fest ist wohl der Auftritt von\u00a0 <strong>Groove Coverage,<\/strong> die sich schon mit \u201ePoison\u201c in die Trommelfelle eingebrannt haben, genauso wie <strong>Jan Wayne feat. <\/strong><strong>Charlene<\/strong> (\u201eBecause The Night\u201c) und <strong>Lasgo <\/strong>(\u201eSomething\u201c), sowie die Dancefloor-Pioniere <strong>Brooklyn Bounce<\/strong> und <strong>Marvin &amp; Prezioso.<\/strong><\/p>\n<p>&nbsp;<\/p>\n<p>&nbsp;<\/p>\n<p>&nbsp;<\/p>\n<p>&nbsp;<\/p>\n<p style=\"text-align: justify;\"><strong>Als VIP zur Wiesn<\/strong><\/p>\n<p>&nbsp;<\/p>\n<p style=\"text-align: justify;\">Wer die Brunner Wiesn besonders komfortabel erleben m\u00f6chte, kann auf exklusive VIP\u2011Erlebnisse zur\u00fcckgreifen, die von den Veranstaltern <strong>Mario Repa<\/strong> und <strong>Christoph Novak<\/strong> (Weitblick Event &amp; Media GmbH) entwickelt wurden. Die drei ma\u00dfgeschneiderten Optionen \u2013 VIP\u2011Tisch, VIP\u2011Loge und VIP\u2011Galerie \u2013 bieten individuelle Pakete f\u00fcr unterschiedliche Gruppengr\u00f6\u00dfen und Anspr\u00fcche und erm\u00f6glichen G\u00e4sten, das Fest in einer besonders hochwertigen Atmosph\u00e4re zu genie\u00dfen.<\/p>\n<p>&nbsp;<\/p>\n<p>&nbsp;<\/p>\n<p style=\"text-align: justify;\"><strong>VIP-Tisch\u00a0<\/strong><\/p>\n<p>&nbsp;<\/p>\n<p style=\"text-align: justify;\">Der VIP-Tisch bietet acht G\u00e4sten einen Abend voller Komfort im Festzelt. Ein erh\u00f6hter Tisch mit direktem Blick auf die B\u00fchne, eine Vor\u2011 und Hauptspeisenplatte mit \u00f6sterreichischen Schmankerln sowie ein Getr\u00e4nkeguthaben von 400 Euro sorgen f\u00fcr ein rundum entspanntes Fest. Der VIP-Eingang und die VIP-Toiletten stehen exklusiv zur Verf\u00fcgung. Preise ab 1400 Euro.<\/p>\n<p>&nbsp;<\/p>\n<p>&nbsp;<\/p>\n<p style=\"text-align: justify;\"><strong>VIP-Loge<\/strong><\/p>\n<p>&nbsp;<\/p>\n<p style=\"text-align: justify;\">F\u00fcr gr\u00f6\u00dfere Gruppen bietet die VIP-Loge Platz f\u00fcr 32 Personen. Vier erh\u00f6hte VIP\u2011Tische garantieren beste Sicht auf das Geschehen, begleitet von vier gro\u00dfz\u00fcgigen Speisenplatten und vier Cashless Cards im Gesamtwert von 1.600 Euro Auch hier profitieren G\u00e4ste vom VIP Eingang und den VIP Sanit\u00e4ranlagen. Preise ab 5600 Euro.<\/p>\n<p>&nbsp;<\/p>\n<p>&nbsp;<\/p>\n<p style=\"text-align: justify;\"><strong>VIP-Galerie<\/strong><\/p>\n<p>&nbsp;<\/p>\n<p style=\"text-align: justify;\">Die VIP-Galerie ist das Premium-Highlight der Brunner Wiesn und bietet exklusiven Platz f\u00fcr bis zu 144 Personen mit bester Sicht auf die Festzeltb\u00fchne. G\u00e4ste genie\u00dfen ein rundum abgestimmtes VIP-Erlebnis mit individuell zusammengestellten, ma\u00dfgeschneiderten Paketen, die ganz auf ihre W\u00fcnsche und Anforderungen abgestimmt sind. Die Galerie kann zudem individuell gebrandet und gestaltet werden und eignet sich damit perfekt f\u00fcr Firmenveranstaltungen, Kundenevents oder besondere Anl\u00e4sse. Ein exklusiver Empfang rundet das hochwertige Erlebnis ab.\u00a0Preis auf Anfrage.<\/p>\n<p>&nbsp;<\/p>\n<p>&nbsp;<\/p>\n<p>&nbsp;<\/p>\n<p style=\"text-align: justify;\">Bestellungen der VIP-Packages unter <a href=\"mailto:vip@brunner-wiesn.at\">vip@brunner-wiesn.at<\/a><\/p>\n<hr \/>\n<p style=\"text-align: justify;\"><strong>Was:<\/strong> Brunner Wiesn 2026<\/p>\n<p style=\"text-align: justify;\"><strong>Wann:<\/strong> Vom 17. September bis 3. Oktober 2026<\/p>\n<p style=\"text-align: justify;\"><strong>Wo:<\/strong> Am Campus21, Liebermannstra\u00dfe 2, 2345 Brunn am Gebirge<\/p>\n<hr \/>\n<p style=\"text-align: justify;\"><strong>Tickets mit Platzgarantie und \u00d6ffnungszeiten<\/strong><\/p>\n<p style=\"text-align: justify;\">Der Eintritt auf das Brunner Wiesn Festgel\u00e4nde ist gratis! F\u00fcr diejenigen, die gerne schon im Voraus planen, gibt es die M\u00f6glichkeit, einen Fixplatz am gew\u00fcnschten Veranstaltungstag zu sichern und den Sitzplatz im Festzelt f\u00fcr den gesamten Abend zu reservieren. Nat\u00fcrlich gibt es auch f\u00fcr Kurzentschlossene die Option, Tickets an der Abendkasse am Brunner Wiesn Festgel\u00e4nde zu erwerben! Bei jedem \u00fcber <a href=\"http:\/\/oeticket.com\/\">oeticket.com<\/a> erworbenen Ticket ist ein Sitzplatz inkludiert.<\/p>\n<p>&nbsp;<\/p>\n<p>&nbsp;<\/p>\n<p style=\"text-align: justify;\"><strong>\u00d6ffnungszeiten:<\/strong><\/p>\n<p>&nbsp;<\/p>\n<p style=\"text-align: justify;\">Donnerstag 16.00 \u2013 23.00 Uhr<\/p>\n<p style=\"text-align: justify;\">Freitag &amp; Samstag von 16.00 \u2013 00.00 Uhr<\/p>\n<p style=\"text-align: justify;\">Die Abendkasse \u00f6ffnet gleichzeitig mit dem Festgel\u00e4nde<\/p>\n<p style=\"text-align: justify;\">Einlass in das Festzelt mit Eintrittskarte ab 18.00 Uhr. Beginn der Live-Acts ab 19.30 Uhr<\/p>\n<p style=\"text-align: justify;\">Tickets f\u00fcr die <a href=\"http:\/\/www.brunner-wiesn.at\/tickets\/\">Konzerte<\/a> inklusive Sitzplatz gibt es ab 35 Euro auf\u00a0<a href=\"https:\/\/www.oeticket.com\/city\/brunn-am-gebirge-617\/venue\/brunner-wiesn-brunn-am-gebirge-20460\/\"><strong>www.oeticket.com<\/strong><\/a><\/p>\n<p>&nbsp;<\/p>\n<p>&nbsp;<\/p>\n<p>&nbsp;<\/p>\n<p style=\"text-align: justify;\"><strong>Gratis Shuttleservice und Busse f\u00fcr Gruppen<\/strong><\/p>\n<p>&nbsp;<\/p>\n<p style=\"text-align: justify;\">Die 14. Brunner Wiesn bietet auch heuer wieder einen eigenen Shuttle Service von Dr. Richard an. Von der U6\u2011Station Siebenhirten sowie der Schnellbahnstation M\u00f6dling gelangt man in nur wenigen Minuten direkt zum Festgel\u00e4nde. Einen Shuttle\u2011Service gibt es auch von der U1\u2011Station Oberlaa\/Altes Landgut aus. Dar\u00fcber hinaus k\u00f6nnen gr\u00f6\u00dfere oder kleinere Gruppen im Vorfeld Busse f\u00fcr die An\u2011 und Abreise mieten. Erg\u00e4nzend zum Shuttleservice steht direkt bei der Brunner Wiesn ein mehr als 100 Meter langer, durchgehend besetzter Taxistandplatz bereit. So haben Besucher mehrere bequeme Optionen, um sicher und stressfrei zur Brunner Wiesn zu gelangen. Die Abfahrtszeiten findet man auf <a href=\"http:\/\/www.brunner-wiesn.at\/shuttleservice\/\">www.brunner-wiesn.at\/shuttleservice\/<\/a><\/p>\n<p>Nur 10 Autominuten von Wien entfernt. Parken am Campus21<\/p>\n<p style=\"text-align: justify;\">Der Campus21 liegt im S\u00fcden Wiens direkt an der Wiener Au\u00dfenring Autobahn mit eigener Autobahnausfahrt. Das Festivalgel\u00e4nde ist rasch mit dem Auto (ca. 10 Minuten zur Wiener Stadtgrenze, zum Knoten V\u00f6sendorf sind es 2 km) und \u00f6ffentlichen Verkehrsmitteln erreichbar. W\u00e4hrend der Brunner Wiesn haben Besucher exklusiv die M\u00f6glichkeit, ihr Auto bequem und kostenlos auf dem Campus21-Gel\u00e4nde w\u00e4hrend der Veranstaltungszeiten zu parken. Ein weiterer Vorteil: Parkm\u00f6glichkeiten in den Parkh\u00e4usern am Campus stehen auch zur Verf\u00fcgung und kosten lediglich \u20ac 5.- f\u00fcr 24 Stunden.<\/p>\n<p>\u00dcber die Brunner Wiesn<\/p>\n<p style=\"text-align: justify;\"><em><br \/>\nSeit 2015 veranstaltet Weitblick Event &amp; Media die Brunner Wiesn. Herzst\u00fcck der Veranstaltung ist \u00d6sterreichs gr\u00f6\u00dftes Oktoberfestzelt mit einer Fl\u00e4che von fast 5000m\u00b2 und 3000 Sitzpl\u00e4tzen. Die Brunner Wiesn setzt auf ein abwechslungsreiches Programm f\u00fcr Jung und Alt. Neben dem traditionellen Bieranstich k\u00f6nnen sich die G\u00e4ste auf Live-Auftritte nationaler und internationaler Stars freuen. Das 30.000<\/em> <em>m\u00b2 gro\u00dfe Festgel\u00e4nde umfasst zudem einen Biergarten, Chalets, ein 1000m<\/em> <em>m\u00b2 Discozelt und einen Vergn\u00fcgungspark. F\u00fcr das leibliche Wohl sorgt eine Topgastronomie mit herzhaften Schmankerln. Die Veranstaltung zieht j\u00e4hrlich \u00fcber 150.000 begeisterte Besucher an. Dank ihrer Lage direkt an der Stadtgrenze zu Wien und vielen kostenlosen Parkpl\u00e4tzen ist die Brunner Wiesn bequem zu erreichen.<\/em><\/p>\n<p>&nbsp;<\/p>\n<p>&nbsp;<\/p>\n<p>&nbsp;<\/p>\n<p><strong>LINK-TIPPS:<\/strong><\/p>\n<p>&nbsp;<\/p>\n<p style=\"text-align: justify;\"><a href=\"http:\/\/www.instagram.com\/brunnerwiesn_official\">www.instagram.com\/brunnerwiesn_official<\/a><\/p>\n<p style=\"text-align: justify;\"><a href=\"http:\/\/www.facebook.com\/brunner.wiesn.official.fanpage\">www.facebook.com\/brunner.wiesn.official.fanpage<\/a><\/p>\n<p style=\"text-align: justify;\"><a href=\"http:\/\/www.brunner-wiesn.at\/\">www.brunner-wiesn.at<\/a><\/p>\n","protected":false},"excerpt":{"rendered":"<p>Konzerttickets mit garantierten Sitzpl\u00e4tzen sind ab fairen 35\u202fEuro auf oeticket.com erh\u00e4ltlich!<\/p>\n","protected":false},"author":2,"featured_media":266046,"comment_status":"open","ping_status":"closed","sticky":false,"template":"","format":"standard","meta":{"_FSMCFIC_featured_image_caption":"","_FSMCFIC_featured_image_nocaption":"","_FSMCFIC_featured_image_hide":""},"categories":[26],"tags":[5387],"acf":[],"_links":{"self":[{"href":"https:\/\/smago.de\/ws2\/wp-json\/wp\/v2\/posts\/266043"}],"collection":[{"href":"https:\/\/smago.de\/ws2\/wp-json\/wp\/v2\/posts"}],"about":[{"href":"https:\/\/smago.de\/ws2\/wp-json\/wp\/v2\/types\/post"}],"author":[{"embeddable":true,"href":"https:\/\/smago.de\/ws2\/wp-json\/wp\/v2\/users\/2"}],"replies":[{"embeddable":true,"href":"https:\/\/smago.de\/ws2\/wp-json\/wp\/v2\/comments?post=266043"}],"version-history":[{"count":6,"href":"https:\/\/smago.de\/ws2\/wp-json\/wp\/v2\/posts\/266043\/revisions"}],"predecessor-version":[{"id":266050,"href":"https:\/\/smago.de\/ws2\/wp-json\/wp\/v2\/posts\/266043\/revisions\/266050"}],"wp:featuredmedia":[{"embeddable":true,"href":"https:\/\/smago.de\/ws2\/wp-json\/wp\/v2\/media\/266046"}],"wp:attachment":[{"href":"https:\/\/smago.de\/ws2\/wp-json\/wp\/v2\/media?parent=266043"}],"wp:term":[{"taxonomy":"category","embeddable":true,"href":"https:\/\/smago.de\/ws2\/wp-json\/wp\/v2\/categories?post=266043"},{"taxonomy":"post_tag","embeddable":true,"href":"https:\/\/smago.de\/ws2\/wp-json\/wp\/v2\/tags?post=266043"}],"curies":[{"name":"wp","href":"https:\/\/api.w.org\/{rel}","templated":true}]}}