{"id":266038,"date":"2026-09-02T11:21:26","date_gmt":"2026-09-02T09:21:26","guid":{"rendered":"https:\/\/smago.de\/ws2\/?p=266038"},"modified":"2026-09-02T11:22:06","modified_gmt":"2026-09-02T09:22:06","slug":"goldene-henne-2026-armin-mueller-stahl-wird-fuer-sein-lebenswerk-geehrt","status":"publish","type":"post","link":"https:\/\/smago.de\/ws2\/schlager\/goldene-henne-2026-armin-mueller-stahl-wird-fuer-sein-lebenswerk-geehrt\/","title":{"rendered":"&#8222;GOLDENE HENNE 2026&#8220; <br>Armin Mueller-Stahl wird f\u00fcr sein Lebenswerk geehrt!"},"content":{"rendered":"<p>Der fast 96-j\u00e4hrige Schauspieler, Musiker, Maler, Schriftsteller und auch S\u00e4nger wird den Preis pers\u00f6nlich in Empfang nehmen!<!--more--><\/p>\n<p>&nbsp;<\/p>\n<p>&nbsp;<\/p>\n<p>&nbsp;<\/p>\n<p style=\"font-weight: 400; text-align: justify;\">Der Schauspieler, Musiker, Maler, Schriftsteller und auch S\u00e4nger ARMIN MUELLER-STAHL wird an diesem Freitag (4. September 2026) bei der <em>Goldenen Henne<\/em>\u00a0in Leipzig mit dem Ehrenpreis f\u00fcr sein Lebenswerk ausgezeichnet.<\/p>\n<p>&nbsp;<\/p>\n<p style=\"font-weight: 400; text-align: justify;\"><strong>Armin Mueller-Stahl:<\/strong> <em>\u201eIch bin in der gl\u00fccklichen Position, schon einige Preise f\u00fcr mein Lebenswerk in Empfang genommen haben zu d\u00fcrfen: den Goldenen Leoparden in Locarno, das Goldene Auge in Z\u00fcrich, den Goldenen B\u00e4ren bei der Berlinale und zuletzt den Goldenen Ochsen in Schwerin. Nun gesellt sich &#8211; in passender Farbe &#8211; die Goldene Henne dazu. Ich freue mich wirklich sehr \u00fcber diese Anerkennung. Ich stehe jetzt kurz vor meinem 96. Geburtstag, und mein Lebenswerk steht kurz vor dem Abschluss. Dass es nun noch mal mit diesem sch\u00f6nen Preis gew\u00fcrdigt wird, bedeutet mir sehr viel.\u201c<\/em><\/p>\n<p>&nbsp;<\/p>\n<p style=\"font-weight: 400; text-align: justify;\">Die G<em>oldene Henne<\/em>, Deutschlands gr\u00f6\u00dfter Publikumspreis, wird an diesem Freitag, 4. September 2026, in der HALLE:EINS der Leipziger Messe vor einem Publikum von rund 4.500 Zuschauern vergeben. Die glamour\u00f6se Show wird von Esther Sedlaczek und Florian Silbereisen moderiert und ab 20.15 Uhr live in der ARD Mediathek und im Ersten \u00fcbertragen. In diesem Jahr wird die <em>Goldene Henne<\/em>\u00a0in den vier Publikumskategorien \u201eFilm &amp; Fernsehen\u201c, \u201eEntertainment\u201c, \u201eMusik\u201c und \u201eSport\u201c verliehen. Au\u00dferdem gibt es mehrere Ehrenpreise der Jury. Einen gl\u00e4nzenden Abend werden nicht nur die Preistr\u00e4ger, sondern auch zahlreiche Showacts garantieren. Die Fans d\u00fcrfen sich u.a. auf eine grandiose Premiere freuen. P\u00fcnktlich zum Release ihrer neuen Single wird Superstar Helene Fischer den Song\u00a0&#8222;An meiner Seite&#8220;<strong>\u00a0<\/strong>erstmals live vor Publikum und TV-Kameras pr\u00e4sentieren sowie ihren WM-Hit \u201eHeute Nacht\u201c performen. Als internationaler Topact werden au\u00dferdem Take That die <em>Goldene Henne<\/em>-B\u00fchne rocken, die ebenfalls eine Premiere angek\u00fcndigt haben. Sie werden gemeinsam mit dem zweifachen <em>Goldene Henne<\/em>-Gewinner (2022\/2025) Michael Patrick Kelly ihren neuen Song \u201eFeel my Love\u201c singen.<\/p>\n<p style=\"font-weight: 400; text-align: justify;\">Die <em>Goldene Henne<\/em>\u00a0ist eine Veranstaltung von <em>SuperIllu <\/em>und MDR, in Kooperation mit NDR, BR und rbb.<\/p>\n<p>&nbsp;<\/p>\n<p>&nbsp;<\/p>\n<figure id=\"attachment_266040\" aria-describedby=\"caption-attachment-266040\" style=\"width: 651px\" class=\"wp-caption alignnone\"><img decoding=\"async\" loading=\"lazy\" class=\"size-large wp-image-266040\" src=\"https:\/\/smago.de\/ws2\/wp-content\/uploads\/2026\/09\/Bild-7-1-651x800.jpg\" alt=\"\" width=\"651\" height=\"800\" srcset=\"https:\/\/smago.de\/ws2\/wp-content\/uploads\/2026\/09\/Bild-7-1-651x800.jpg 651w, https:\/\/smago.de\/ws2\/wp-content\/uploads\/2026\/09\/Bild-7-1-424x522.jpg 424w, https:\/\/smago.de\/ws2\/wp-content\/uploads\/2026\/09\/Bild-7-1-122x150.jpg 122w, https:\/\/smago.de\/ws2\/wp-content\/uploads\/2026\/09\/Bild-7-1-768x944.jpg 768w, https:\/\/smago.de\/ws2\/wp-content\/uploads\/2026\/09\/Bild-7-1-1249x1536.jpg 1249w, https:\/\/smago.de\/ws2\/wp-content\/uploads\/2026\/09\/Bild-7-1-1665x2048.jpg 1665w, https:\/\/smago.de\/ws2\/wp-content\/uploads\/2026\/09\/Bild-7-1-221x272.jpg 221w, https:\/\/smago.de\/ws2\/wp-content\/uploads\/2026\/09\/Bild-7-1-488x600.jpg 488w, https:\/\/smago.de\/ws2\/wp-content\/uploads\/2026\/09\/Bild-7-1-106x130.jpg 106w, https:\/\/smago.de\/ws2\/wp-content\/uploads\/2026\/09\/Bild-7-1-362x445.jpg 362w, https:\/\/smago.de\/ws2\/wp-content\/uploads\/2026\/09\/Bild-7-1-155x190.jpg 155w, https:\/\/smago.de\/ws2\/wp-content\/uploads\/2026\/09\/Bild-7-1-236x290.jpg 236w\" sizes=\"(max-width: 651px) 100vw, 651px\" \/><figcaption id=\"caption-attachment-266040\" class=\"wp-caption-text\"><em>Foto-Credit: SuperIllu \/ Michael Handelmann<\/em><\/figcaption><\/figure>\n","protected":false},"excerpt":{"rendered":"<p>Der fast 96-j\u00e4hrige Schauspieler, Musiker, Maler, Schriftsteller und auch S\u00e4nger wird den Preis pers\u00f6nlich in Empfang nehmen!<\/p>\n","protected":false},"author":2,"featured_media":266040,"comment_status":"open","ping_status":"closed","sticky":false,"template":"","format":"standard","meta":{"_FSMCFIC_featured_image_caption":"","_FSMCFIC_featured_image_nocaption":"","_FSMCFIC_featured_image_hide":""},"categories":[3536,29],"tags":[276,5386],"acf":[],"_links":{"self":[{"href":"https:\/\/smago.de\/ws2\/wp-json\/wp\/v2\/posts\/266038"}],"collection":[{"href":"https:\/\/smago.de\/ws2\/wp-json\/wp\/v2\/posts"}],"about":[{"href":"https:\/\/smago.de\/ws2\/wp-json\/wp\/v2\/types\/post"}],"author":[{"embeddable":true,"href":"https:\/\/smago.de\/ws2\/wp-json\/wp\/v2\/users\/2"}],"replies":[{"embeddable":true,"href":"https:\/\/smago.de\/ws2\/wp-json\/wp\/v2\/comments?post=266038"}],"version-history":[{"count":2,"href":"https:\/\/smago.de\/ws2\/wp-json\/wp\/v2\/posts\/266038\/revisions"}],"predecessor-version":[{"id":266042,"href":"https:\/\/smago.de\/ws2\/wp-json\/wp\/v2\/posts\/266038\/revisions\/266042"}],"wp:featuredmedia":[{"embeddable":true,"href":"https:\/\/smago.de\/ws2\/wp-json\/wp\/v2\/media\/266040"}],"wp:attachment":[{"href":"https:\/\/smago.de\/ws2\/wp-json\/wp\/v2\/media?parent=266038"}],"wp:term":[{"taxonomy":"category","embeddable":true,"href":"https:\/\/smago.de\/ws2\/wp-json\/wp\/v2\/categories?post=266038"},{"taxonomy":"post_tag","embeddable":true,"href":"https:\/\/smago.de\/ws2\/wp-json\/wp\/v2\/tags?post=266038"}],"curies":[{"name":"wp","href":"https:\/\/api.w.org\/{rel}","templated":true}]}}