{"id":266030,"date":"2026-09-04T00:00:49","date_gmt":"2026-09-03T22:00:49","guid":{"rendered":"https:\/\/smago.de\/ws2\/?p=266030"},"modified":"2026-09-02T11:10:03","modified_gmt":"2026-09-02T09:10:03","slug":"wir-sind-lumiere-aus-wir-sind-lumiere-wird-we-are-lumiere-weltweit","status":"publish","type":"post","link":"https:\/\/smago.de\/ws2\/pop\/wir-sind-lumiere-aus-wir-sind-lumiere-wird-we-are-lumiere-weltweit\/","title":{"rendered":"WIR SIND LUMI\u00c8RE <br>Aus &#8222;Wir sind Lumi\u00e8re&#8220; wird &#8222;We Are Lumi\u00e8re&#8220; \u2013 weltweit!"},"content":{"rendered":"<p style=\"text-align: justify;\">Eine gro\u00df angelegte Radio-Promotion in allen US-Bundesstaaten beginnt am 15. September und l\u00e4uft \u00fcber sechs Wochen! Und die USA sind nur der Anfang &#8230;:<br \/>\n<!--more--><\/p>\n<p>&nbsp;<\/p>\n<p>&nbsp;<\/p>\n<p>&nbsp;<\/p>\n<p style=\"text-align: justify;\">Mit ihrem deutsch-franz\u00f6sischen Popprojekt setzt die Band um S\u00e4nger Marlon S., &#8222;Wir sind Lumi\u00e8re&#8220;, den n\u00e4chsten gro\u00dfen Schritt: Nach dem erfolgreichen Start im deutschsprachigen Raum erscheint der Song nun auch in englischer Version \u2013 &#8222;We Are Lumi\u00e8re&#8220;.<\/p>\n<p style=\"text-align: justify;\">Eine gro\u00df angelegte Radio-Promotion in allen US-Bundesstaaten beginnt am 15. September und l\u00e4uft \u00fcber sechs Wochen \u2013 ein Meilenstein f\u00fcr ein Projekt, das Authentizit\u00e4t und k\u00fcnstlerische Klarheit zu seinem Markenzeichen gemacht hat.<\/p>\n<p style=\"text-align: justify;\">Doch die USA sind nur der Anfang: Bereits terminiert sind weitere internationale Aktionen in Australien, Kanada, sowie Nord- und S\u00fcdeuropa.<\/p>\n<p style=\"text-align: justify;\">Das deutsche Musiklabel <em>Planet World Music<\/em> macht damit seinem Namen alle Ehre und begleitet die Band auf ihrem Weg in die weltweite Radiolandschaft.<\/p>\n<p style=\"text-align: justify;\">Eine Zeile aus ihrem Song \u201eWir sind Lumi\u00e8re\u201c bringt die Haltung der Band auf den Punkt: <em>\u201eBonjour la vie, <\/em><em>ich<\/em> <em>k\u00fcss<\/em> <em>den<\/em> <em>Tag,<\/em> <em>weil<\/em> <em>ich<\/em> <em>wei\u00df,<\/em> <em>dass<\/em> <em>ich<\/em> <em>gewinnen<\/em> <em>mag.<\/em> <em>Kein Limit im Kopf, nur Vision im Blick.\u201c<\/em><\/p>\n<p style=\"text-align: justify;\">Diese Vision leben sie \u2013 und beweisen mit dem internationalen Release, dass ihre Botschaft weit \u00fcber Sprachgrenzen hinaus tr\u00e4gt.<\/p>\n<h1 style=\"text-align: justify;\"><\/h1>\n<h1><\/h1>\n<h1 style=\"text-align: justify;\">Bandname bleibt<\/h1>\n<p>&nbsp;<\/p>\n<p style=\"text-align: justify;\">Trotz des globalen Ausbaus bleibt eines unver\u00e4ndert: Der Bandname. F\u00fcr englischsprachige Moderatoren vielleicht eine Herausforderung, f\u00fcr die Band jedoch ein Statement. \u201e<em>Wir sind Lumi\u00e8re\u201c bleibt \u201eWir sind <\/em><em>Lumi\u00e8re\u201c.<\/em> Keine Anpassung, kein Kompromiss \u2013 Authentizit\u00e4t vor Einfachheit.<\/p>\n<h1><\/h1>\n<h1><\/h1>\n<h1>Neuer deutscher Song noch dieses Jahr<\/h1>\n<p>&nbsp;<\/p>\n<p style=\"text-align: justify;\">Doch auch die Fans des deutschsprachigen Pop d\u00fcrfen sich freuen: Noch in diesem Jahr erscheint ein neuer deutscher Song, ganz im Stil des warmen, hoffnungsvollen und modernen Sounds, der <em>Wir<\/em> <em>sind<\/em> <em>Lumi\u00e8re<\/em> auszeichnet.<\/p>\n<p style=\"text-align: justify;\">Mit ihrem Mix aus poetischen Texten, internationaler Energie und einer klaren k\u00fcnstlerischen Haltung zeigt die Band, dass ihr Licht nicht nur in Europa, sondern bald weltweit strahlen wird.<\/p>\n<p>&nbsp;<\/p>\n<p>&nbsp;<\/p>\n<p><img decoding=\"async\" loading=\"lazy\" class=\"alignnone size-large wp-image-266032\" src=\"https:\/\/smago.de\/ws2\/wp-content\/uploads\/2026\/09\/Cover-We-Are-Lumiere-800x800.jpg\" alt=\"\" width=\"800\" height=\"800\" srcset=\"https:\/\/smago.de\/ws2\/wp-content\/uploads\/2026\/09\/Cover-We-Are-Lumiere-800x800.jpg 800w, https:\/\/smago.de\/ws2\/wp-content\/uploads\/2026\/09\/Cover-We-Are-Lumiere-522x522.jpg 522w, https:\/\/smago.de\/ws2\/wp-content\/uploads\/2026\/09\/Cover-We-Are-Lumiere-150x150.jpg 150w, https:\/\/smago.de\/ws2\/wp-content\/uploads\/2026\/09\/Cover-We-Are-Lumiere-768x768.jpg 768w, https:\/\/smago.de\/ws2\/wp-content\/uploads\/2026\/09\/Cover-We-Are-Lumiere-1536x1536.jpg 1536w, https:\/\/smago.de\/ws2\/wp-content\/uploads\/2026\/09\/Cover-We-Are-Lumiere-2048x2048.jpg 2048w, https:\/\/smago.de\/ws2\/wp-content\/uploads\/2026\/09\/Cover-We-Are-Lumiere-272x272.jpg 272w, https:\/\/smago.de\/ws2\/wp-content\/uploads\/2026\/09\/Cover-We-Are-Lumiere-600x600.jpg 600w, https:\/\/smago.de\/ws2\/wp-content\/uploads\/2026\/09\/Cover-We-Are-Lumiere-130x130.jpg 130w, https:\/\/smago.de\/ws2\/wp-content\/uploads\/2026\/09\/Cover-We-Are-Lumiere-445x445.jpg 445w, https:\/\/smago.de\/ws2\/wp-content\/uploads\/2026\/09\/Cover-We-Are-Lumiere-190x190.jpg 190w, https:\/\/smago.de\/ws2\/wp-content\/uploads\/2026\/09\/Cover-We-Are-Lumiere-290x290.jpg 290w\" sizes=\"(max-width: 800px) 100vw, 800px\" \/><\/p>\n","protected":false},"excerpt":{"rendered":"<p>Eine gro\u00df angelegte Radio-Promotion in allen US-Bundesstaaten beginnt am 15. September und l\u00e4uft \u00fcber sechs Wochen! Und die USA sind<\/p>\n","protected":false},"author":2,"featured_media":266031,"comment_status":"open","ping_status":"closed","sticky":false,"template":"","format":"standard","meta":{"_FSMCFIC_featured_image_caption":"","_FSMCFIC_featured_image_nocaption":"","_FSMCFIC_featured_image_hide":""},"categories":[27],"tags":[5184],"acf":[],"_links":{"self":[{"href":"https:\/\/smago.de\/ws2\/wp-json\/wp\/v2\/posts\/266030"}],"collection":[{"href":"https:\/\/smago.de\/ws2\/wp-json\/wp\/v2\/posts"}],"about":[{"href":"https:\/\/smago.de\/ws2\/wp-json\/wp\/v2\/types\/post"}],"author":[{"embeddable":true,"href":"https:\/\/smago.de\/ws2\/wp-json\/wp\/v2\/users\/2"}],"replies":[{"embeddable":true,"href":"https:\/\/smago.de\/ws2\/wp-json\/wp\/v2\/comments?post=266030"}],"version-history":[{"count":4,"href":"https:\/\/smago.de\/ws2\/wp-json\/wp\/v2\/posts\/266030\/revisions"}],"predecessor-version":[{"id":266036,"href":"https:\/\/smago.de\/ws2\/wp-json\/wp\/v2\/posts\/266030\/revisions\/266036"}],"wp:featuredmedia":[{"embeddable":true,"href":"https:\/\/smago.de\/ws2\/wp-json\/wp\/v2\/media\/266031"}],"wp:attachment":[{"href":"https:\/\/smago.de\/ws2\/wp-json\/wp\/v2\/media?parent=266030"}],"wp:term":[{"taxonomy":"category","embeddable":true,"href":"https:\/\/smago.de\/ws2\/wp-json\/wp\/v2\/categories?post=266030"},{"taxonomy":"post_tag","embeddable":true,"href":"https:\/\/smago.de\/ws2\/wp-json\/wp\/v2\/tags?post=266030"}],"curies":[{"name":"wp","href":"https:\/\/api.w.org\/{rel}","templated":true}]}}