{"id":266024,"date":"2026-09-02T09:07:06","date_gmt":"2026-09-02T07:07:06","guid":{"rendered":"https:\/\/smago.de\/ws2\/?p=266024"},"modified":"2026-09-02T09:07:56","modified_gmt":"2026-09-02T07:07:56","slug":"joey-heindle-francine-jordi-anna-carina-woitschack-u-a-auch-sie-sind-fuer-die-starnacht-aus-der-wachau-bestaetigt","status":"publish","type":"post","link":"https:\/\/smago.de\/ws2\/pop-schlager\/joey-heindle-francine-jordi-anna-carina-woitschack-u-a-auch-sie-sind-fuer-die-starnacht-aus-der-wachau-bestaetigt\/","title":{"rendered":"JOEY HEINDLE, FRANCINE JORDI, ANNA-CARINA WOITSCHACK u.a. <br>Auch SIE sind f\u00fcr die &#8222;STARnacht aus der Wachau&#8220; best\u00e4tigt!"},"content":{"rendered":"<p>Die &#8222;STARnacht aus der Wachau&#8220; steigt am 18.09. + 19.09.2026 in<span lang=\"DE\"> Rossatzbach \/Arnsdorf!\u00a0Die Sendung wird am 19.09.2026 in\u00a0ORF2 und im MDR Fernsehen live zeitversetzt ausgestrahlt!<\/span><!--more--><\/p>\n<p>&nbsp;<\/p>\n<p>&nbsp;<\/p>\n<p style=\"font-weight: 400; text-align: justify;\">In zwei Wochen wird aus der kleinen Donaugemeinde Rossatzbach\/Arnsdorf die gr\u00f6\u00dfte TV-Open Air-B\u00fchne \u00d6sterreichs. An der Set-Liste wird bis zum Schluss eifrig gearbeitet. Das eine oder andere Highlight d\u00fcrfen wir uns noch erwarten. Sechs weitere klingende Namen kommen jetzt neu dazu: <strong>Glasperlenspiel<\/strong>, <strong>NESS<\/strong>, <strong>Francine Jordi, Anna-Carina Woitschack<\/strong>, <strong>Joey Heindle<\/strong> und <strong>KUULT<\/strong>.<\/p>\n<p style=\"font-weight: 400; text-align: justify;\">Weiters live on Stage in der Wachau:<strong> Unheilig<\/strong>, <strong>Nino de Angelo<\/strong>, <strong>Peggy March<\/strong>, <strong>Chris Steger<\/strong>, <strong>Marina Marx<\/strong>, <strong>Julia Buchner<\/strong>, <strong>Josh.<\/strong>, <strong>Lucas Fendrich<\/strong> und <strong>Thorsteinn Einarsson<\/strong>.<\/p>\n<p style=\"font-weight: 400; text-align: justify;\"><strong>Glasperlenspiel<\/strong> kommen zur STARnacht.<strong> Carolin Niemczyk<\/strong> und<strong> Daniel Grunenberg <\/strong>aus dem badischen Stockach haben den Namen ihres Duos einst Hermann Hesse entliehen und pr\u00e4gen seit \u00fcber einem Jahrzehnt den deutschsprachigen Elektropop mit Hits wie \u201eEcht\u201c, \u201eNie vergessen\u201c, \u201eFreundschaft\u201c und dem Ohrwurm \u201eGeiles Leben\u201c, der l\u00e4ngst zum Generationensoundtrack geworden ist. Ende Oktober 2026 erscheint mit \u201eGPS 26\u201c ihr neues Album, das die beiden selbst als \u201emutiges, neues Kapitel\u201c beschreiben.<\/p>\n<p style=\"font-weight: 400; text-align: justify;\">Die Schweizer Schlagerk\u00f6nigin <strong>Francine Jordi<\/strong> ist der Sonnenschein unter den Superstars. Immer gut drauf, mit einem gewinnenden L\u00e4cheln im Gesicht. Daf\u00fcr lieben sie ihre Fans. Mit ihrer neuen Single \u201eMutmacher Song\u201c schl\u00e4gt Francine Jordi leise, aber kraftvolle T\u00f6ne an. Der Song greift ein Gef\u00fchl auf, das viele Menschen nur allzu gut kennen: den st\u00e4ndigen Vergleich mit anderen und die Zweifel an sich selbst.<\/p>\n<p style=\"font-weight: 400; text-align: justify;\"><strong>Anna-Carina Woitschack<\/strong> hat 2011 bei der TV-Show \u201eDSDS\u201c gezeigt, was sie kann. Jetzt geh\u00f6rt sie zu den erfolgreichsten Stimmen ihres Genres: Ihre vergangenen Alben landeten allesamt in den deutschen Top 10, \u201eMeine Zeit\u201c stieg auf Platz drei ein, \u201eMach das nochmal mit mir\u201c f\u00fchrte die Airplaycharts an. Dazu kommt der gr\u00f6\u00dfte TV-Erfolg ihrer Laufbahn: der Sieg bei \u201eLet\u2019s Dance\u201c.<\/p>\n<p style=\"font-weight: 400; text-align: justify;\"><strong>KUULT<\/strong> sind der Beweis, dass sich eine Karriere auch von unten nach oben singen l\u00e4sst. 2013 in Essen gegr\u00fcndet, r\u00e4umte das Trio um Frontmann <strong>Chris Werner<\/strong>, <strong>Philipp Evers<\/strong> und <strong>Christian de Crau <\/strong>schon ein Jahr sp\u00e4ter, gleich sieben Auszeichnungen beim Deutschen Rock &amp; Pop Preis ab. Mit \u201eKinder der 90er\u201c und \u201eWenn du lachst\u201c landeten sie virale Streaming-Erfolge, das Album \u201eMehr als zuvor\u201c brachte den Sprung in die Charts. Im Herbst f\u00fchrt die \u201ePolaroid Tour 2026\u201c die Band unter anderem nach Wien, Linz und Graz.<\/p>\n<p style=\"font-weight: 400; text-align: justify;\"><strong>NESS<\/strong> ist eine der spannendsten Popstimmen \u00d6sterreichs. Mit 21 Jahren hat die Singer\/Songwriterin \u00fcber 70 Millionen Streams gesammelt, z\u00e4hlt rund 1,5 Millionen H\u00f6rerinnen auf Spotify und hat drei ausverkaufte Headliner-Touren hinter sich. F\u00fcr \u201eBetrunken\u201c gab es eine Amadeus-Nominierung, sie ver\u00f6ffentlichte eine Neuversion von \u201eIch will nur, dass du wei\u00dft\u201c und 2026 legt sie mit \u201eFluchtinstinkt\u201c ihr Deb\u00fctalbum vor.<\/p>\n<p style=\"font-weight: 400; text-align: justify;\"><strong>Joey Heindle<\/strong> wurde 2012 bei DSDS entdeckt und 2013 zum Dschungelk\u00f6nig der RTL-Show \u201eIch bin ein Star &#8211; Holt mich hier raus!\u201c gek\u00fcrt. Der S\u00e4nger gewann 2022 die dritte Staffel des Schweizer \u201eMasked Singer\u201c und absolvierte nebenbei eine Ausbildung zum Rettungssanit\u00e4ter. Bis heute ist er ehrenamtlich im Einsatz. Musikalisch hat Joey 2026 einen gro\u00dfen Schritt gemacht: Seine Single \u201eSchwer zu erkl\u00e4ren\u201c, eine deutsche Neuinterpretation des 80er-Welthits \u201eWords\u201c von F.R. David landete an der Spitze der Hitparaden-Welt.<\/p>\n<p style=\"font-weight: 400; text-align: justify;\"><strong>Die \u201eSTARnacht aus der Wachau\u201c wird am 19. September 2026 auf ORF2 und im MDR Fernsehen live zeitversetzt ausgestrahlt.<\/strong><\/p>\n<p style=\"font-weight: 400; text-align: justify;\"><strong>\u00a0<\/strong><\/p>\n<p style=\"font-weight: 400; text-align: justify;\"><strong>Karten f\u00fcr die STARnacht gibt es unter <a href=\"http:\/\/www.starnacht.tv\/\">www.starnacht.tv<\/a>.<\/strong><\/p>\n","protected":false},"excerpt":{"rendered":"<p>Die &#8222;STARnacht aus der Wachau&#8220; steigt am 18.09. + 19.09.2026 in Rossatzbach \/Arnsdorf!\u00a0Die Sendung wird am 19.09.2026 in\u00a0ORF2 und im<\/p>\n","protected":false},"author":2,"featured_media":266025,"comment_status":"open","ping_status":"closed","sticky":false,"template":"","format":"standard","meta":{"_FSMCFIC_featured_image_caption":"","_FSMCFIC_featured_image_nocaption":"","_FSMCFIC_featured_image_hide":""},"categories":[28,39,128],"tags":[3705],"acf":[],"_links":{"self":[{"href":"https:\/\/smago.de\/ws2\/wp-json\/wp\/v2\/posts\/266024"}],"collection":[{"href":"https:\/\/smago.de\/ws2\/wp-json\/wp\/v2\/posts"}],"about":[{"href":"https:\/\/smago.de\/ws2\/wp-json\/wp\/v2\/types\/post"}],"author":[{"embeddable":true,"href":"https:\/\/smago.de\/ws2\/wp-json\/wp\/v2\/users\/2"}],"replies":[{"embeddable":true,"href":"https:\/\/smago.de\/ws2\/wp-json\/wp\/v2\/comments?post=266024"}],"version-history":[{"count":2,"href":"https:\/\/smago.de\/ws2\/wp-json\/wp\/v2\/posts\/266024\/revisions"}],"predecessor-version":[{"id":266027,"href":"https:\/\/smago.de\/ws2\/wp-json\/wp\/v2\/posts\/266024\/revisions\/266027"}],"wp:featuredmedia":[{"embeddable":true,"href":"https:\/\/smago.de\/ws2\/wp-json\/wp\/v2\/media\/266025"}],"wp:attachment":[{"href":"https:\/\/smago.de\/ws2\/wp-json\/wp\/v2\/media?parent=266024"}],"wp:term":[{"taxonomy":"category","embeddable":true,"href":"https:\/\/smago.de\/ws2\/wp-json\/wp\/v2\/categories?post=266024"},{"taxonomy":"post_tag","embeddable":true,"href":"https:\/\/smago.de\/ws2\/wp-json\/wp\/v2\/tags?post=266024"}],"curies":[{"name":"wp","href":"https:\/\/api.w.org\/{rel}","templated":true}]}}