{"id":266019,"date":"2026-09-01T20:06:24","date_gmt":"2026-09-01T18:06:24","guid":{"rendered":"https:\/\/smago.de\/ws2\/?p=266019"},"modified":"2026-09-01T20:07:07","modified_gmt":"2026-09-01T18:07:07","slug":"tony-christie-katja-ebstein-markus-vicky-leandros-u-a-die-ersten-gaeste-fuer-das-heidifest-2026-von-heidi-klum-stehen-fest","status":"publish","type":"post","link":"https:\/\/smago.de\/ws2\/ndw\/tony-christie-katja-ebstein-markus-vicky-leandros-u-a-die-ersten-gaeste-fuer-das-heidifest-2026-von-heidi-klum-stehen-fest\/","title":{"rendered":"TONY CHRISTIE, KATJA EBSTEIN, MARKUS, VICKY LEANDROS u.a. <br>Die ersten G\u00e4ste f\u00fcr das &#8222;HeidiFest 2026&#8220; von Heidi Klum stehen fest!"},"content":{"rendered":"<p>Heidi l\u00e4sst sich auuch dieses Jahr nicht lumpen &#8230;:<br \/>\n<!--more--><\/p>\n<p>&nbsp;<\/p>\n<p>&nbsp;<\/p>\n<p style=\"text-align: justify;\">\n<p style=\"text-align: justify;\">RTL r\u00e4umt den Abend f\u00fcr Heidi Klum frei: Am 17. September zeigt der Sender das komplette &#8222;HeidiFest&#8220; ab 20:15 Uhr bis 22:30 Uhr im Free-TV. Parallel l\u00e4uft Heidis gro\u00dfe Wiesn-Party in voller L\u00e4nge kostenlos auf RTL+. Auch die ersten Musik-Acts stehen fest: Vicky Leandros, Markus, Liz Mitchell von Boney M., La Bouche, Katja Ebstein und Tony Christie feiern und singen mit Heidi im M\u00fcnchner Hofbr\u00e4uhaus. Weitere nationale und internationale Musik-Acts sowie prominente G\u00e4ste gibt RTL zu einem sp\u00e4teren Zeitpunkt bekannt.<\/p>\n<p style=\"text-align: justify;\">Inga Leschek, Chief Content Officer RTL Deutschland: &#8222;Die gro\u00dfe Resonanz auf unsere Ank\u00fcndigung des &#8218;HeidiFests&#8216; zeigt uns: Die Menschen haben richtig Lust auf diesen besonderen Abend. Also machen wir keine halben Sachen. Am 17. September r\u00e4umen wir den RTL-Abend frei und zeigen das komplette &#8218;HeidiFest&#8216;. Heidi Klum \u00fcbernimmt RTL, und wir freuen uns gemeinsam auf ein rauschendes Fest im Hofbr\u00e4uhaus!&#8220;.<\/p>\n<p style=\"text-align: justify;\">\n<p>&nbsp;<\/p>\n<p><strong>&#8222;HeidiFest&#8220; bei RTL und auf RTL+<\/strong><\/p>\n<p>&nbsp;<\/p>\n<p>&nbsp;<\/p>\n<p>Do., 17.09., 18:30 Uhr | RTL<br \/>\nFrauke Ludowig er\u00f6ffnet den Abend mit einem &#8222;Exclusiv Spezial&#8220; aus M\u00fcnchen und stimmt auf das &#8222;HeidiFest&#8220; ein.<\/p>\n<p>&nbsp;<\/p>\n<p>Do., 17.09. 18:45 Uhr | RTL+<br \/>\nCountdown vom gr\u00fcnen Teppich vor dem Hofbr\u00e4uhaus: mit exklusiven Einblicken, ersten Stimmen und den G\u00e4sten des Abends.<\/p>\n<p>&nbsp;<\/p>\n<p>Do., 17.09. 20:15 Uhr bis 22:30 Uhr| RTL &amp; RTL+<br \/>\nO\u2019zapft is: Das komplette &#8222;HeidiFest&#8220; bei RTL und kostenlos auf RTL+.<\/p>\n<p>&nbsp;<\/p>\n<p>Sa., 19.09., 17:45 Uhr | RTL<br \/>\n&#8222;Exclusiv Spezial \u2013 Heidis Wiesn-Wunderland&#8220; zeigt noch einmal die sch\u00f6nsten Momente und besten Auftritte der Party.<\/p>\n<p>&nbsp;<\/p>\n<p>&nbsp;<\/p>\n<figure id=\"attachment_266020\" aria-describedby=\"caption-attachment-266020\" style=\"width: 800px\" class=\"wp-caption alignnone\"><img decoding=\"async\" loading=\"lazy\" class=\"size-large wp-image-266020\" src=\"https:\/\/smago.de\/ws2\/wp-content\/uploads\/2026\/09\/D7B4C-800x450.jpg\" alt=\"\" width=\"800\" height=\"450\" srcset=\"https:\/\/smago.de\/ws2\/wp-content\/uploads\/2026\/09\/D7B4C-800x450.jpg 800w, https:\/\/smago.de\/ws2\/wp-content\/uploads\/2026\/09\/D7B4C-522x294.jpg 522w, https:\/\/smago.de\/ws2\/wp-content\/uploads\/2026\/09\/D7B4C-267x150.jpg 267w, https:\/\/smago.de\/ws2\/wp-content\/uploads\/2026\/09\/D7B4C-768x432.jpg 768w, https:\/\/smago.de\/ws2\/wp-content\/uploads\/2026\/09\/D7B4C-1536x864.jpg 1536w, https:\/\/smago.de\/ws2\/wp-content\/uploads\/2026\/09\/D7B4C-392x221.jpg 392w, https:\/\/smago.de\/ws2\/wp-content\/uploads\/2026\/09\/D7B4C-130x73.jpg 130w, https:\/\/smago.de\/ws2\/wp-content\/uploads\/2026\/09\/D7B4C-791x445.jpg 791w, https:\/\/smago.de\/ws2\/wp-content\/uploads\/2026\/09\/D7B4C-870x489.jpg 870w, https:\/\/smago.de\/ws2\/wp-content\/uploads\/2026\/09\/D7B4C-292x164.jpg 292w, https:\/\/smago.de\/ws2\/wp-content\/uploads\/2026\/09\/D7B4C-435x245.jpg 435w, https:\/\/smago.de\/ws2\/wp-content\/uploads\/2026\/09\/D7B4C-895x503.jpg 895w, https:\/\/smago.de\/ws2\/wp-content\/uploads\/2026\/09\/D7B4C.jpg 1920w\" sizes=\"(max-width: 800px) 100vw, 800px\" \/><figcaption id=\"caption-attachment-266020\" class=\"wp-caption-text\"><em>Visual zu &#8222;HeidiFest&#8220;<\/em><\/p>\n<p><em>Foto-Credit: RTL<\/em><\/p>\n<p><em>Bitte beachten Sie auch <strong><a href=\"http:\/\/www.rtlplus.de\">RTL+<\/a><\/strong>!<\/em><\/figcaption><\/figure>\n","protected":false},"excerpt":{"rendered":"<p>Heidi l\u00e4sst sich auuch dieses Jahr nicht lumpen &#8230;:<\/p>\n","protected":false},"author":2,"featured_media":266020,"comment_status":"open","ping_status":"closed","sticky":false,"template":"","format":"standard","meta":{"_FSMCFIC_featured_image_caption":"","_FSMCFIC_featured_image_nocaption":"","_FSMCFIC_featured_image_hide":""},"categories":[22,28,29,39,128],"tags":[4611],"acf":[],"_links":{"self":[{"href":"https:\/\/smago.de\/ws2\/wp-json\/wp\/v2\/posts\/266019"}],"collection":[{"href":"https:\/\/smago.de\/ws2\/wp-json\/wp\/v2\/posts"}],"about":[{"href":"https:\/\/smago.de\/ws2\/wp-json\/wp\/v2\/types\/post"}],"author":[{"embeddable":true,"href":"https:\/\/smago.de\/ws2\/wp-json\/wp\/v2\/users\/2"}],"replies":[{"embeddable":true,"href":"https:\/\/smago.de\/ws2\/wp-json\/wp\/v2\/comments?post=266019"}],"version-history":[{"count":2,"href":"https:\/\/smago.de\/ws2\/wp-json\/wp\/v2\/posts\/266019\/revisions"}],"predecessor-version":[{"id":266022,"href":"https:\/\/smago.de\/ws2\/wp-json\/wp\/v2\/posts\/266019\/revisions\/266022"}],"wp:featuredmedia":[{"embeddable":true,"href":"https:\/\/smago.de\/ws2\/wp-json\/wp\/v2\/media\/266020"}],"wp:attachment":[{"href":"https:\/\/smago.de\/ws2\/wp-json\/wp\/v2\/media?parent=266019"}],"wp:term":[{"taxonomy":"category","embeddable":true,"href":"https:\/\/smago.de\/ws2\/wp-json\/wp\/v2\/categories?post=266019"},{"taxonomy":"post_tag","embeddable":true,"href":"https:\/\/smago.de\/ws2\/wp-json\/wp\/v2\/tags?post=266019"}],"curies":[{"name":"wp","href":"https:\/\/api.w.org\/{rel}","templated":true}]}}