{"id":266012,"date":"2026-09-02T00:00:52","date_gmt":"2026-09-01T22:00:52","guid":{"rendered":"https:\/\/smago.de\/ws2\/?p=266012"},"modified":"2026-09-01T18:31:37","modified_gmt":"2026-09-01T16:31:37","slug":"oeschs-die-dritten-oeschs-die-dritten-sagen-merci-familienband-kuendigt-ihr-ende-an","status":"publish","type":"post","link":"https:\/\/smago.de\/ws2\/volksmusik\/oeschs-die-dritten-oeschs-die-dritten-sagen-merci-familienband-kuendigt-ihr-ende-an\/","title":{"rendered":"OESCH&#8217;S DIE DRITTEN <br>OESCH\u2019S DIE DRITTEN sagen &#8222;Merci&#8220;: Familienband k\u00fcndigt ihr Ende an!"},"content":{"rendered":"<p>Nach \u00fcber 30 Jahren gemeinsamer Musik soll 2028 Schluss sein: Oesch&#8217;s die Dritten&#8220;\u00a0 verabschieden sich <em>(&#8222;Wir wollen aufh\u00f6ren, wenn\u2019s am sch\u00f6nsten ist&#8220;)<\/em>!<!--more--><\/p>\n<p>&nbsp;<\/p>\n<p style=\"text-align: justify;\">\n<p style=\"text-align: justify;\">\nNach 30 Jahren gemeinsamer Musikgeschichte k\u00fcndigen OESCH\u2019S DIE DRITTEN ihr Ende an. Die \u00ab30 Jahre MERCI\u00bb-Tour 2027 und 2028 wird die letzte Tournee der Schweizer Familienband.<\/p>\n<p style=\"text-align: justify;\">\u00abJa ihr Lieben, heute k\u00fcndigen wir unser letztes Kapitel an.\u00bb Mit diesen Worten verk\u00fcndete Melanie Oesch am 26. August 2026 auf der Facebook-Seite von OESCH\u2019S DIE DRITTEN eine Nachricht, die viele Fans traurig stimmen d\u00fcrfte.<\/p>\n<p style=\"text-align: justify;\">Die Entscheidung sei der Familie nicht leichtgefallen. \u00abEs ist eine Entscheidung, die uns sehr schwer f\u00e4llt, weil wir die Musik \u00fcber alles lieben und damit eigentlich nie aufh\u00f6ren wollen\u00bb, schreibt Melanie. Dennoch habe man als Familie gesp\u00fcrt, \u00abdass der Zeitpunkt gekommen ist, einen Schlusspunkt zu setzen\u00bb.<\/p>\n<p style=\"text-align: justify;\">\n<p style=\"text-align: justify;\">\n<p style=\"text-align: justify;\">\n<h2 style=\"text-align: justify;\">Selbstbestimmt nach 30 Jahren<\/h2>\n<p style=\"text-align: justify;\">\n<p style=\"text-align: justify;\">Die Familie m\u00f6chte den Zeitpunkt ihres Abschieds selbst bestimmen. \u00abWir haben immer gesagt, wir wollen aufh\u00f6ren, wenn\u2019s am sch\u00f6nsten ist\u00bb, erkl\u00e4rt Melanie Oesch.<\/p>\n<p style=\"text-align: justify;\">Sie erg\u00e4nzt: \u00abWir haben unser ganzes Herzblut, Kreativit\u00e4t und unfassbar viel Zeit in Oesch\u2019s die Dritten gesteckt und auch deshalb wollen wir es nicht dem Zufall, dem Alter oder den Entwicklungen im Musikbusiness \u00fcberlassen, wann unsere gemeinsame Reise endet.\u00bb<\/p>\n<p style=\"text-align: justify;\">Damit ist klar: Die \u00ab30 Jahre MERCI\u00bb-Tour wird nicht nur eine Jubil\u00e4umstournee, sondern gleichzeitig die gro\u00dfe Abschiedstour.<\/p>\n<h2 style=\"text-align: justify;\"><\/h2>\n<h2 style=\"text-align: justify;\"><\/h2>\n<h2 style=\"text-align: justify;\"><\/h2>\n<h2 style=\"text-align: justify;\">Eine au\u00dfergew\u00f6hnliche Erfolgsgeschichte<\/h2>\n<p style=\"text-align: justify;\">\n<p style=\"text-align: justify;\">OESCH\u2019S DIE DRITTEN haben in den vergangenen drei Jahrzehnten Schweizer Volksmusikgeschichte geschrieben. Der gro\u00dfe Durchbruch gelang 2007 mit dem \u00abKu-Ku-Jodel\u00bb und den Auftritten beim \u00abMusikantenstadl\u00bb.<\/p>\n<p style=\"text-align: justify;\">Insbesondere Melanie Oesch wurde mit ihrer Jodelstimme weit \u00fcber die Schweiz hinaus bekannt. Die Familie verband traditionelle Schweizer Volksmusik mit moderner Unterhaltung und entwickelte dadurch einen ganz eigenen Stil.<\/p>\n<p style=\"text-align: justify;\">Zahlreiche Konzerte, Ver\u00f6ffentlichungen, Fernsehauftritte und Auszeichnungen folgten. Aus einer musikalischen Familie wurde eine der bekanntesten Formationen der Schweizer Volksmusik.<\/p>\n<h2 style=\"text-align: justify;\"><\/h2>\n<h2 style=\"text-align: justify;\"><\/h2>\n<h2 style=\"text-align: justify;\"><\/h2>\n<h2 style=\"text-align: justify;\">Jetzt hei\u00dft es \u00abMERCI\u00bb<\/h2>\n<p style=\"text-align: justify;\">\n<p style=\"text-align: justify;\">NOCH ist die Geschichte allerdings nicht zu Ende. Die kommenden eineinhalb Jahre geh\u00f6ren der letzten gemeinsamen Tournee.<\/p>\n<p style=\"text-align: justify;\">\u00abWir freuen uns fest auf alles, was uns in diesen letzten eineinhalb Jahren noch erwartet und auf viele pers\u00f6nliche Wiedersehen und Zusammentreffen mit euch\u00bb, schreibt Melanie Oesch.<\/p>\n<p style=\"text-align: justify;\">Am 26. August 2026 startete der Vorverkauf f\u00fcr zahlreiche weitere Termine der \u00abMERCI\u00bb-Tour. Gleichzeitig gingen die Tickets f\u00fcr die beiden letzten Konzerte im Mai 2028 in\u00a0Montreux und Bern\u00a0in den Verkauf.<\/p>\n<p style=\"text-align: justify;\">Danach wird es OESCH\u2019S DIE DRITTEN \u00abin der Form und Besetzung nicht mehr geben\u00bb.<\/p>\n<h2 style=\"text-align: justify;\"><\/h2>\n<h2 style=\"text-align: justify;\"><\/h2>\n<h2 style=\"text-align: justify;\"><\/h2>\n<h2 style=\"text-align: justify;\">Ein gro\u00dfes Dankesch\u00f6n<\/h2>\n<p style=\"text-align: justify;\">\n<p style=\"text-align: justify;\">Zum Abschied richtet Melanie Oesch ihren Dank an das Publikum:<\/p>\n<p style=\"text-align: justify;\">\u00abWir danken euch von HERZEN f\u00fcr alles, was wir bis dahin gemeinsam erleben durften. Ihr seid die Allerbesten &#x2764;&#xfe0f;.\u00bb<\/p>\n<p style=\"text-align: justify;\">Die \u00ab30 Jahre MERCI\u00bb-Tour 2027 und 2028 wird damit zum gro\u00dfen Abschied von OESCH\u2019S DIE DRITTEN.<\/p>\n","protected":false},"excerpt":{"rendered":"<p>Nach \u00fcber 30 Jahren gemeinsamer Musik soll 2028 Schluss sein: Oesch&#8217;s die Dritten&#8220;\u00a0 verabschieden sich (&#8222;Wir wollen aufh\u00f6ren, wenn\u2019s am<\/p>\n","protected":false},"author":2,"featured_media":266014,"comment_status":"open","ping_status":"closed","sticky":false,"template":"","format":"standard","meta":{"_FSMCFIC_featured_image_caption":"","_FSMCFIC_featured_image_nocaption":"","_FSMCFIC_featured_image_hide":""},"categories":[30],"tags":[1222],"acf":[],"_links":{"self":[{"href":"https:\/\/smago.de\/ws2\/wp-json\/wp\/v2\/posts\/266012"}],"collection":[{"href":"https:\/\/smago.de\/ws2\/wp-json\/wp\/v2\/posts"}],"about":[{"href":"https:\/\/smago.de\/ws2\/wp-json\/wp\/v2\/types\/post"}],"author":[{"embeddable":true,"href":"https:\/\/smago.de\/ws2\/wp-json\/wp\/v2\/users\/2"}],"replies":[{"embeddable":true,"href":"https:\/\/smago.de\/ws2\/wp-json\/wp\/v2\/comments?post=266012"}],"version-history":[{"count":2,"href":"https:\/\/smago.de\/ws2\/wp-json\/wp\/v2\/posts\/266012\/revisions"}],"predecessor-version":[{"id":266016,"href":"https:\/\/smago.de\/ws2\/wp-json\/wp\/v2\/posts\/266012\/revisions\/266016"}],"wp:featuredmedia":[{"embeddable":true,"href":"https:\/\/smago.de\/ws2\/wp-json\/wp\/v2\/media\/266014"}],"wp:attachment":[{"href":"https:\/\/smago.de\/ws2\/wp-json\/wp\/v2\/media?parent=266012"}],"wp:term":[{"taxonomy":"category","embeddable":true,"href":"https:\/\/smago.de\/ws2\/wp-json\/wp\/v2\/categories?post=266012"},{"taxonomy":"post_tag","embeddable":true,"href":"https:\/\/smago.de\/ws2\/wp-json\/wp\/v2\/tags?post=266012"}],"curies":[{"name":"wp","href":"https:\/\/api.w.org\/{rel}","templated":true}]}}