{"id":265997,"date":"2026-09-02T00:00:41","date_gmt":"2026-09-01T22:00:41","guid":{"rendered":"https:\/\/smago.de\/ws2\/?p=265997"},"modified":"2026-09-01T15:15:52","modified_gmt":"2026-09-01T13:15:52","slug":"clemens-maria-haas-der-song-wohin-du-gehst-ich-bin-dabei-stammt-aus-der-schaffensperiode-von-1983","status":"publish","type":"post","link":"https:\/\/smago.de\/ws2\/ndw\/clemens-maria-haas-der-song-wohin-du-gehst-ich-bin-dabei-stammt-aus-der-schaffensperiode-von-1983\/","title":{"rendered":"CLEMENS MARIA HAAS <br>Der Song &#8222;Wohin du gehst, ich bin dabei&#8220; stammt aus der Schaffensperiode von 1983!"},"content":{"rendered":"<p>Und 1983 entstand mit &#8222;Katharine, Katharine&#8220; ein Hit f\u00fcr die Ewigkeit!<br \/>\n<!--more--><\/p>\n<p>&nbsp;<\/p>\n<p style=\"text-align: justify;\">\n<p style=\"text-align: justify;\">Diese Stimme kennt Deutschland seit 1983: CLEMENS MARIA HAAS ist Komponist, Texter und Originalsaenger von \u201eKatharine, Katharine\u201c \u2014 dem Evergreen, der aktuell mit 300 Millionen Streams, ueber 143 Millionen GEMA-abgerechneten TikTok-Nutzungen und laufendem Airplay auf 74 deutschen Sendern seinen zweiten Fr\u00fchling erlebt.<\/p>\n<p style=\"text-align: justify;\">Was kaum jemand wei\u00df: Der Mann hinter dem Hit war f\u00fcr das Publikum 43 Jahre lang unsichtbar. 1983, als der Erfolg explodierte, entschieden seine \u00e4lteren Br+der in der Band, dass nicht er vorne am Mikrofon stehen d\u00fcrfte \u2014 und ausgerechnet sein eigener Bruder war es, der sich dorthin stellte und vor laufenden TV-Kameras die Lippen zu Clemens&#8216; Stimme bewegte und dadurch als S\u00e4nger des Hits galt. Auf dem Cover stand die Wahrheit immer: Lead Vocals \u2014 Clemens Maria Haas.<\/p>\n<p style=\"text-align: justify;\">Jetzt liefert das Original den einzigen autorisierten Nachfolger: \u201eWohin du gehst, ich bin dabei\u201c stammt aus derselben Schaffensperiode 1983 \u2014 dieselbe Feder, dieselbe Stimme, zum ersten Mal auch das Gesicht dazu.<\/p>\n<p style=\"text-align: justify;\">Dass diese Lieder ihr Publikum sofort erreichen, zeigt sich gerade doppelt: Beim ARD-Auftritt in der Sendung \u201eImmer wieder sonntags\u201c (Juni 2026) stand das Publikum vom ersten Refrain an, mit Zugabe-Rufen. Und der neue Titel selbst ist bereits im Radio angekommen \u2014 u. a. bei SR3 (direkt neben Prince und a-ha in der Playlist), bei Hitradio RTL Sachsen sowie mit einer eigenen Sondersendung bei NDR 1 Radio MV im September.<\/p>\n<p style=\"text-align: justify;\"><em>\u201eIch bin Clemens Maria Haas \u2014 und das ist meine Stimme. Echt.\u201c<\/em><\/p>\n","protected":false},"excerpt":{"rendered":"<p>Und 1983 entstand mit &#8222;Katharine, Katharine&#8220; ein Hit f\u00fcr die Ewigkeit!<\/p>\n","protected":false},"author":2,"featured_media":265998,"comment_status":"open","ping_status":"closed","sticky":false,"template":"","format":"standard","meta":{"_FSMCFIC_featured_image_caption":"","_FSMCFIC_featured_image_nocaption":"","_FSMCFIC_featured_image_hide":""},"categories":[22,28],"tags":[1004],"acf":[],"_links":{"self":[{"href":"https:\/\/smago.de\/ws2\/wp-json\/wp\/v2\/posts\/265997"}],"collection":[{"href":"https:\/\/smago.de\/ws2\/wp-json\/wp\/v2\/posts"}],"about":[{"href":"https:\/\/smago.de\/ws2\/wp-json\/wp\/v2\/types\/post"}],"author":[{"embeddable":true,"href":"https:\/\/smago.de\/ws2\/wp-json\/wp\/v2\/users\/2"}],"replies":[{"embeddable":true,"href":"https:\/\/smago.de\/ws2\/wp-json\/wp\/v2\/comments?post=265997"}],"version-history":[{"count":1,"href":"https:\/\/smago.de\/ws2\/wp-json\/wp\/v2\/posts\/265997\/revisions"}],"predecessor-version":[{"id":265999,"href":"https:\/\/smago.de\/ws2\/wp-json\/wp\/v2\/posts\/265997\/revisions\/265999"}],"wp:featuredmedia":[{"embeddable":true,"href":"https:\/\/smago.de\/ws2\/wp-json\/wp\/v2\/media\/265998"}],"wp:attachment":[{"href":"https:\/\/smago.de\/ws2\/wp-json\/wp\/v2\/media?parent=265997"}],"wp:term":[{"taxonomy":"category","embeddable":true,"href":"https:\/\/smago.de\/ws2\/wp-json\/wp\/v2\/categories?post=265997"},{"taxonomy":"post_tag","embeddable":true,"href":"https:\/\/smago.de\/ws2\/wp-json\/wp\/v2\/tags?post=265997"}],"curies":[{"name":"wp","href":"https:\/\/api.w.org\/{rel}","templated":true}]}}