{"id":265977,"date":"2026-09-02T00:00:50","date_gmt":"2026-09-01T22:00:50","guid":{"rendered":"https:\/\/smago.de\/ws2\/?p=265977"},"modified":"2026-09-01T10:56:06","modified_gmt":"2026-09-01T08:56:06","slug":"monique-am-04-09-2026-erscheint-ihr-bella-italia-hitmix","status":"publish","type":"post","link":"https:\/\/smago.de\/ws2\/schlager\/monique-am-04-09-2026-erscheint-ihr-bella-italia-hitmix\/","title":{"rendered":"MONIQUE <br>Am 04.09.2026 erscheint ihr &#8222;Bella Italia Hitmix&#8220;!"},"content":{"rendered":"<p>Die Schweizer S\u00e4ngerin widmet der Gegend von Palermo eine ganz besondere Hommage!<!--more--><\/p>\n<p>&nbsp;<\/p>\n<p>&nbsp;<\/p>\n<p style=\"text-align: justify;\">Die Musik kennt keine Grenzen \u2013 besonders dann nicht, wenn sie sich mit der atemberaubenden Sch\u00f6nheit einer italienischen Insel vereint.<\/p>\n<p style=\"text-align: justify;\">Monique Kistler, die renommierte Schweizer Schlagers\u00e4ngerin und Publikumsliebling seit ihrem &#8222;Grand Prix der Volksmusik&#8220; Sieg im Jahr 1999, widmet nun der Gegend von Palermo eine ganz besondere Hommage.<\/p>\n<p style=\"text-align: justify;\">Mit einem au\u00dfergew\u00f6hnlichen Musikvideo, das visuelle Poesie mit der Liebe zur Insel verbindet, l\u00e4dt Monique ihre Fans zu einer Reise durch einige der faszinierendsten und historisch reichsten Orte der Region ein. Von den sonnenverw\u00f6hnten Str\u00e4nden San Vito lo Capos \u00fcber das kulturell bedeutende Museo dell\u2018Acciuga bis hin zur legend\u00e4ren Villa Palagonia und den spektakul\u00e4ren Klippen des Arco Azzurro. Das Video f\u00e4ngt die unverwechselbare Atmosph\u00e4re und die Seele von Aspra ein.<\/p>\n<p style=\"text-align: justify;\">Besonders ber\u00fchrend sind Moniques pers\u00f6nliche Worte an Michelangelo, den herzlichen Gastgeber und F\u00f6rderer dieses Projekts, die die tiefe Verbundenheit und Dankbarkeit der K\u00fcnstlerin f\u00fcr die warmherzige Aufnahme auf der Insel ausdr\u00fccken:<\/p>\n<p style=\"text-align: justify;\"><em>\u201eLieber Michelangelo, wie man sagt, \u201aGute Dinge brauchen Zeit\u2018. Mein Video ist fertig, und ich genie\u00dfe die wundervollen Erinnerungen an eine unglaublich sch\u00f6ne Zeit mit dir, deiner Familie und deinen Freunden. Danke von ganzem Herzen f\u00fcr die intensiven Erlebnisse und all das, was du f\u00fcr uns m\u00f6glich gemacht hast. Ich freue mich auf ein baldiges Wiedersehen. Herzlich, Monique.\u201c<\/em><\/p>\n<p>Dieser Song ist ab dem 04.09.2026 auf allen Download- und Streaming-Portalen erh\u00e4ltlich. (Das Video erscheint wohl auch am 4. September.)<\/p>\n","protected":false},"excerpt":{"rendered":"<p>Die Schweizer S\u00e4ngerin widmet der Gegend von Palermo eine ganz besondere Hommage!<\/p>\n","protected":false},"author":2,"featured_media":265978,"comment_status":"open","ping_status":"closed","sticky":false,"template":"","format":"standard","meta":{"_FSMCFIC_featured_image_caption":"","_FSMCFIC_featured_image_nocaption":"","_FSMCFIC_featured_image_hide":""},"categories":[29,39],"tags":[936],"acf":[],"_links":{"self":[{"href":"https:\/\/smago.de\/ws2\/wp-json\/wp\/v2\/posts\/265977"}],"collection":[{"href":"https:\/\/smago.de\/ws2\/wp-json\/wp\/v2\/posts"}],"about":[{"href":"https:\/\/smago.de\/ws2\/wp-json\/wp\/v2\/types\/post"}],"author":[{"embeddable":true,"href":"https:\/\/smago.de\/ws2\/wp-json\/wp\/v2\/users\/2"}],"replies":[{"embeddable":true,"href":"https:\/\/smago.de\/ws2\/wp-json\/wp\/v2\/comments?post=265977"}],"version-history":[{"count":2,"href":"https:\/\/smago.de\/ws2\/wp-json\/wp\/v2\/posts\/265977\/revisions"}],"predecessor-version":[{"id":265980,"href":"https:\/\/smago.de\/ws2\/wp-json\/wp\/v2\/posts\/265977\/revisions\/265980"}],"wp:featuredmedia":[{"embeddable":true,"href":"https:\/\/smago.de\/ws2\/wp-json\/wp\/v2\/media\/265978"}],"wp:attachment":[{"href":"https:\/\/smago.de\/ws2\/wp-json\/wp\/v2\/media?parent=265977"}],"wp:term":[{"taxonomy":"category","embeddable":true,"href":"https:\/\/smago.de\/ws2\/wp-json\/wp\/v2\/categories?post=265977"},{"taxonomy":"post_tag","embeddable":true,"href":"https:\/\/smago.de\/ws2\/wp-json\/wp\/v2\/tags?post=265977"}],"curies":[{"name":"wp","href":"https:\/\/api.w.org\/{rel}","templated":true}]}}