{"id":265973,"date":"2026-09-01T10:48:28","date_gmt":"2026-09-01T08:48:28","guid":{"rendered":"https:\/\/smago.de\/ws2\/?p=265973"},"modified":"2026-09-01T10:48:28","modified_gmt":"2026-09-01T08:48:28","slug":"thomas-woitkewitsch-thomas-woitkewitsch-ist-tot-ein-grosser-der-deutschen-unterhaltung-ist-gegangen","status":"publish","type":"post","link":"https:\/\/smago.de\/ws2\/schlager\/thomas-woitkewitsch-thomas-woitkewitsch-ist-tot-ein-grosser-der-deutschen-unterhaltung-ist-gegangen\/","title":{"rendered":"THOMAS WOITKEWITSCH <br>Thomas Woitkewitsch ist tot: Ein Gro\u00dfer der deutschen Unterhaltung ist gegangen!"},"content":{"rendered":"<p style=\"text-align: justify;\">Textdichter (&#8222;Wann wird&#8217;s mal wieder richtig Sommer&#8220;), Showautor und kreativer Kopf hinter unz\u00e4hligen Erfolgen!<!--more--><\/p>\n<p>&nbsp;<\/p>\n<p>&nbsp;<\/p>\n<p>&nbsp;<\/p>\n<p class=\"isSelectedEnd\" style=\"text-align: justify;\">Es gibt Menschen, die stehen jahrzehntelang im Rampenlicht.<\/p>\n<p class=\"isSelectedEnd\" style=\"text-align: justify;\">Und es gibt Menschen, die daf\u00fcr sorgen, dass andere dort gl\u00e4nzen k\u00f6nnen.<\/p>\n<p class=\"isSelectedEnd\" style=\"text-align: justify;\">THOMAS WOITKEWITSCH geh\u00f6rte eindeutig zur zweiten Kategorie.<\/p>\n<p class=\"isSelectedEnd\" style=\"text-align: justify;\">Am 31. August 2026 ist der bedeutende deutsche Textdichter, Showautor, \u00dcbersetzer und Produzent im Alter von 83 Jahren gestorben. Er selbst stand nur selten im Mittelpunkt. Seine Arbeit dagegen erreichte ein Millionenpublikum.<\/p>\n<p class=\"isSelectedEnd\" style=\"text-align: justify;\">Mit Thomas Woitkewitsch verliert die deutsche Unterhaltung einen ihrer gro\u00dfen kreativen K\u00f6pfe.<\/p>\n<p class=\"isSelectedEnd\" style=\"text-align: justify;\">Einen Mann, dessen Name vielleicht nicht jedem Fernsehzuschauer und Musikfan gel\u00e4ufig war \u2013 dessen Texte, Sendungen und Ideen aber \u00fcber Jahrzehnte zum kollektiven Ged\u00e4chtnis der deutschen Unterhaltung geh\u00f6rten.<\/p>\n<h2><\/h2>\n<h2><\/h2>\n<h2><\/h2>\n<h2 style=\"text-align: justify;\">\u201eWann wird\u2019s mal wieder richtig Sommer?\u201c<\/h2>\n<p>&nbsp;<\/p>\n<p class=\"isSelectedEnd\" style=\"text-align: justify;\">Wenn es ein Lied gibt, das untrennbar mit Thomas Woitkewitsch verbunden ist, dann ist es wohl <strong>\u201eWann wird\u2019s mal wieder richtig Sommer?\u201c<\/strong>, gesungen von Rudi Carrell. Der Titel wurde zum Evergreen. Und er steht beispielhaft f\u00fcr Woitkewitschs besondere F\u00e4higkeit: Er konnte Texte schreiben, die leicht und selbstverst\u00e4ndlich wirkten \u2013 und gerade deshalb im Ged\u00e4chtnis blieben.<\/p>\n<p class=\"isSelectedEnd\" style=\"text-align: justify;\">Doch \u201eWann wird\u2019s mal wieder richtig Sommer?\u201c war nur einer von zahlreichen H\u00f6hepunkten seines Schaffens. Woitkewitsch schrieb unter anderem f\u00fcr <strong>Rudi Carrell, Herman van Veen, Milva, Harald Juhnke, Caterina Valente, Tim Fischer, Joy Fleming, Florian Silbereisen<\/strong> und viele weitere K\u00fcnstlerinnen und K\u00fcnstler.<\/p>\n<p class=\"isSelectedEnd\" style=\"text-align: justify;\">Zu seinen bekannten Arbeiten geh\u00f6ren auch \u201eGoethe war gut\u201c, \u201eMein Dorf\u201c, \u201eIch hab ein z\u00e4rtliches Gef\u00fchl\u201c, \u201eKleiner Fratz\u201c, \u201eZusammenleben\u201c, \u201eHurra, wir leben noch\u201c und seine deutsche Fassung von \u201eMy Way\u201c f\u00fcr Harald Juhnke.<\/p>\n<p class=\"isSelectedEnd\" style=\"text-align: justify;\">Die GEMA und der Deutsche Textdichter-Verband w\u00fcrdigten ihn 2022 deshalb mit dem <strong>LYRIKON<\/strong>, dem Preis f\u00fcr deutsche Textdichterinnen und Textdichter.<\/p>\n<p class=\"isSelectedEnd\" style=\"text-align: justify;\">Die Auszeichnung w\u00fcrdigte einen Mann, der \u00fcber viele Jahre eine gro\u00dfe Bandbreite an Texten in ausgezeichneter Qualit\u00e4t geschaffen und damit ein Millionenpublikum erreicht hatte, obwohl er selbst nur selten im Mittelpunkt der \u00f6ffentlichen B\u00fchnen- und Medienpr\u00e4senz stand.<\/p>\n<h2><\/h2>\n<h2><\/h2>\n<h2 style=\"text-align: justify;\">\nEin Mann hinter den Kulissen<\/h2>\n<p class=\"isSelectedEnd\" style=\"text-align: justify;\">\nSeine Karriere begann beim Fernsehen.<\/p>\n<p class=\"isSelectedEnd\" style=\"text-align: justify;\">Woitkewitsch arbeitete beim WDR und war f\u00fcr die Shows von <strong>Rudi Carrell<\/strong> verantwortlich. Gemeinsam mit <strong>Alfred Biolek<\/strong> entdeckte er in den Niederlanden den damals in Deutschland noch weitgehend unbekannten Herman van Veen. Zun\u00e4chst \u00fcbertrug Woitkewitsch dessen Lieder ins Deutsche. Daraus entstand eine der wichtigsten k\u00fcnstlerischen Verbindungen seines Lebens. Er wurde zum Stammtexter van Veens und schrieb zahlreiche deutsche Texte f\u00fcr den niederl\u00e4ndischen K\u00fcnstler. \u201eIch hab ein z\u00e4rtliches Gef\u00fchl\u201c geh\u00f6rt zu den bekanntesten Ergebnissen dieser Zusammenarbeit.<\/p>\n<p class=\"isSelectedEnd\" style=\"text-align: justify;\">Doch Woitkewitsch war weit mehr als ein Lied-Texter. Er schrieb Drehb\u00fccher und Texte f\u00fcr Fernsehsendungen, arbeitete als Redakteur und Produzent und war unter anderem an \u201eAm laufenden Band\u201c, \u201eBio\u2019s Bahnhof\u201c, \u201ePlattenk\u00fcche\u201c und \u201eWetten, dass ..?\u201c beteiligt.<\/p>\n<h2><\/h2>\n<h2><\/h2>\n<h2><\/h2>\n<h2 style=\"text-align: justify;\">Auch \u201eWetten, dass..?\u201c geh\u00f6rte zu seiner Geschichte<\/h2>\n<p>&nbsp;<\/p>\n<p class=\"isSelectedEnd\" style=\"text-align: justify;\">Bei \u201eWetten, dass..?\u201c war Thomas Woitkewitsch von Beginn an dabei.<\/p>\n<p class=\"isSelectedEnd\" style=\"text-align: justify;\">Frank Elstner hatte seinen Namen im Abspann von \u201eAm laufenden Band\u201c entdeckt. Woitkewitsch wurde Teil des Gr\u00fcndungsteams und arbeitete in den ersten elf Jahren als Autor, Wettentester und redaktioneller Berater f\u00fcr die Sendung.<\/p>\n<p class=\"isSelectedEnd\" style=\"text-align: justify;\">Damit war er an einer der erfolgreichsten Unterhaltungssendungen beteiligt, die das deutsche Fernsehen hervorgebracht hat.<\/p>\n<p class=\"isSelectedEnd\" style=\"text-align: justify;\">Und wieder war er einer der Menschen, die nicht unbedingt vor der Kamera standen \u2013 aber daf\u00fcr sorgten, dass vor der Kamera etwas funktionierte.<\/p>\n<h2><\/h2>\n<h2><\/h2>\n<h2><\/h2>\n<h2 style=\"text-align: justify;\">Vom Fernsehen zum Liedtext \u2013 und wieder zur\u00fcck<\/h2>\n<p>&nbsp;<\/p>\n<p class=\"isSelectedEnd\" style=\"text-align: justify;\">Woitkewitschs Talent lie\u00df sich nie auf eine einzige Disziplin reduzieren.<\/p>\n<p class=\"isSelectedEnd\" style=\"text-align: justify;\">Er schrieb Liedtexte.<\/p>\n<p class=\"isSelectedEnd\" style=\"text-align: justify;\">Er schrieb f\u00fcr Fernsehshows.<\/p>\n<p class=\"isSelectedEnd\" style=\"text-align: justify;\">Er \u00fcbersetzte Musicals aus dem Englischen ins Deutsche.<\/p>\n<p class=\"isSelectedEnd\" style=\"text-align: justify;\">Er produzierte.<\/p>\n<p class=\"isSelectedEnd\" style=\"text-align: justify;\">Er redigierte.<\/p>\n<p class=\"isSelectedEnd\" style=\"text-align: justify;\">Und er verstand Unterhaltung als Gesamtkunstwerk.<\/p>\n<p class=\"isSelectedEnd\" style=\"text-align: justify;\">Seine Partner und Weggef\u00e4hrten hie\u00dfen unter anderem Alfred Biolek, Rudi Carrell, Herman van Veen, Milva und Frank Elstner. Die Liste seiner k\u00fcnstlerischen Begegnungen liest sich wie ein St\u00fcck deutscher Unterhaltungsgeschichte.<\/p>\n<p class=\"isSelectedEnd\" style=\"text-align: justify;\">Geboren wurde Thomas Woitkewitsch am <strong>18. August 1943 in Posen<\/strong>. Er wuchs in Hamburg auf und studierte in M\u00fcnchen Zeitungswissenschaften, Germanistik und Psychologie, ohne das Studium abzuschlie\u00dfen.<\/p>\n<p class=\"isSelectedEnd\" style=\"text-align: justify;\">Sein eigentliches Studium begann ohnehin dort, wo man keine Abschlusspr\u00fcfung ablegen kann: im wirklichen Leben.<\/p>\n<h2><\/h2>\n<h2><\/h2>\n<h2><\/h2>\n<h2 style=\"text-align: justify;\">Ein Lehrer und Lehrmeister f\u00fcr die n\u00e4chste Generation<\/h2>\n<p>&nbsp;<\/p>\n<p class=\"isSelectedEnd\" style=\"text-align: justify;\">Besonders bemerkenswert ist, dass Woitkewitsch sein Wissen nicht f\u00fcr sich behielt.<\/p>\n<p class=\"isSelectedEnd\" style=\"text-align: justify;\">\u00dcber viele Jahre war er Gastdozent der Celler Schule, einer von der GEMA-Stiftung gef\u00f6rderten Institution zur F\u00f6rderung des deutschen Textdichter-Nachwuchses. Dort gab er seine Erfahrung an junge Songtexterinnen und Songtexter weiter.<\/p>\n<p class=\"isSelectedEnd\" style=\"text-align: justify;\">Das passt zu dem Bild, das Kollegen von ihm zeichneten:<\/p>\n<p class=\"isSelectedEnd\" style=\"text-align: justify;\">Thomas Woitkewitsch war kein Selbstdarsteller.<\/p>\n<p class=\"isSelectedEnd\" style=\"text-align: justify;\">Er war ein Erm\u00f6glicher.<\/p>\n<h2><\/h2>\n<h2><\/h2>\n<h2><\/h2>\n<h2 style=\"text-align: justify;\"><em>\u201eIch komme mir vor wie ein Nobelpreistr\u00e4ger\u201c<\/em><\/h2>\n<p>&nbsp;<\/p>\n<p class=\"isSelectedEnd\" style=\"text-align: justify;\">Als er 2022 mit dem LYRIKON ausgezeichnet wurde, zeigte sich auch eine andere Seite dieses zur\u00fcckhaltenden Mannes.<\/p>\n<p class=\"isSelectedEnd\" style=\"text-align: justify;\">Die Auszeichnung habe ihn \u201eganz aus dem H\u00e4uschen\u201c gebracht, sagte Woitkewitsch damals. Er komme sich \u201ewie ein Nobelpreistr\u00e4ger\u201c vor.<\/p>\n<p class=\"isSelectedEnd\" style=\"text-align: justify;\">Und er bedankte sich vor allem bei den Interpretinnen und Interpreten seiner Lieder, die daf\u00fcr gesorgt h\u00e4tten, dass seine Texte die Ohren und Herzen vieler Musikfans erreichten.<\/p>\n<p class=\"isSelectedEnd\" style=\"text-align: justify;\">Das ist vielleicht eine der sch\u00f6nsten Beschreibungen dessen, was einen guten Textdichter ausmacht:<\/p>\n<p class=\"isSelectedEnd\" style=\"text-align: justify;\">Er schreibt die Worte.<\/p>\n<p class=\"isSelectedEnd\" style=\"text-align: justify;\">Ein anderer singt sie.<\/p>\n<p class=\"isSelectedEnd\" style=\"text-align: justify;\">Und irgendwann geh\u00f6ren sie allen.<\/p>\n<h2><\/h2>\n<h2><\/h2>\n<h2><\/h2>\n<h2 style=\"text-align: justify;\">Ein Lebenswerk, das bleibt<\/h2>\n<p>&nbsp;<\/p>\n<p class=\"isSelectedEnd\" style=\"text-align: justify;\">Im Dezember 2025 wurde Thomas Woitkewitsch zudem mit dem Bundesverdienstkreuz Erster Klasse ausgezeichnet.<\/p>\n<p class=\"isSelectedEnd\" style=\"text-align: justify;\">Es war eine sp\u00e4te, aber eindrucksvolle W\u00fcrdigung eines Lebenswerks, das sich nicht auf einen einzelnen Hit reduzieren l\u00e4sst.<\/p>\n<p class=\"isSelectedEnd\" style=\"text-align: justify;\">Denn Woitkewitsch war nicht nur der Mann hinter \u201eWann wird\u2019s mal wieder richtig Sommer?\u201c.<\/p>\n<p class=\"isSelectedEnd\" style=\"text-align: justify;\">Er war ein St\u00fcck Fernsehgeschichte.<\/p>\n<p class=\"isSelectedEnd\" style=\"text-align: justify;\">Ein St\u00fcck Liedgeschichte.<\/p>\n<p class=\"isSelectedEnd\" style=\"text-align: justify;\">Ein \u00dcbersetzer zwischen Kulturen.<\/p>\n<p class=\"isSelectedEnd\" style=\"text-align: justify;\">Ein Mentor f\u00fcr junge Textdichter.<\/p>\n<p class=\"isSelectedEnd\" style=\"text-align: justify;\">Und ein kreativer Kopf, der \u00fcber Jahrzehnte hinweg daf\u00fcr sorgte, dass Unterhaltung funktionierte.<\/p>\n<h2><\/h2>\n<h2><\/h2>\n<h2><\/h2>\n<h2 style=\"text-align: justify;\">Einer der Leisen<\/h2>\n<p>&nbsp;<\/p>\n<p class=\"isSelectedEnd\" style=\"text-align: justify;\">Vielleicht wird Thomas Woitkewitsch gerade deshalb besonders fehlen.<\/p>\n<p class=\"isSelectedEnd\" style=\"text-align: justify;\">Er war keiner der Lauten.<\/p>\n<p class=\"isSelectedEnd\" style=\"text-align: justify;\">Er musste sich nicht selbst zum Star erkl\u00e4ren.<\/p>\n<p class=\"isSelectedEnd\" style=\"text-align: justify;\">Sein Werk sprach f\u00fcr ihn.<\/p>\n<p class=\"isSelectedEnd\" style=\"text-align: justify;\">Millionen Menschen haben seine Texte geh\u00f6rt, seine Sendungen gesehen, \u00fcber seine Ideen gelacht oder sich von seinen Zeilen ber\u00fchren lassen \u2013 oftmals ohne zu wissen, wer hinter ihnen stand.<\/p>\n<p class=\"isSelectedEnd\" style=\"text-align: justify;\">Das ist vielleicht die besondere Kunst eines Textdichters:<\/p>\n<p class=\"isSelectedEnd\" style=\"text-align: justify;\">Man selbst bleibt im Hintergrund \u2013 und die eigenen Worte bleiben.<\/p>\n<p class=\"isSelectedEnd\" style=\"text-align: justify;\">Thomas Woitkewitsch hat uns sehr viele Worte hinterlassen.<\/p>\n<p class=\"isSelectedEnd\" style=\"text-align: justify;\">Worte, die gesungen wurden.<\/p>\n<p class=\"isSelectedEnd\" style=\"text-align: justify;\">Worte, die im Fernsehen gesprochen wurden.<\/p>\n<p class=\"isSelectedEnd\" style=\"text-align: justify;\">Worte, die Menschen zum Lachen brachten.<\/p>\n<p class=\"isSelectedEnd\" style=\"text-align: justify;\">Und Worte, die Menschen ber\u00fchrten.<\/p>\n<p class=\"isSelectedEnd\" style=\"text-align: justify;\">Sein Name mag vielen nicht t\u00e4glich pr\u00e4sent gewesen sein.<\/p>\n<p class=\"isSelectedEnd\" style=\"text-align: justify;\">Seine Arbeit war es.<\/p>\n<p class=\"isSelectedEnd\" style=\"text-align: justify;\">Und sie wird es bleiben.<\/p>\n<p class=\"isSelectedEnd\" style=\"text-align: justify;\">Danke, Thomas Woitkewitsch.<\/p>\n<p class=\"isSelectedEnd\" style=\"text-align: justify;\">F\u00fcr die Lieder.<\/p>\n<p class=\"isSelectedEnd\" style=\"text-align: justify;\">F\u00fcr das Fernsehen.<\/p>\n<p class=\"isSelectedEnd\" style=\"text-align: justify;\">F\u00fcr die Geschichten.<\/p>\n<p class=\"isSelectedEnd\" style=\"text-align: justify;\">F\u00fcr die Ideen.<\/p>\n<p class=\"isSelectedEnd\" style=\"text-align: justify;\">Und f\u00fcr eine Lebensleistung, die zeigt, dass man nicht im Mittelpunkt stehen muss, um eine ganze Unterhaltungskultur mitzupr\u00e4gen.<\/p>\n<p class=\"isSelectedEnd\" style=\"text-align: justify;\">Mach&#8217;s gut.<\/p>\n<p class=\"isSelectedEnd\" style=\"text-align: justify;\">Und wenn es irgendwann wieder einmal hei\u00dft:<\/p>\n<p class=\"isSelectedEnd\" style=\"text-align: justify;\">\u201eWann wird\u2019s mal wieder richtig Sommer?\u201c<\/p>\n<p style=\"text-align: justify;\">dann wird auch ein St\u00fcck Thomas Woitkewitsch wieder da sein.<\/p>\n<p>&nbsp;<\/p>\n<p>&nbsp;<\/p>\n<p>&nbsp;<\/p>\n<p>Lesen Sie <strong><a href=\"https:\/\/smago.de\/ws2\/schlager\/thomas-woitkewitsch-thomas-woitkewitsch-erhaelt-den-lyrikon-2022\/\">HIER<\/a><\/strong> den Artikel &#8222;Thomas Woitkewitsch erh\u00e4lt den LYRIKON 2022!&#8220;.<\/p>\n<p>Und <strong><a href=\"https:\/\/schlagerprofis.de\/thomas-woitkewitsch-ist-tot-nachruf\/\">HIER<\/a><\/strong> finden Sie einen gro\u00dfartigen Nachruf von &#8222;Schlagerprofi&#8220; Stephan Imming (<strong><a href=\"http:\/\/www.schlagerprofis.de\">www.schlagerprofis.de<\/a><\/strong>).<\/p>\n","protected":false},"excerpt":{"rendered":"<p>Textdichter (&#8222;Wann wird&#8217;s mal wieder richtig Sommer&#8220;), Showautor und kreativer Kopf hinter unz\u00e4hligen Erfolgen!<\/p>\n","protected":false},"author":2,"featured_media":265975,"comment_status":"open","ping_status":"closed","sticky":false,"template":"","format":"standard","meta":{"_FSMCFIC_featured_image_caption":"","_FSMCFIC_featured_image_nocaption":"","_FSMCFIC_featured_image_hide":""},"categories":[29],"tags":[2512],"acf":[],"_links":{"self":[{"href":"https:\/\/smago.de\/ws2\/wp-json\/wp\/v2\/posts\/265973"}],"collection":[{"href":"https:\/\/smago.de\/ws2\/wp-json\/wp\/v2\/posts"}],"about":[{"href":"https:\/\/smago.de\/ws2\/wp-json\/wp\/v2\/types\/post"}],"author":[{"embeddable":true,"href":"https:\/\/smago.de\/ws2\/wp-json\/wp\/v2\/users\/2"}],"replies":[{"embeddable":true,"href":"https:\/\/smago.de\/ws2\/wp-json\/wp\/v2\/comments?post=265973"}],"version-history":[{"count":1,"href":"https:\/\/smago.de\/ws2\/wp-json\/wp\/v2\/posts\/265973\/revisions"}],"predecessor-version":[{"id":265976,"href":"https:\/\/smago.de\/ws2\/wp-json\/wp\/v2\/posts\/265973\/revisions\/265976"}],"wp:featuredmedia":[{"embeddable":true,"href":"https:\/\/smago.de\/ws2\/wp-json\/wp\/v2\/media\/265975"}],"wp:attachment":[{"href":"https:\/\/smago.de\/ws2\/wp-json\/wp\/v2\/media?parent=265973"}],"wp:term":[{"taxonomy":"category","embeddable":true,"href":"https:\/\/smago.de\/ws2\/wp-json\/wp\/v2\/categories?post=265973"},{"taxonomy":"post_tag","embeddable":true,"href":"https:\/\/smago.de\/ws2\/wp-json\/wp\/v2\/tags?post=265973"}],"curies":[{"name":"wp","href":"https:\/\/api.w.org\/{rel}","templated":true}]}}