{"id":265968,"date":"2026-09-01T23:59:38","date_gmt":"2026-09-01T21:59:38","guid":{"rendered":"https:\/\/smago.de\/ws2\/?p=265968"},"modified":"2026-09-01T10:30:44","modified_gmt":"2026-09-01T08:30:44","slug":"jean-martinez-neuer-titel-te-amo-fuer-immer-ab-04-09-2026-erhaeltlich","status":"publish","type":"post","link":"https:\/\/smago.de\/ws2\/schlager\/jean-martinez-neuer-titel-te-amo-fuer-immer-ab-04-09-2026-erhaeltlich\/","title":{"rendered":"JEAN MARTINEZ <br>Neuer Titel &#8222;Te Amo f\u00fcr immer&#8220; ab 04.09.2026 erh\u00e4ltlich!"},"content":{"rendered":"<p>Ein gef\u00fchlvoller Schlager, der romantische Leichtigkeit mit mediterranem Flair verbindet!<br \/>\n<!--more--><\/p>\n<p>&nbsp;<\/p>\n<p>&nbsp;<\/p>\n<p>&nbsp;<\/p>\n<p style=\"text-align: justify;\">Mit \u201eTe Amo f\u00fcr immer\u201c ver\u00f6ffentlicht JEAN MARTINEZ\u00a0eine gef\u00fchlvolle Schlager-Single, die romantische Leichtigkeit mit mediterranem Flair verbindet. Der sympathische S\u00e4nger mit spanischen Wurzeln bringt seine Herkunft authentisch in den Song ein und schafft eine musikalische Atmosph\u00e4re voller Sonne, Leidenschaft und gro\u00dfer Gef\u00fchle.<\/p>\n<p style=\"text-align: justify;\">Schon mit den ersten Zeilen nimmt \u201eTe Amo f\u00fcr immer\u201c die H\u00f6rer mit auf eine Reise an warme Str\u00e4nde, unter sternenklare N\u00e4chte und in einen unvergesslichen Sommer voller Liebe. Spanische Begriffe wie <em>Hola<\/em>, <em>Te Amo<\/em>, <em>Mi Coraz<\/em><em>\u00f3<\/em><em>n<\/em>, <em>Amor<\/em> und <em>Baila<\/em> verschmelzen dabei ganz selbstverst\u00e4ndlich mit modernem deutschsprachigem Popschlager und verleihen dem Titel seinen unverwechselbaren Charakter. Im Mittelpunkt steht die Botschaft einer Liebe, die Grenzen \u00fcberwindet und f\u00fcr die Ewigkeit bestimmt scheint.<\/p>\n<p style=\"text-align: justify;\">F\u00fcr das Songwriting zeichnen Jascha Welzel und Jan Hauke verantwortlich. Mit ihrem Gesp\u00fcr f\u00fcr eing\u00e4ngige Melodien und emotionale Geschichten ist ein Titel entstanden, der sofort ins Ohr geht und gleichzeitig echtes Urlaubsgef\u00fchl vermittelt. Produziert wurde \u201eTe Amo f\u00fcr immer\u201c von Toni Hauschild und Jascha Welzel, die den Song mit modernen Popschlager-Elementen, sommerlichen Rhythmen, mediterranen Gitarrenkl\u00e4ngen und einer hochwertigen, zeitgem\u00e4\u00dfen Produktion veredelt haben.<\/p>\n<p style=\"text-align: justify;\">Jean Martinez \u00fcberzeugt mit seiner warmen Stimme und einer authentischen Ausstrahlung, die perfekt zur romantischen Geschichte des Songs passt. Seine spanischen Wurzeln verleihen der Interpretation zus\u00e4tzliche Glaubw\u00fcrdigkeit und machen \u201eTe Amo f\u00fcr immer\u201c zu einem Titel, der Lebensfreude, Fernweh und gro\u00dfe Gef\u00fchle auf besondere Weise miteinander verbindet.<\/p>\n<p style=\"text-align: justify;\">Mit dieser Ver\u00f6ffentlichung erweitert das junge Label ARTCOM sein vielseitiges K\u00fcnstlerportfolio um einen weiteren au\u00dfergew\u00f6hnlichen Titel. Immer mehr K\u00fcnstler entscheiden sich f\u00fcr eine Zusammenarbeit mit dem Label, das sich mit modernen Produktionen, starken Songwriter-Teams und einem klaren Gesp\u00fcr f\u00fcr zeitgem\u00e4\u00dfen Popschlager zunehmend in der Branche etabliert.<\/p>\n<p style=\"text-align: justify;\">\u201eTe Amo f\u00fcr immer\u201c ist ein musikalisches Versprechen f\u00fcr die Ewigkeit \u2013 voller Emotionen, s\u00fcdlichem Flair und eing\u00e4ngiger Melodien. Ein moderner Schlager, der den Sommer ins Herz bringt und Lust macht, sich einfach treiben zu lassen \u2013 bis zum letzten Tanz unter dem Sternenhimmel.<\/p>\n","protected":false},"excerpt":{"rendered":"<p>Ein gef\u00fchlvoller Schlager, der romantische Leichtigkeit mit mediterranem Flair verbindet!<\/p>\n","protected":false},"author":2,"featured_media":265969,"comment_status":"open","ping_status":"closed","sticky":false,"template":"","format":"standard","meta":{"_FSMCFIC_featured_image_caption":"","_FSMCFIC_featured_image_nocaption":"","_FSMCFIC_featured_image_hide":""},"categories":[29],"tags":[3845],"acf":[],"_links":{"self":[{"href":"https:\/\/smago.de\/ws2\/wp-json\/wp\/v2\/posts\/265968"}],"collection":[{"href":"https:\/\/smago.de\/ws2\/wp-json\/wp\/v2\/posts"}],"about":[{"href":"https:\/\/smago.de\/ws2\/wp-json\/wp\/v2\/types\/post"}],"author":[{"embeddable":true,"href":"https:\/\/smago.de\/ws2\/wp-json\/wp\/v2\/users\/2"}],"replies":[{"embeddable":true,"href":"https:\/\/smago.de\/ws2\/wp-json\/wp\/v2\/comments?post=265968"}],"version-history":[{"count":2,"href":"https:\/\/smago.de\/ws2\/wp-json\/wp\/v2\/posts\/265968\/revisions"}],"predecessor-version":[{"id":265971,"href":"https:\/\/smago.de\/ws2\/wp-json\/wp\/v2\/posts\/265968\/revisions\/265971"}],"wp:featuredmedia":[{"embeddable":true,"href":"https:\/\/smago.de\/ws2\/wp-json\/wp\/v2\/media\/265969"}],"wp:attachment":[{"href":"https:\/\/smago.de\/ws2\/wp-json\/wp\/v2\/media?parent=265968"}],"wp:term":[{"taxonomy":"category","embeddable":true,"href":"https:\/\/smago.de\/ws2\/wp-json\/wp\/v2\/categories?post=265968"},{"taxonomy":"post_tag","embeddable":true,"href":"https:\/\/smago.de\/ws2\/wp-json\/wp\/v2\/tags?post=265968"}],"curies":[{"name":"wp","href":"https:\/\/api.w.org\/{rel}","templated":true}]}}