{"id":265949,"date":"2026-09-02T00:00:03","date_gmt":"2026-09-01T22:00:03","guid":{"rendered":"https:\/\/smago.de\/ws2\/?p=265949"},"modified":"2026-09-01T10:05:21","modified_gmt":"2026-09-01T08:05:21","slug":"hermann-egger-hermann-egger-hohenhaus-tenne-chef-und-erfolgreicher-buchautor","status":"publish","type":"post","link":"https:\/\/smago.de\/ws2\/schlager\/hermann-egger-hermann-egger-hohenhaus-tenne-chef-und-erfolgreicher-buchautor\/","title":{"rendered":"HERMANN EGGER <br>Hermann Egger: Hohenhaus-Tenne-Chef und erfolgreicher Buchautor!"},"content":{"rendered":"<p style=\"text-align: justify;\">Nach \u201eMoidl\u201c folgt \u201eWilma\u201c: Der Tiroler Unternehmer und Hotelier ver\u00f6ffentlicht sein zweites Buch und erz\u00e4hlt erneut eine unglaubliche Geschichte aus seiner Heimat und vor allem: aus seiner Familiengeschichte!<!--more--><\/p>\n<p>&nbsp;<\/p>\n<p>&nbsp;<\/p>\n<p>&nbsp;<\/p>\n<p class=\"isSelectedEnd\" style=\"text-align: justify;\">HERMANN EGGER ist Unternehmer, Hotelier, Gastgeber \u2013 und inzwischen auch ein erfolgreicher Buchautor. Bekannt ist der geb\u00fcrtige Tiroler unter anderem als Chef der Hohenhaus Tenne in Schladmin<strong>g <\/strong>sowie der Hohenhaus Tenne in Hintertux. Doch Hermann hat noch eine andere Leidenschaft: Seit vielen Jahren sammelt, bewahrt und erz\u00e4hlt er die Geschichten seiner Familie und seiner Heimat.<\/p>\n<p class=\"isSelectedEnd\" style=\"text-align: justify;\">Am 1. September 2026 ist nun sein zweites Buch im Rosenheimer Verlagshaus erschienen: \u201eWilma. Eine unglaubliche Geschichte aus Tirol\u201c.<\/p>\n<p class=\"isSelectedEnd\" style=\"text-align: justify;\">Damit kn\u00fcpft Hermann Egger an seinen ersten Roman \u201eMoidl \u2013 Eine unglaubliche Geschichte aus Tirol\u201c an, der im September 2024 ver\u00f6ffentlicht wurde. Schon \u201eMoidl\u201c war stark biografisch gef\u00e4rbt und griff auf Geschichten aus der eigenen Familiengeschichte zur\u00fcck. Auch \u201eWilma\u201c f\u00fchrt in eine Welt, die heute weit entfernt scheint \u2013 und gerade deshalb umso faszinierender ist.<\/p>\n<p>&nbsp;<\/p>\n<p>&nbsp;<\/p>\n<p>&nbsp;<\/p>\n<h2 style=\"text-align: justify;\">\u201eMoidl\u201c: Eine Bergbauerntochter und ein zw\u00f6lfj\u00e4hriger Waisenknabe<\/h2>\n<p>&nbsp;<\/p>\n<p class=\"isSelectedEnd\" style=\"text-align: justify;\">Im Mittelpunkt von \u201eMoidl \u2013 Eine unglaubliche Geschichte aus Tirol\u201c steht Moidl, eine Bergbauerntochter aus dem Zillertal.<\/p>\n<p class=\"isSelectedEnd\" style=\"text-align: justify;\">Sie tut alles f\u00fcr ihre Familie und ihren Hof. Bis ins hohe Alter bleibt sie ledig und arbeitet von fr\u00fch bis sp\u00e4t.<\/p>\n<p class=\"isSelectedEnd\" style=\"text-align: justify;\">Eine entscheidende Wende in ihrem Leben tritt ein, als sie den zw\u00f6lfj\u00e4hrigen Waisenknaben Hermann kennenlernt. Der Junge sucht eine Arbeitsstelle, um zu \u00fcberleben.<\/p>\n<p class=\"isSelectedEnd\" style=\"text-align: justify;\">Aus dieser Begegnung entwickelt sich eine authentische Geschichte aus Tirol \u2013 und zugleich ein St\u00fcck Familiengeschichte, die Hermann Egger literarisch festgehalten hat.<\/p>\n<p>Nun folgt \u201eWilma\u201c<\/p>\n<p class=\"isSelectedEnd\" style=\"text-align: justify;\">Mit \u201eWilma. Eine unglaubliche Geschichte aus Tirol\u201c widmet sich Hermann Egger nun einer weiteren au\u00dfergew\u00f6hnlichen Lebensgeschichte.<\/p>\n<p class=\"isSelectedEnd\" style=\"text-align: justify;\">Wilma wurde als \u00e4lteste Tochter eines Bergbauern in Hintertux geboren, einem kleinen D\u00f6rfchen am Ende der Welt mitten in den Tiroler Bergen.<\/p>\n<p class=\"isSelectedEnd\" style=\"text-align: justify;\">Da es keine m\u00e4nnlichen Nachkommen gab, musste Wilma bereits als Kind schwere Arbeiten auf dem steilen Bergbauernhof \u00fcbernehmen.<\/p>\n<p class=\"isSelectedEnd\" style=\"text-align: justify;\">Was folgt, sind Geschichten, die man sich kaum ausdenken k\u00f6nnte.<\/p>\n<p class=\"isSelectedEnd\" style=\"text-align: justify;\">Der Verlag beschreibt das Buch als eine Sammlung tragischer und heiterer, leiser und zutiefst bewegender Momente aus einer Welt, die uns heute fremd erscheint.<\/p>\n<p class=\"isSelectedEnd\" style=\"text-align: justify;\">Gerade darin liegt der besondere Reiz von Hermann Eggers B\u00fcchern: Es sind Geschichten aus dem wirklichen Leben \u2013 Geschichten von Menschen, die unter Bedingungen aufwuchsen und lebten, die f\u00fcr heutige Generationen kaum noch vorstellbar sind.<\/p>\n<h2 style=\"text-align: justify;\"><\/h2>\n<h2 style=\"text-align: justify;\"><\/h2>\n<h2 style=\"text-align: justify;\">Vom Bauernhof zum erfolgreichen Unternehmer<\/h2>\n<p>&nbsp;<\/p>\n<p class=\"isSelectedEnd\" style=\"text-align: justify;\">Hermann Egger, Jahrgang 1963, kennt diese Welt aus eigener Erfahrung.<\/p>\n<p class=\"isSelectedEnd\" style=\"text-align: justify;\">Er wuchs auf dem Bauernhof und in der dazugeh\u00f6rigen \u201eG\u00e4stepension Hohenhaus\u201c in Hintertux auf. Nach seiner Lehre als Koch sammelte er berufliche Erfahrungen in \u00d6sterreich und der Schweiz, um sich auf seine sp\u00e4teren beruflichen Aufgaben vorzubereiten.<\/p>\n<p class=\"isSelectedEnd\" style=\"text-align: justify;\">Heute ist Egger als Unternehmer und Hotelier im \u201eAlpenbadhotel Hohenhaus\u201c t\u00e4tig.<\/p>\n<p class=\"isSelectedEnd\" style=\"text-align: justify;\">Seine berufliche Geschichte ist damit eng mit jener Welt verbunden, aus der auch seine B\u00fccher stammen: mit Tirol, mit der Landwirtschaft, mit dem Tourismus und vor allem mit den Menschen, deren Lebensgeschichten \u00fcber Generationen hinweg weitergegeben wurden.<\/p>\n<p class=\"isSelectedEnd\" style=\"text-align: justify;\">\u00dcber viele Jahre hinweg schrieb Hermann Egger die seit Generationen \u00fcberlieferten Geschichten seiner Familie nieder.<\/p>\n<p class=\"isSelectedEnd\" style=\"text-align: justify;\">Aus diesen Aufzeichnungen entstanden schlie\u00dflich seine B\u00fccher.<\/p>\n<h2 style=\"text-align: justify;\"><\/h2>\n<h2 style=\"text-align: justify;\"><\/h2>\n<h2 style=\"text-align: justify;\">Zwischen Hotellerie und Literatur<\/h2>\n<p>&nbsp;<\/p>\n<p class=\"isSelectedEnd\" style=\"text-align: justify;\">Vielleicht ist genau diese Verbindung das Besondere an Hermann Egger als Autor.<\/p>\n<p class=\"isSelectedEnd\" style=\"text-align: justify;\">Auf der einen Seite steht der erfolgreiche Unternehmer und Hotelier, der heute mit der Hohenhaus Tenne in Schladming und dem Alpenbadhotel Hohenhaus f\u00fcr moderne Hotellerie steht.<\/p>\n<p class=\"isSelectedEnd\" style=\"text-align: justify;\">Auf der anderen Seite steht der Geschichtensammler, der sich bewusst mit der Vergangenheit besch\u00e4ftigt und Erlebnisse bewahrt, die ansonsten irgendwann verloren gehen k\u00f6nnten.<\/p>\n<p class=\"isSelectedEnd\" style=\"text-align: justify;\">\u201eMoidl\u201c und \u201eWilma\u201c erz\u00e4hlen deshalb nicht nur von einzelnen Menschen.<\/p>\n<p class=\"isSelectedEnd\" style=\"text-align: justify;\">Sie erz\u00e4hlen auch von einem Tirol, das es in dieser Form kaum noch gibt.<\/p>\n<p class=\"isSelectedEnd\" style=\"text-align: justify;\">Von Bergbauernh\u00f6fen, harter k\u00f6rperlicher Arbeit, famili\u00e4ren Verpflichtungen, Entbehrungen und Zusammenhalt. Aber eben auch von heiteren Momenten, von menschlichen Begegnungen und von Lebenswegen, die zeigen, wie unterschiedlich eine Kindheit und ein Erwachsenenleben noch vor wenigen Jahrzehnten aussehen konnten.<\/p>\n<h2 style=\"text-align: justify;\"><\/h2>\n<p>&nbsp;<\/p>\n<h2 style=\"text-align: justify;\"><\/h2>\n<h2 style=\"text-align: justify;\">\u201eGeschichten, die man sich nicht ausdenken kann\u201c<\/h2>\n<p>&nbsp;<\/p>\n<p class=\"isSelectedEnd\" style=\"text-align: justify;\">Der Untertitel von Eggers beiden B\u00fcchern lautet nicht ohne Grund \u201eEine unglaubliche Geschichte aus Tirol\u201c.<\/p>\n<p class=\"isSelectedEnd\" style=\"text-align: justify;\">Denn genau das scheint seine Motivation zu sein: Geschichten zu erz\u00e4hlen, die unglaublich klingen \u2013 aber gerade deshalb erz\u00e4hlt werden sollten.<\/p>\n<p class=\"isSelectedEnd\" style=\"text-align: justify;\">Nach \u201eMoidl\u201c steht nun \u201eWilma\u201c im Mittelpunkt.<\/p>\n<p class=\"isSelectedEnd\" style=\"text-align: justify;\">Und damit setzt Hermann Egger seine literarische Reise in die Vergangenheit seiner Tiroler Heimat fort.<\/p>\n<p class=\"isSelectedEnd\" style=\"text-align: justify;\">Sein zweites Buch ist seit 1. September 2026 im Rosenheimer Verlagshaus erh\u00e4ltlich.<\/p>\n<p class=\"isSelectedEnd\" style=\"text-align: justify;\">F\u00fcr Hermann Egger bedeutet das zugleich die Fortsetzung eines Projekts, das weit \u00fcber das Schreiben eines Romans hinausgeht: Er bewahrt Familiengeschichten \u2013 und macht sie einem Publikum zug\u00e4nglich, das diese Welt selbst vielleicht nur noch aus Erz\u00e4hlungen kennt.<\/p>\n<p class=\"isSelectedEnd\" style=\"text-align: justify;\">Aus dem Bauernhofsohn und Koch ist ein erfolgreicher Hotelier und Unternehmer geworden.<\/p>\n<p class=\"isSelectedEnd\" style=\"text-align: justify;\">Und aus dem Bewahrer alter Familiengeschichten ein Buchautor.<\/p>\n<p style=\"text-align: justify;\">Mit \u201eWilma\u201c liegt nun die zweite \u201eunglaubliche Geschichte aus Tirol\u201c vor.<\/p>\n<p>&nbsp;<\/p>\n<p>&nbsp;<\/p>\n<p><img decoding=\"async\" loading=\"lazy\" class=\"alignnone size-large wp-image-265950\" src=\"https:\/\/smago.de\/ws2\/wp-content\/uploads\/2026\/09\/egger_moidl-500x800.jpeg\" alt=\"\" width=\"500\" height=\"800\" srcset=\"https:\/\/smago.de\/ws2\/wp-content\/uploads\/2026\/09\/egger_moidl-500x800.jpeg 500w, https:\/\/smago.de\/ws2\/wp-content\/uploads\/2026\/09\/egger_moidl-326x522.jpeg 326w, https:\/\/smago.de\/ws2\/wp-content\/uploads\/2026\/09\/egger_moidl-94x150.jpeg 94w, https:\/\/smago.de\/ws2\/wp-content\/uploads\/2026\/09\/egger_moidl-768x1228.jpeg 768w, https:\/\/smago.de\/ws2\/wp-content\/uploads\/2026\/09\/egger_moidl-170x272.jpeg 170w, https:\/\/smago.de\/ws2\/wp-content\/uploads\/2026\/09\/egger_moidl-375x600.jpeg 375w, https:\/\/smago.de\/ws2\/wp-content\/uploads\/2026\/09\/egger_moidl-81x130.jpeg 81w, https:\/\/smago.de\/ws2\/wp-content\/uploads\/2026\/09\/egger_moidl-278x445.jpeg 278w, https:\/\/smago.de\/ws2\/wp-content\/uploads\/2026\/09\/egger_moidl-119x190.jpeg 119w, https:\/\/smago.de\/ws2\/wp-content\/uploads\/2026\/09\/egger_moidl-181x290.jpeg 181w, https:\/\/smago.de\/ws2\/wp-content\/uploads\/2026\/09\/egger_moidl.jpeg 938w\" sizes=\"(max-width: 500px) 100vw, 500px\" \/><\/p>\n<p>&nbsp;<\/p>\n<p>&nbsp;<\/p>\n<p>&nbsp;<\/p>\n<figure id=\"attachment_265954\" aria-describedby=\"caption-attachment-265954\" style=\"width: 800px\" class=\"wp-caption alignnone\"><img decoding=\"async\" loading=\"lazy\" class=\"size-large wp-image-265954\" src=\"https:\/\/smago.de\/ws2\/wp-content\/uploads\/2026\/09\/Tichler_Adlmann_Egger-800x532.jpg\" alt=\"\" width=\"800\" height=\"532\" srcset=\"https:\/\/smago.de\/ws2\/wp-content\/uploads\/2026\/09\/Tichler_Adlmann_Egger-800x532.jpg 800w, https:\/\/smago.de\/ws2\/wp-content\/uploads\/2026\/09\/Tichler_Adlmann_Egger-522x347.jpg 522w, https:\/\/smago.de\/ws2\/wp-content\/uploads\/2026\/09\/Tichler_Adlmann_Egger-225x150.jpg 225w, https:\/\/smago.de\/ws2\/wp-content\/uploads\/2026\/09\/Tichler_Adlmann_Egger-768x511.jpg 768w, https:\/\/smago.de\/ws2\/wp-content\/uploads\/2026\/09\/Tichler_Adlmann_Egger-1536x1022.jpg 1536w, https:\/\/smago.de\/ws2\/wp-content\/uploads\/2026\/09\/Tichler_Adlmann_Egger-2048x1362.jpg 2048w, https:\/\/smago.de\/ws2\/wp-content\/uploads\/2026\/09\/Tichler_Adlmann_Egger-392x261.jpg 392w, https:\/\/smago.de\/ws2\/wp-content\/uploads\/2026\/09\/Tichler_Adlmann_Egger-130x86.jpg 130w, https:\/\/smago.de\/ws2\/wp-content\/uploads\/2026\/09\/Tichler_Adlmann_Egger-669x445.jpg 669w, https:\/\/smago.de\/ws2\/wp-content\/uploads\/2026\/09\/Tichler_Adlmann_Egger-785x522.jpg 785w, https:\/\/smago.de\/ws2\/wp-content\/uploads\/2026\/09\/Tichler_Adlmann_Egger-286x190.jpg 286w, https:\/\/smago.de\/ws2\/wp-content\/uploads\/2026\/09\/Tichler_Adlmann_Egger-435x290.jpg 435w, https:\/\/smago.de\/ws2\/wp-content\/uploads\/2026\/09\/Tichler_Adlmann_Egger-150x100.jpg 150w, https:\/\/smago.de\/ws2\/wp-content\/uploads\/2026\/09\/Tichler_Adlmann_Egger-370x247.jpg 370w\" sizes=\"(max-width: 800px) 100vw, 800px\" \/><figcaption id=\"caption-attachment-265954\" class=\"wp-caption-text\"><em>Das Foto (Cedit BMC Image \/ Dominik Beckmann) zeigt v.l.n.r.: Hermann Egger, smago! Chefredakteur Andy Tichler (2025 noch mit 40 kg mehr auf den Rippen &#8230;) und Sepp Adlmann (&#8222;adlmann promotion&#8220;)<\/em><\/figcaption><\/figure>\n","protected":false},"excerpt":{"rendered":"<p>Nach \u201eMoidl\u201c folgt \u201eWilma\u201c: Der Tiroler Unternehmer und Hotelier ver\u00f6ffentlicht sein zweites Buch und erz\u00e4hlt erneut eine unglaubliche Geschichte aus<\/p>\n","protected":false},"author":2,"featured_media":265951,"comment_status":"open","ping_status":"closed","sticky":false,"template":"","format":"standard","meta":{"_FSMCFIC_featured_image_caption":"","_FSMCFIC_featured_image_nocaption":"","_FSMCFIC_featured_image_hide":""},"categories":[29],"tags":[5384],"acf":[],"_links":{"self":[{"href":"https:\/\/smago.de\/ws2\/wp-json\/wp\/v2\/posts\/265949"}],"collection":[{"href":"https:\/\/smago.de\/ws2\/wp-json\/wp\/v2\/posts"}],"about":[{"href":"https:\/\/smago.de\/ws2\/wp-json\/wp\/v2\/types\/post"}],"author":[{"embeddable":true,"href":"https:\/\/smago.de\/ws2\/wp-json\/wp\/v2\/users\/2"}],"replies":[{"embeddable":true,"href":"https:\/\/smago.de\/ws2\/wp-json\/wp\/v2\/comments?post=265949"}],"version-history":[{"count":4,"href":"https:\/\/smago.de\/ws2\/wp-json\/wp\/v2\/posts\/265949\/revisions"}],"predecessor-version":[{"id":265956,"href":"https:\/\/smago.de\/ws2\/wp-json\/wp\/v2\/posts\/265949\/revisions\/265956"}],"wp:featuredmedia":[{"embeddable":true,"href":"https:\/\/smago.de\/ws2\/wp-json\/wp\/v2\/media\/265951"}],"wp:attachment":[{"href":"https:\/\/smago.de\/ws2\/wp-json\/wp\/v2\/media?parent=265949"}],"wp:term":[{"taxonomy":"category","embeddable":true,"href":"https:\/\/smago.de\/ws2\/wp-json\/wp\/v2\/categories?post=265949"},{"taxonomy":"post_tag","embeddable":true,"href":"https:\/\/smago.de\/ws2\/wp-json\/wp\/v2\/tags?post=265949"}],"curies":[{"name":"wp","href":"https:\/\/api.w.org\/{rel}","templated":true}]}}