{"id":265934,"date":"2026-09-02T00:00:47","date_gmt":"2026-09-01T22:00:47","guid":{"rendered":"https:\/\/smago.de\/ws2\/?p=265934"},"modified":"2026-09-01T08:07:00","modified_gmt":"2026-09-01T06:07:00","slug":"florian-silbereisen-warum-er-im-hitze-sommer-2026-gefroren-hat","status":"publish","type":"post","link":"https:\/\/smago.de\/ws2\/schlager\/florian-silbereisen-warum-er-im-hitze-sommer-2026-gefroren-hat\/","title":{"rendered":"FLORIAN SILBEREISEN <br>Warum ER im Hitze-Sommer 2026 gefroren hat!"},"content":{"rendered":"<p>Das hat er am 28.08.2026 in der MDR-Talkshow &#8222;Riverboat&#8220; verraten!<!--more--><\/p>\n<p>&nbsp;<\/p>\n<p style=\"text-align: justify;\">\n<p style=\"text-align: justify;\">\n<p style=\"text-align: justify;\">Am vergangenen Freitag (28.08.2026) war FLORIAN SILBEREISEN in der MDR-Talkshow &#8222;Riverboat&#8220; zu Gast. Der 45-j\u00e4hrige Showmaster gab zu Protokoll, dass ER im Hitze-Sommer 2026 gefroren habe.<\/p>\n<p style=\"text-align: justify;\">\n<p style=\"text-align: justify;\"><strong>Florian Silbereisen:<\/strong> <em>&#8222;Wir haben den Sommer mit dem &#8218;Traumschiff&#8216; in Ruanda verbracht, gerade im Juni und Anfang Juli, als die gro\u00dfe Hitzewelle war. Dort waren wir auf 3.000 Metern H\u00f6he und mit Ofen an, denn wir haben gefroren. Immer wenn ich Zuhause angerufen habe, wurde mir erz\u00e4hlt, wie unertr\u00e4glich hei\u00df es hier in Deutschland war.&#8220;<\/em>.<\/p>\n","protected":false},"excerpt":{"rendered":"<p>Das hat er am 28.08.2026 in der MDR-Talkshow &#8222;Riverboat&#8220; verraten!<\/p>\n","protected":false},"author":2,"featured_media":239322,"comment_status":"open","ping_status":"closed","sticky":false,"template":"","format":"standard","meta":{"_FSMCFIC_featured_image_caption":"","_FSMCFIC_featured_image_nocaption":"","_FSMCFIC_featured_image_hide":""},"categories":[29],"tags":[],"acf":[],"_links":{"self":[{"href":"https:\/\/smago.de\/ws2\/wp-json\/wp\/v2\/posts\/265934"}],"collection":[{"href":"https:\/\/smago.de\/ws2\/wp-json\/wp\/v2\/posts"}],"about":[{"href":"https:\/\/smago.de\/ws2\/wp-json\/wp\/v2\/types\/post"}],"author":[{"embeddable":true,"href":"https:\/\/smago.de\/ws2\/wp-json\/wp\/v2\/users\/2"}],"replies":[{"embeddable":true,"href":"https:\/\/smago.de\/ws2\/wp-json\/wp\/v2\/comments?post=265934"}],"version-history":[{"count":2,"href":"https:\/\/smago.de\/ws2\/wp-json\/wp\/v2\/posts\/265934\/revisions"}],"predecessor-version":[{"id":265936,"href":"https:\/\/smago.de\/ws2\/wp-json\/wp\/v2\/posts\/265934\/revisions\/265936"}],"wp:featuredmedia":[{"embeddable":true,"href":"https:\/\/smago.de\/ws2\/wp-json\/wp\/v2\/media\/239322"}],"wp:attachment":[{"href":"https:\/\/smago.de\/ws2\/wp-json\/wp\/v2\/media?parent=265934"}],"wp:term":[{"taxonomy":"category","embeddable":true,"href":"https:\/\/smago.de\/ws2\/wp-json\/wp\/v2\/categories?post=265934"},{"taxonomy":"post_tag","embeddable":true,"href":"https:\/\/smago.de\/ws2\/wp-json\/wp\/v2\/tags?post=265934"}],"curies":[{"name":"wp","href":"https:\/\/api.w.org\/{rel}","templated":true}]}}