{"id":265911,"date":"2026-09-01T00:00:20","date_gmt":"2026-08-31T22:00:20","guid":{"rendered":"https:\/\/smago.de\/ws2\/?p=265911"},"modified":"2026-08-31T20:19:42","modified_gmt":"2026-08-31T18:19:42","slug":"die-jauchzaaa-feat-petra-williams-sie-haben-den-kult-hit-fang-das-licht-neu-aufgenommen","status":"publish","type":"post","link":"https:\/\/smago.de\/ws2\/pop-schlager\/die-jauchzaaa-feat-petra-williams-sie-haben-den-kult-hit-fang-das-licht-neu-aufgenommen\/","title":{"rendered":"DIE JAUCHZAAA feat. PETRA WILLIAMS <br>Sie haben den Kult-Hit &#8222;Fang das Licht&#8220; neu aufgenommen!"},"content":{"rendered":"<p style=\"text-align: justify;\">Aus einer spontanen Begegnung wurde ein musikalisches Herzensprojekt!<!--more--><\/p>\n<p style=\"text-align: justify;\">\n<p style=\"text-align: justify;\"><strong>\u00a0<\/strong><\/p>\n<p style=\"text-align: justify;\">Manchmal schreibt die Musik ihre sch\u00f6nsten Geschichten selbst. So begann auch die Zusammenarbeit zwischen der Band \u201eDie Jauchzaaa\u201c aus S\u00fcddeutschland und der saarl\u00e4ndischen S\u00e4ngerin Petra Williams: Beim Oktoberfest in Elversberg, dem Heimatort der S\u00e4ngerin, stand die Band auf der B\u00fchne, als Petra Williams spontan dazukam und gemeinsam mit den Musikern ein Duett sang. Was als ungeplanter B\u00fchnenmoment begann, begeisterte das Publikum \u2013 und war der Startschuss f\u00fcr eine musikalische Freundschaft.<\/p>\n<p style=\"text-align: justify;\">Aus dieser besonderen Begegnung entstand der Wunsch, gemeinsam einen Song aufzunehmen und so haben sie dem beliebten Titel \u201eFang das Licht\u201c eine ganz eigene, gef\u00fchlvolle Handschrift gegeben.<\/p>\n<p style=\"text-align: justify;\">Die kraftvollen Stimmen von \u201eDie Jauchzaaa\u201c und Petra Williams verschmelzen zu einer harmonischen Einheit und verleihen dem Song eine besondere W\u00e4rme und Tiefe, die durch die vertrauten Kl\u00e4nge des Akkordeons unterstrichen werden.<\/p>\n<p style=\"text-align: justify;\">Mit \u201eFang das Licht\u201c haben sich die Musiker bewusst f\u00fcr einen Song entschieden, der Hoffnung, Lebensfreude und Zusammenhalt vermittelt. Die Neuaufnahme verbindet moderne Schlagerkl\u00e4nge mit authentischen Stimmen zu einer gef\u00fchlvollen Interpretation.<\/p>\n<p style=\"text-align: justify;\">Die Jauchzaaa haben sich aus ihrer Mischung aus Schlager, volkst\u00fcmlicher Musik und Unterhaltung einen Namen gemacht und sind einem breiten Fernsehpublikum unter anderem durch ihre Auftritte in der SWR-Erfolgssendung \u201eSchlagerspa\u00df mit Andy Borg\u201c bekannt. Petra Williams geh\u00f6rt seit vielen Jahren zur saarl\u00e4ndischen Musikszene und begeistert mit ihrer ausdrucksstarken Stimme sowie ihrer gro\u00dfen N\u00e4he zum Publikum.<\/p>\n<p style=\"text-align: justify;\">Mit ihrer gemeinsamen Produktion setzen die K\u00fcnstler auf Authentizit\u00e4t statt Inszenierung. Die Geschichte hinter dem Duett zeigt, wie aus einem ungeplanten B\u00fchnenmoment eine musikalische Zusammenarbeit entstehen kann &#8211; getragen von gegenseitiger Wertsch\u00e4tzung und der unb\u00e4ndigen Lust an der Musik.<\/p>\n<p style=\"text-align: justify;\">\u201eFang das Licht\u201c ist ab den 04.09.2026 auf allen digitalen Plattformen erh\u00e4ltlich und ist eine ganz eigene Hommage an Karel Gott &amp; Darinka, sowie eine Ode an die Freundschaft.<\/p>\n","protected":false},"excerpt":{"rendered":"<p>Aus einer spontanen Begegnung wurde ein musikalisches Herzensprojekt!<\/p>\n","protected":false},"author":2,"featured_media":265912,"comment_status":"open","ping_status":"closed","sticky":false,"template":"","format":"standard","meta":{"_FSMCFIC_featured_image_caption":"","_FSMCFIC_featured_image_nocaption":"","_FSMCFIC_featured_image_hide":""},"categories":[28,39,30],"tags":[5382],"acf":[],"_links":{"self":[{"href":"https:\/\/smago.de\/ws2\/wp-json\/wp\/v2\/posts\/265911"}],"collection":[{"href":"https:\/\/smago.de\/ws2\/wp-json\/wp\/v2\/posts"}],"about":[{"href":"https:\/\/smago.de\/ws2\/wp-json\/wp\/v2\/types\/post"}],"author":[{"embeddable":true,"href":"https:\/\/smago.de\/ws2\/wp-json\/wp\/v2\/users\/2"}],"replies":[{"embeddable":true,"href":"https:\/\/smago.de\/ws2\/wp-json\/wp\/v2\/comments?post=265911"}],"version-history":[{"count":1,"href":"https:\/\/smago.de\/ws2\/wp-json\/wp\/v2\/posts\/265911\/revisions"}],"predecessor-version":[{"id":265913,"href":"https:\/\/smago.de\/ws2\/wp-json\/wp\/v2\/posts\/265911\/revisions\/265913"}],"wp:featuredmedia":[{"embeddable":true,"href":"https:\/\/smago.de\/ws2\/wp-json\/wp\/v2\/media\/265912"}],"wp:attachment":[{"href":"https:\/\/smago.de\/ws2\/wp-json\/wp\/v2\/media?parent=265911"}],"wp:term":[{"taxonomy":"category","embeddable":true,"href":"https:\/\/smago.de\/ws2\/wp-json\/wp\/v2\/categories?post=265911"},{"taxonomy":"post_tag","embeddable":true,"href":"https:\/\/smago.de\/ws2\/wp-json\/wp\/v2\/tags?post=265911"}],"curies":[{"name":"wp","href":"https:\/\/api.w.org\/{rel}","templated":true}]}}