{"id":265896,"date":"2026-08-31T23:59:55","date_gmt":"2026-08-31T21:59:55","guid":{"rendered":"https:\/\/smago.de\/ws2\/?p=265896"},"modified":"2026-08-31T17:03:06","modified_gmt":"2026-08-31T15:03:06","slug":"annett-louisan-ndr-kultur-sucht-ungewoehnliche-orte-fuer-exklusive-live-konzerte-u-a-mit-annett-louisan","status":"publish","type":"post","link":"https:\/\/smago.de\/ws2\/pop\/annett-louisan-ndr-kultur-sucht-ungewoehnliche-orte-fuer-exklusive-live-konzerte-u-a-mit-annett-louisan\/","title":{"rendered":"ANNETT LOUISAN <br>NDR Kultur sucht ungew\u00f6hnliche Orte f\u00fcr exklusive Live-Konzerte \u2013 u. a. mit Annett Louisan!"},"content":{"rendered":"<p style=\"text-align: justify;\">Die ver\u00f6ffentlicht ihr elftes Album &#8222;Sehnsucht&#8220;!<br \/>\n<!--more--><\/p>\n<p style=\"text-align: justify;\">\n<p style=\"text-align: justify;\">\n<p style=\"text-align: justify;\">Ein kleines Caf\u00e9 am See, eine umgebaute Scheune, eine Schul-Aula und ein Atelier auf einem Bauernhof: Diese vier Orte hat NDR Kultur im vergangenen Herbst zu ganz besonderen Konzerts\u00e4len gemacht. Jetzt geht die Aktion in die dritte Runde \u2013 und sucht wieder Orte f\u00fcr au\u00dfergew\u00f6hnliche Musikerlebnisse. Es geht dabei vor allem um R\u00e4ume und Umgebungen, an denen Menschen kein Konzert erwarten w\u00fcrden. NDR Kultur will so die Live-Atmosph\u00e4re aus den gro\u00dfen Veranstaltungss\u00e4len holen und in den Alltag der Norddeutschen bringen.<\/p>\n<p style=\"text-align: justify;\">In diesem Jahr ist unter anderem die Pop- und Chanson-S\u00e4ngerin Annett Louisan dabei. Sie ver\u00f6ffentlicht in diesen Tagen ihr elftes Studioalbum \u201eSehnsucht\u201c und bringt zu ihrem PopUp! Konzert viele neue Songs, aber auch ihre gro\u00dfen Hits mit. Au\u00dferdem tritt das vision string quartet auf, das Klassik mit anderen Genres kombiniert. Der weltbekannte kubanische Jazz-Pianist Omar Sosa wird gemeinsam mit Mitgliedern der NDR Bigband spielen. Und der Liedermacher Gisbert zu Knyphausen interpretiert zusammen mit Pianist Kai Schumacher Schubert-Lieder. Alle K\u00fcnstlerinnen und K\u00fcnstler haben f\u00fcr ihr jeweiliges Konzert zugesagt, ohne vorher zu wissen, wo in Norddeutschland dieses stattfinden wird.<\/p>\n<p style=\"text-align: justify;\">Wer einen ungew\u00f6hnlichen Konzertort anzubieten hat, kann sich ab sofort auf der Homepage von NDR Kultur bewerben. Eine Jury w\u00e4hlt f\u00fcr jedes der vier Konzerte jeweils drei m\u00f6gliche Orte aus. Diese treten dann in einer Abstimmung gegeneinander an. Entscheidend f\u00fcr die Bewerber*innen ist also, m\u00f6glichst viele Menschen zu animieren, an der entscheidenden Stelle ihre Stimme abzugeben.<\/p>\n<p style=\"text-align: justify;\">Die Konzerte finden im Zeitraum vom 24. September bis zum 15. Oktober 2026 statt. Mehr zu der Aktion gibt es im Radioprogramm von NDR Kultur und im Fernsehen bei NDR Kultur \u2013 Das Journal. Alle Informationen und das Bewerbungsformular sind online zu finden &#8211; unter <a href=\"http:\/\/ndr.de\/popup\">ndr.de\/popup<\/a>.<\/p>\n<p>&nbsp;<\/p>\n<p>&nbsp;<\/p>\n<p>&nbsp;<\/p>\n<p><strong>Die Konzertdaten im Einzelnen:<\/strong><\/p>\n<p>&nbsp;<\/p>\n<p>&nbsp;<\/p>\n<p>24.09. Annett Louisan<br \/>\n01.10. vision string quartet<br \/>\n06.10. Omar Sosa und Mitglieder der NDR Bigband<br \/>\n15.10. Gisbert zu Knyphausen und Kai Schumacher<\/p>\n<p>&nbsp;<\/p>\n<p><strong><a href=\"https:\/\/www.ndr.de\/kultur\/musik\/NDR-Kultur-PopUp-Konzerte-Wir-bringen-die-Musik-zu-Ihnen,popup-480.html\">Weitere Informationen &#8230;:<\/a><\/strong><\/p>\n<p>&nbsp;<\/p>\n<p>&nbsp;<\/p>\n<figure id=\"attachment_265897\" aria-describedby=\"caption-attachment-265897\" style=\"width: 800px\" class=\"wp-caption alignnone\"><img decoding=\"async\" loading=\"lazy\" class=\"size-large wp-image-265897\" src=\"https:\/\/smago.de\/ws2\/wp-content\/uploads\/2026\/08\/louisan_Jennifer-Weyland-Photography-800x450.webp\" alt=\"\" width=\"800\" height=\"450\" srcset=\"https:\/\/smago.de\/ws2\/wp-content\/uploads\/2026\/08\/louisan_Jennifer-Weyland-Photography-800x450.webp 800w, https:\/\/smago.de\/ws2\/wp-content\/uploads\/2026\/08\/louisan_Jennifer-Weyland-Photography-522x294.webp 522w, https:\/\/smago.de\/ws2\/wp-content\/uploads\/2026\/08\/louisan_Jennifer-Weyland-Photography-267x150.webp 267w, https:\/\/smago.de\/ws2\/wp-content\/uploads\/2026\/08\/louisan_Jennifer-Weyland-Photography-768x432.webp 768w, https:\/\/smago.de\/ws2\/wp-content\/uploads\/2026\/08\/louisan_Jennifer-Weyland-Photography-1536x864.webp 1536w, https:\/\/smago.de\/ws2\/wp-content\/uploads\/2026\/08\/louisan_Jennifer-Weyland-Photography-392x221.webp 392w, https:\/\/smago.de\/ws2\/wp-content\/uploads\/2026\/08\/louisan_Jennifer-Weyland-Photography-130x73.webp 130w, https:\/\/smago.de\/ws2\/wp-content\/uploads\/2026\/08\/louisan_Jennifer-Weyland-Photography-791x445.webp 791w, https:\/\/smago.de\/ws2\/wp-content\/uploads\/2026\/08\/louisan_Jennifer-Weyland-Photography-870x489.webp 870w, https:\/\/smago.de\/ws2\/wp-content\/uploads\/2026\/08\/louisan_Jennifer-Weyland-Photography-292x164.webp 292w, https:\/\/smago.de\/ws2\/wp-content\/uploads\/2026\/08\/louisan_Jennifer-Weyland-Photography-435x245.webp 435w, https:\/\/smago.de\/ws2\/wp-content\/uploads\/2026\/08\/louisan_Jennifer-Weyland-Photography-895x503.webp 895w, https:\/\/smago.de\/ws2\/wp-content\/uploads\/2026\/08\/louisan_Jennifer-Weyland-Photography.webp 1920w\" sizes=\"(max-width: 800px) 100vw, 800px\" \/><figcaption id=\"caption-attachment-265897\" class=\"wp-caption-text\"><em>Foto-Credit: <strong><a href=\"https:\/\/www.jenniferweyland.de\/\">Jennifer Weylan Photography<\/a><\/strong><\/em><\/figcaption><\/figure>\n","protected":false},"excerpt":{"rendered":"<p>Die ver\u00f6ffentlicht ihr elftes Album &#8222;Sehnsucht&#8220;!<\/p>\n","protected":false},"author":2,"featured_media":265897,"comment_status":"open","ping_status":"closed","sticky":false,"template":"","format":"standard","meta":{"_FSMCFIC_featured_image_caption":"","_FSMCFIC_featured_image_nocaption":"","_FSMCFIC_featured_image_hide":""},"categories":[27],"tags":[185],"acf":[],"_links":{"self":[{"href":"https:\/\/smago.de\/ws2\/wp-json\/wp\/v2\/posts\/265896"}],"collection":[{"href":"https:\/\/smago.de\/ws2\/wp-json\/wp\/v2\/posts"}],"about":[{"href":"https:\/\/smago.de\/ws2\/wp-json\/wp\/v2\/types\/post"}],"author":[{"embeddable":true,"href":"https:\/\/smago.de\/ws2\/wp-json\/wp\/v2\/users\/2"}],"replies":[{"embeddable":true,"href":"https:\/\/smago.de\/ws2\/wp-json\/wp\/v2\/comments?post=265896"}],"version-history":[{"count":2,"href":"https:\/\/smago.de\/ws2\/wp-json\/wp\/v2\/posts\/265896\/revisions"}],"predecessor-version":[{"id":265899,"href":"https:\/\/smago.de\/ws2\/wp-json\/wp\/v2\/posts\/265896\/revisions\/265899"}],"wp:featuredmedia":[{"embeddable":true,"href":"https:\/\/smago.de\/ws2\/wp-json\/wp\/v2\/media\/265897"}],"wp:attachment":[{"href":"https:\/\/smago.de\/ws2\/wp-json\/wp\/v2\/media?parent=265896"}],"wp:term":[{"taxonomy":"category","embeddable":true,"href":"https:\/\/smago.de\/ws2\/wp-json\/wp\/v2\/categories?post=265896"},{"taxonomy":"post_tag","embeddable":true,"href":"https:\/\/smago.de\/ws2\/wp-json\/wp\/v2\/tags?post=265896"}],"curies":[{"name":"wp","href":"https:\/\/api.w.org\/{rel}","templated":true}]}}