{"id":265876,"date":"2026-08-31T10:14:02","date_gmt":"2026-08-31T08:14:02","guid":{"rendered":"https:\/\/smago.de\/ws2\/?p=265876"},"modified":"2026-08-31T10:44:01","modified_gmt":"2026-08-31T08:44:01","slug":"max-weidner-am-04-09-2026-erscheint-sein-neuer-song-seele-taetowiert","status":"publish","type":"post","link":"https:\/\/smago.de\/ws2\/pop-schlager\/max-weidner-am-04-09-2026-erscheint-sein-neuer-song-seele-taetowiert\/","title":{"rendered":"MAX WEIDNER <br>Am 04.09.2026 erscheint  sein neuer Song &#8222;Seele t\u00e4towiert&#8220;!"},"content":{"rendered":"<p>Er pr\u00e4sentiert sich so modern, kantig und provokant wie nie zuvor, musikalisch wie auch als K\u00fcnstler! Pop, Dance, Schlager und ein K\u00fcnstler mit Ecken, an denen man h\u00e4ngen bleibt!<\/p>\n<p><!--more--><\/p>\n<p>&nbsp;<\/p>\n<p>&nbsp;<\/p>\n<p>&nbsp;<\/p>\n<p style=\"text-align: justify;\"><em>\u201eUnd pl\u00f6tzlich war alles anders. Ich lern mich selber neu kennen. Du hast die Farben in mir geweckt. Hab sie lang versteckt.\u201c<\/em><\/p>\n<p>So beginnt \u201eSeele t\u00e4towiert\u201c. Eigentlich vier Zeilen \u00fcber eine Liebe. Und gleichzeitig erstaunlich nah an dem, was gerade bei MAX WEIDNER passiert.<\/p>\n<p>Denn Max hat sich ver\u00e4ndert. Nicht \u00fcber Nacht und nicht am Rei\u00dfbrett. Sein Sound ist mit ihm gewachsen, gereift und an einem Punkt angekommen, an dem pl\u00f6tzlich Seiten sichtbar werden, die bisher kaum jemand von ihm kannte.<\/p>\n<p style=\"text-align: justify;\">Und genau danach klingt \u201eSeele t\u00e4towiert\u201c.<\/p>\n<p>Pop, Dance und Schlager treffen auf einen Refrain, der ein starkes Bild zeichnet: Ein Mensch kann gehen und trotzdem etwas hinterlassen, das bleibt.<\/p>\n<p><em>Du<\/em> <em>hast<\/em> <em>meine<\/em> <em>Seele<\/em> <em>t\u00e4towiert<\/em> <em>mit<\/em> <em>deinen<\/em> <em>blauen<\/em> <em>Augen.<\/em><\/p>\n<p><em>Oh,<\/em> <em>ich<\/em> <em>trag<\/em> <em>dich<\/em> <em>in<\/em> <em>meinem<\/em> <em>Herzen<\/em> <em>als<\/em> <em>Narben<\/em> <em>unter<\/em> <em>meiner<\/em> <em>Haut.<\/em><\/p>\n<p>Doch \u201eSeele t\u00e4towiert\u201c bleibt nicht bei diesem einen Bild. Da werden Farben wachgek\u00fcsst, L\u00fccken gef\u00fcllt, alte Tattoos ans Licht geholt und neue Bilder gemalt. Am Ende verschmelzen bunte Linien mit Tinte, Stich f\u00fcr Stich.<\/p>\n<p style=\"text-align: justify;\">Eine Liebesgeschichte, erz\u00e4hlt wie ein Tattoo entsteht.<\/p>\n<p>&nbsp;<\/p>\n<p>&nbsp;<\/p>\n<p>&nbsp;<\/p>\n<p><strong>&#8230; und<\/strong> <strong>ein<\/strong> <strong>Song,<\/strong> <strong>der<\/strong> <strong>ziemlich<\/strong> <strong>genau<\/strong> <strong>zu<\/strong> <strong>dem<\/strong> <strong>Mann<\/strong> <strong>passt,<\/strong> <strong>der<\/strong> <strong>ihn<\/strong> <strong>singt &#8230;<\/strong><\/p>\n<p>&nbsp;<\/p>\n<p>Max Weidner ist t\u00e4towiert, direkt, nicht glatt und hat diese Ecken, an denen man h\u00e4ngen bleibt. Er sieht nicht aus wie die n\u00e4chste Kopie aus dem Schlagerbaukasten und \u201eSeele t\u00e4towiert\u201c klingt auch nicht danach.<\/p>\n<p>Hinter dem Song steht das Kreativ Dream Team Simeon Holzer, Petra Bonmassar und Max Weidner. Gemeinsam haben sie \u201eSeele t\u00e4towiert\u201c geschrieben und produziert. Bonmassar schrieb bereits f\u00fcr Andrea Berg, DJ BoBo und Sonia Liebing, Holzer arbeitete unter anderem mit DJ Antoine und Sido.<\/p>\n<p style=\"text-align: justify;\">Drei K\u00f6pfe. Eine Handschrift. Null Interesse an Schlager von der Stange.<\/p>\n<p>Und dann ist da das Musikvideo.<\/p>\n<p style=\"text-align: justify;\">Max zieht blank.<\/p>\n<p>Seine Tattoos sind darin nicht Dekoration. Sie werden zum zweiten Erz\u00e4hler der Geschichte.<\/p>\n<p style=\"text-align: justify;\">Was der Song auf die Seele schreibt, tr\u00e4gt Max auf der Haut. So ein Musikvideo gab es im Schlager noch nie.<\/p>\n<p>\u201eSeele t\u00e4towiert\u201c erscheint am 04. September. Bereits am 6. September pr\u00e4sentiert Max den Song erstmals im ZDF Fernsehgarten.<\/p>\n<p>Und damit feiert nicht nur die Single TV Premiere.<\/p>\n<p style=\"text-align: justify;\">Sondern auch eine Seite von Max Weidner, die bisher kaum jemand gesehen und noch weniger geh\u00f6rt hat.<\/p>\n<p>Vielleicht hat er selbst daf\u00fcr l\u00e4ngst die beste Zeile geschrieben: <em>\u201eDu hast die Farben in mir geweckt. Hab sie lang versteckt.\u201c <\/em><\/p>\n<p>Jetzt sind sie da.<\/p>\n<p>&nbsp;<\/p>\n<p>&nbsp;<\/p>\n<p>&nbsp;<\/p>\n<p>&nbsp;<\/p>\n<p style=\"text-align: justify;\"><strong>MAX WEIDNER<\/strong><\/p>\n<p>&nbsp;<\/p>\n<p style=\"text-align: justify;\">31 Jahre, ziemlich t\u00e4towiert und hoffnungslos schlagerin\ufb01ziert: Max Weidner sieht nach vielem aus &#8211; und ist vor allem eins: Schlager.<\/p>\n<p style=\"text-align: justify;\">Nur eben auf seine Art.<\/p>\n<p style=\"text-align: justify;\">Wer entschieden hat, wie ein Schlagers\u00e4nger auszusehen oder zu klingen hat, interessiert ihn herzlich wenig. Max macht sein Ding: direkt, unangepasst und nahbar.<\/p>\n<p style=\"text-align: justify;\">\u201eSEX DRUGS SCHLAGER\u201c tr\u00e4gt er nicht auf irgendeinem Merch-Shirt, sondern unter der Haut. Die Droge? Musik. Der Rausch? Die B\u00fchne. Die gro\u00dfe Liebe? Schlager.<\/p>\n<p style=\"text-align: justify;\">Dass Max wei\u00df, wie man Menschen erreicht, kommt nicht von ungef\u00e4hr. Als ausgebildeter TV-Moderator der Akademie der Musik- und Medienbranche steht er seit Jahren vor der Kamera, pr\u00e4sentiert sein eigenes Live-Format und f\u00fchlt sich dort am wohlsten, wo etwas passiert: auf der B\u00fchne und mitten im Publikum.<\/p>\n<p style=\"text-align: justify;\">Entertainer zu sein ist f\u00fcr ihn keine Rolle. Es geh\u00f6rt zu ihm.<\/p>\n<p style=\"text-align: justify;\">2026 schl\u00e4gt Max Weidner musikalisch ein neues Kapitel auf. Und zwar nicht leise.<\/p>\n<p style=\"text-align: justify;\">F\u00fcr seinen neuen Sound hat er sich mit Petra Bonmassar, die bereits Songs f\u00fcr K\u00fcnstler wie Andrea Berg, DJ BoBo und Sonia Liebing geschrieben hat, und Simeon Holzer, der unter anderem mit DJ Antoine und Sido gearbeitet hat, zusammengetan.<\/p>\n<p style=\"text-align: justify;\">Das Ergebnis verbindet modernen Schlager mit Pop und Dance &#8211; druckvoll, emotional und mit einer Handschrift, die sich nicht an klassischen Erwartungen orientiert.<\/p>\n<p style=\"text-align: justify;\">Am 04. September 2026 erscheint \u201eSeele t\u00e4towiert\u201c &#8211; und damit beginnt f\u00fcr Max Weidner eine neue \u00c4ra.<\/p>\n<p style=\"text-align: justify;\">Der Song steht f\u00fcr mehr als eine neue Ver\u00f6ffentlichung. Er markiert einen kompletten Wandel: musikalisch, visuell und als K\u00fcnstler. Ein neuer Look trifft auf einen Sound mit mehr Kante, mehr Energie und einer klaren Identit\u00e4t.<\/p>\n<p style=\"text-align: justify;\">Dabei geht es nicht darum, Schlager neu zu er\ufb01nden. Und schon gar nicht darum, in die n\u00e4chste Schublade zu passen.<\/p>\n<p style=\"text-align: justify;\">Max Weidner macht verdammt nochmal seinen eigenen Schlager. T\u00e4towiert. Laut. Nahbar. Ein bisschen verr\u00fcckt.<\/p>\n<p style=\"text-align: justify;\">Einer dieser Typen, bei denen man zweimal hinschaut, wenn man h\u00f6rt: \u201eDer macht Schlager?!\u201c<\/p>\n<p style=\"text-align: justify;\">Ja. Und zwar verdammt gerne.<\/p>\n<p style=\"text-align: justify;\">Max Weidner hat Ecken, an denen man h\u00e4ngen bleibt.<\/p>\n<p style=\"text-align: justify;\"><strong>\u00a0<\/strong><\/p>\n<p>&nbsp;<\/p>\n<p>&nbsp;<\/p>\n<p style=\"text-align: justify;\"><strong>KURZVITA F\u00dcR TV \/ MODERATION<\/strong><\/p>\n<p>&nbsp;<\/p>\n<p style=\"text-align: justify;\">Max Weidner, 31, ist S\u00e4nger, Entertainer und ausgebildeter TV-Moderator der Akademie der Musik- und Medienbranche. T\u00e4towiert, unangepasst und mit einer gro\u00dfen Liebe zum Schlager verbindet er modernen Schlager mit Pop und Dance. Am 4. September 2026 erscheint seine Single \u201eSeele t\u00e4towiert\u201c, die zugleich f\u00fcr einen kompletten musikalischen und visuellen Wandel steht.<\/p>\n<p>&nbsp;<\/p>\n<p>&nbsp;<\/p>\n<figure id=\"attachment_265878\" aria-describedby=\"caption-attachment-265878\" style=\"width: 533px\" class=\"wp-caption alignnone\"><img decoding=\"async\" loading=\"lazy\" class=\"size-large wp-image-265878\" src=\"https:\/\/smago.de\/ws2\/wp-content\/uploads\/2026\/08\/Max-Weidner-2_Credit-Kevin-Lauderlein-533x800.jpeg\" alt=\"\" width=\"533\" height=\"800\" srcset=\"https:\/\/smago.de\/ws2\/wp-content\/uploads\/2026\/08\/Max-Weidner-2_Credit-Kevin-Lauderlein-533x800.jpeg 533w, https:\/\/smago.de\/ws2\/wp-content\/uploads\/2026\/08\/Max-Weidner-2_Credit-Kevin-Lauderlein-347x522.jpeg 347w, https:\/\/smago.de\/ws2\/wp-content\/uploads\/2026\/08\/Max-Weidner-2_Credit-Kevin-Lauderlein-100x150.jpeg 100w, https:\/\/smago.de\/ws2\/wp-content\/uploads\/2026\/08\/Max-Weidner-2_Credit-Kevin-Lauderlein-768x1154.jpeg 768w, https:\/\/smago.de\/ws2\/wp-content\/uploads\/2026\/08\/Max-Weidner-2_Credit-Kevin-Lauderlein-181x272.jpeg 181w, https:\/\/smago.de\/ws2\/wp-content\/uploads\/2026\/08\/Max-Weidner-2_Credit-Kevin-Lauderlein-399x600.jpeg 399w, https:\/\/smago.de\/ws2\/wp-content\/uploads\/2026\/08\/Max-Weidner-2_Credit-Kevin-Lauderlein-87x130.jpeg 87w, https:\/\/smago.de\/ws2\/wp-content\/uploads\/2026\/08\/Max-Weidner-2_Credit-Kevin-Lauderlein-296x445.jpeg 296w, https:\/\/smago.de\/ws2\/wp-content\/uploads\/2026\/08\/Max-Weidner-2_Credit-Kevin-Lauderlein-126x190.jpeg 126w, https:\/\/smago.de\/ws2\/wp-content\/uploads\/2026\/08\/Max-Weidner-2_Credit-Kevin-Lauderlein-193x290.jpeg 193w, https:\/\/smago.de\/ws2\/wp-content\/uploads\/2026\/08\/Max-Weidner-2_Credit-Kevin-Lauderlein.jpeg 852w\" sizes=\"(max-width: 533px) 100vw, 533px\" \/><figcaption id=\"caption-attachment-265878\" class=\"wp-caption-text\">Foto-Credit: Kevin Lauderlein<\/figcaption><\/figure>\n","protected":false},"excerpt":{"rendered":"<p>Er pr\u00e4sentiert sich so modern, kantig und provokant wie nie zuvor, musikalisch wie auch als K\u00fcnstler! Pop, Dance, Schlager und<\/p>\n","protected":false},"author":2,"featured_media":265877,"comment_status":"open","ping_status":"closed","sticky":false,"template":"","format":"standard","meta":{"_FSMCFIC_featured_image_caption":"","_FSMCFIC_featured_image_nocaption":"","_FSMCFIC_featured_image_hide":""},"categories":[28],"tags":[1093],"acf":[],"_links":{"self":[{"href":"https:\/\/smago.de\/ws2\/wp-json\/wp\/v2\/posts\/265876"}],"collection":[{"href":"https:\/\/smago.de\/ws2\/wp-json\/wp\/v2\/posts"}],"about":[{"href":"https:\/\/smago.de\/ws2\/wp-json\/wp\/v2\/types\/post"}],"author":[{"embeddable":true,"href":"https:\/\/smago.de\/ws2\/wp-json\/wp\/v2\/users\/2"}],"replies":[{"embeddable":true,"href":"https:\/\/smago.de\/ws2\/wp-json\/wp\/v2\/comments?post=265876"}],"version-history":[{"count":3,"href":"https:\/\/smago.de\/ws2\/wp-json\/wp\/v2\/posts\/265876\/revisions"}],"predecessor-version":[{"id":265881,"href":"https:\/\/smago.de\/ws2\/wp-json\/wp\/v2\/posts\/265876\/revisions\/265881"}],"wp:featuredmedia":[{"embeddable":true,"href":"https:\/\/smago.de\/ws2\/wp-json\/wp\/v2\/media\/265877"}],"wp:attachment":[{"href":"https:\/\/smago.de\/ws2\/wp-json\/wp\/v2\/media?parent=265876"}],"wp:term":[{"taxonomy":"category","embeddable":true,"href":"https:\/\/smago.de\/ws2\/wp-json\/wp\/v2\/categories?post=265876"},{"taxonomy":"post_tag","embeddable":true,"href":"https:\/\/smago.de\/ws2\/wp-json\/wp\/v2\/tags?post=265876"}],"curies":[{"name":"wp","href":"https:\/\/api.w.org\/{rel}","templated":true}]}}