{"id":265871,"date":"2026-08-31T09:56:32","date_gmt":"2026-08-31T07:56:32","guid":{"rendered":"https:\/\/smago.de\/ws2\/?p=265871"},"modified":"2026-08-31T09:56:32","modified_gmt":"2026-08-31T07:56:32","slug":"stefan-mross-erneut-top-werte-fuer-immer-wieder-sonntags","status":"publish","type":"post","link":"https:\/\/smago.de\/ws2\/schlager\/stefan-mross-erneut-top-werte-fuer-immer-wieder-sonntags\/","title":{"rendered":"STEFAN MROSS <br>Erneut Top-Werte f\u00fcr \u201eImmer wieder sonntags\u201c!"},"content":{"rendered":"<p style=\"text-align: justify;\">Die 12. Ausgabe brachte es am 30.08.2026 auf sehr, sehr starke 18,3 Prozent Marktanteil!<!--more--><\/p>\n<p style=\"text-align: justify;\">\n<p style=\"text-align: justify;\">\n<p style=\"text-align: justify;\">\n<p style=\"text-align: justify;\">\u201eImmer wieder sonntags\u201c bleibt auch kurz vor dem gro\u00dfen Finale ein echtes Quotenschwergewicht! Die 12. Ausgabe der beliebten ARD-Live-Show mit STEFAN MROSS erzielte am Sonntag, dem 30.08.2026, erneut hervorragende Werte.<\/p>\n<p style=\"text-align: justify;\">Insgesamt 1,327 Millionen Zuschauer schalteten ein. Damit landete Stefan Mross auf Platz 19 der Quoten-Charts des Tages. Zum Vergleich: Andrea Kiewel durfte sich mit 1,659 Millionen Zuschauern \u00fcber Rang 13 freuen.<\/p>\n<p style=\"text-align: justify;\">Noch bemerkenswerter f\u00e4llt der Blick auf den Marktanteil aus: \u201eImmer wieder sonntags\u201c kam auf starke 18,3 Prozent.<\/p>\n<p style=\"text-align: justify;\">Damit schnitt die von Stefan Mross pr\u00e4sentierte Musik- und Unterhaltungsshow erneut ganz hervorragend ab. Zum Vergleich: \u201eDie Giovanni Zarrella Show \u2013 Die gro\u00dfe Sommerparty\u201c erzielte am Vorabend 16,8 Prozent Marktanteil.<\/p>\n<p style=\"text-align: justify;\">Der \u201eZDF-Fernsehgarten\u201c kam am Sonntag auf 19,0 Prozent Marktanteil und lag damit nur knapp vor \u201eImmer wieder sonntags\u201c.<\/p>\n<p style=\"text-align: justify;\">\n<p style=\"text-align: justify;\">\n<p style=\"text-align: justify;\">\n<h2 style=\"text-align: justify;\">18,3 Prozent zum Endspurt<\/h2>\n<p style=\"text-align: justify;\">\n<p style=\"text-align: justify;\">F\u00fcr Stefan Mross und sein gesamtes Team sind die 18,3 Prozent ein weiterer sch\u00f6ner Erfolg. Die Sendung geh\u00f6rt seit vielen Jahren zu den festen Gr\u00f6\u00dfen des deutschen Fernsehsommers und konnte auch in ihrer zw\u00f6lften Ausgabe wieder ein gro\u00dfes Publikum erreichen.<\/p>\n<p style=\"text-align: justify;\">Dabei r\u00fcckt das Ende der diesj\u00e4hrigen Staffel immer n\u00e4her. Und dieses Ende d\u00fcrfte f\u00fcr viele Fans durchaus emotional werden.<\/p>\n<h2 style=\"text-align: justify;\"><\/h2>\n<h2 style=\"text-align: justify;\"><\/h2>\n<h2 style=\"text-align: justify;\"><\/h2>\n<h2 style=\"text-align: justify;\">Am 6. September hei\u00dft es erst einmal Abschied nehmen &#8230;<\/h2>\n<p style=\"text-align: justify;\">\n<p style=\"text-align: justify;\">Am 6. September hei\u00dft es dann \u2013 nach jetzigem Stand der Dinge \u2013 offiziell Abschied nehmen von einer der langlebigsten Unterhaltungssendungen, die es jemals im deutschen Fernsehen gab.<\/p>\n<p style=\"text-align: justify;\">\u00dcber viele Jahre hinweg geh\u00f6rte \u201eImmer wieder sonntags\u201c zum festen Sonntagsritual unz\u00e4hliger Zuschauer. Musik, gute Laune, prominente G\u00e4ste und die besondere Live-Atmosph\u00e4re aus dem Europa-Park in Rust machten die Sendung zu einem festen Bestandteil des deutschen TV-Sommers.<\/p>\n<p style=\"text-align: justify;\">Nun steht die final letzte Live-Show bevor.<\/p>\n<h2 style=\"text-align: justify;\"><\/h2>\n<h2 style=\"text-align: justify;\"><\/h2>\n<h2 style=\"text-align: justify;\"><\/h2>\n<h2 style=\"text-align: justify;\">Andy Borg und Stefanie Hertel beim gro\u00dfen Finale<\/h2>\n<p style=\"text-align: justify;\">\n<p style=\"text-align: justify;\">F\u00fcr diese letzte Ausgabe haben sich bereits hochkar\u00e4tige G\u00e4ste angesagt. Unter anderem werden Andy Borg und Stefanie Hertel erwartet.<\/p>\n<p style=\"text-align: justify;\">Damit d\u00fcrfte Stefan Mross gemeinsam mit seinem Team noch einmal f\u00fcr einen geb\u00fchrenden Abschluss sorgen. Und nat\u00fcrlich darf man gespannt sein, ob die letzte Ausgabe der langen \u201eImmer wieder sonntags\u201c-Geschichte noch einmal f\u00fcr einen besonderen Quotenmoment sorgen wird.<\/p>\n<p style=\"text-align: justify;\">Nach den starken 18,3 Prozent Marktanteil der zw\u00f6lften Ausgabe ist jedenfalls klar: \u201eImmer wieder sonntags\u201c verabschiedet sich keineswegs leise.<\/p>\n<p style=\"text-align: justify;\">1,327 Millionen Zuschauer und 18,3 Prozent Marktanteil \u2013 das ist zum Ende einer langen TV-\u00c4ra noch einmal ein kr\u00e4ftiges Ausrufezeichen!<\/p>\n","protected":false},"excerpt":{"rendered":"<p>Die 12. Ausgabe brachte es am 30.08.2026 auf sehr, sehr starke 18,3 Prozent Marktanteil!<\/p>\n","protected":false},"author":2,"featured_media":265149,"comment_status":"open","ping_status":"closed","sticky":false,"template":"","format":"standard","meta":{"_FSMCFIC_featured_image_caption":"","_FSMCFIC_featured_image_nocaption":"","_FSMCFIC_featured_image_hide":""},"categories":[29,39,128],"tags":[137],"acf":[],"_links":{"self":[{"href":"https:\/\/smago.de\/ws2\/wp-json\/wp\/v2\/posts\/265871"}],"collection":[{"href":"https:\/\/smago.de\/ws2\/wp-json\/wp\/v2\/posts"}],"about":[{"href":"https:\/\/smago.de\/ws2\/wp-json\/wp\/v2\/types\/post"}],"author":[{"embeddable":true,"href":"https:\/\/smago.de\/ws2\/wp-json\/wp\/v2\/users\/2"}],"replies":[{"embeddable":true,"href":"https:\/\/smago.de\/ws2\/wp-json\/wp\/v2\/comments?post=265871"}],"version-history":[{"count":1,"href":"https:\/\/smago.de\/ws2\/wp-json\/wp\/v2\/posts\/265871\/revisions"}],"predecessor-version":[{"id":265872,"href":"https:\/\/smago.de\/ws2\/wp-json\/wp\/v2\/posts\/265871\/revisions\/265872"}],"wp:featuredmedia":[{"embeddable":true,"href":"https:\/\/smago.de\/ws2\/wp-json\/wp\/v2\/media\/265149"}],"wp:attachment":[{"href":"https:\/\/smago.de\/ws2\/wp-json\/wp\/v2\/media?parent=265871"}],"wp:term":[{"taxonomy":"category","embeddable":true,"href":"https:\/\/smago.de\/ws2\/wp-json\/wp\/v2\/categories?post=265871"},{"taxonomy":"post_tag","embeddable":true,"href":"https:\/\/smago.de\/ws2\/wp-json\/wp\/v2\/tags?post=265871"}],"curies":[{"name":"wp","href":"https:\/\/api.w.org\/{rel}","templated":true}]}}