{"id":265867,"date":"2026-08-31T00:00:59","date_gmt":"2026-08-30T22:00:59","guid":{"rendered":"https:\/\/smago.de\/ws2\/?p=265867"},"modified":"2026-08-30T23:31:42","modified_gmt":"2026-08-30T21:31:42","slug":"howard-carpendale-ich-sing-noch-ein-paar-jahre-okay","status":"publish","type":"post","link":"https:\/\/smago.de\/ws2\/uncategorized\/howard-carpendale-ich-sing-noch-ein-paar-jahre-okay\/","title":{"rendered":"HOWARD CARPENDALE <br>&#8222;Ich sing noch ein paar Jahre, okay?&#8220;"},"content":{"rendered":"<p>Nach seinem Open Air Konzert auf der Freilichtb\u00fchne in Altusried hat der 80-j\u00e4hrige Entertainer einen Entschluss gefasst &#8230;:<!--more--><\/p>\n<p style=\"text-align: justify;\">\n<div class=\"html-div xdj266r x14z9mp xat24cr x1lziwak xexx8yu xyri2b x18d9i69 x1c1uobl\">\n<div class=\"html-div xdj266r x14z9mp xat24cr x1lziwak xexx8yu xyri2b x18d9i69 x1c1uobl\" dir=\"auto\">\n<div id=\"_r_up_\" class=\"html-div xdj266r x14z9mp xat24cr x1lziwak xexx8yu xyri2b x18d9i69 x1c1uobl\" data-ad-rendering-role=\"story_message\">\n<div class=\"x1l90r2v x1iorvi4 x1g0dm76 xpdmqnj\" data-ad-comet-preview=\"message\" data-ad-preview=\"message\">\n<div class=\"x78zum5 xdt5ytf xz62fqu x16ldp7u\">\n<div class=\"xu06os2 x1ok221b\">\n<div class=\"html-div xdj266r x14z9mp xat24cr x1lziwak xexx8yu xyri2b x18d9i69 x1c1uobl\">\n<div class=\"x14z9mp xat24cr x1lziwak x1vvkbs xtlvy1s x126k92a\">\n<div dir=\"auto\">\n<p style=\"text-align: justify;\">HOWARD CARPENDALE blickt auf einen ganz besonderen Open-Air-Sommer zur\u00fcck. Nach dem Konzert in Altusried zeigt sich der S\u00e4nger tief beeindruckt von der Atmosph\u00e4re und der besonderen Verbindung zu seinem Publikum.<\/p>\n<p style=\"text-align: justify;\"><em>\u201eAltusried, wieder mal der absolute Hammer. Ich wei\u00df gar nicht so richtig, was ich sagen soll.\u201c<\/em><\/p>\n<p style=\"text-align: justify;\">F\u00fcr Carpendale ist die diesj\u00e4hrige Open-Air-Tour offenbar zu einem ganz besonderen Erlebnis geworden. Auch wenn nur noch ein Konzert bevorsteht, steht f\u00fcr ihn bereits fest, dass ihm diese Tour noch lange in Erinnerung bleiben wird.<\/p>\n<p style=\"text-align: justify;\"><em>\u201eDiese Open-Air-Tour wird mir, obwohl nur noch ein Konzert vor uns liegt, noch sehr lange in Erinnerung bleiben. Ich habe mich selten so frei auf der B\u00fchne gef\u00fchlt wie in der letzten Zeit. Nat\u00fcrlich liegt das auch an dieser ganz besonderen Open-Air-Atmosph\u00e4re, aber vor allem war unglaublich stark zu sp\u00fcren, wie verbunden wir auf der B\u00fchne mit euch im Publikum waren.\u201c<\/em><\/p>\n<p style=\"text-align: justify;\">Diese besondere Verbindung zwischen K\u00fcnstler und Publikum habe den Konzerten eine ganz eigene Leichtigkeit verliehen. <em>\u201eEs hat sich einfach leicht, frei und richtig angef\u00fchlt. Ich danke euch von Herzen daf\u00fcr.\u201c<\/em><\/p>\n<p style=\"text-align: justify;\">F\u00fcr einen weiteren besonderen Moment sorgte Wayne, der erneut bei einem Konzert von Howard Carpendale vorbeischaute und gemeinsam mit ihm einen Song sang. Das Publikum nahm den gemeinsamen Auftritt offensichtlich begeistert auf. (<em>\u201eUnd ich danke Wayne, dass er wieder einmal vorbeigekommen ist und einen Song mit mir gesungen hat. Das kam wahnsinnig gut an und hat einfach richtig Spa\u00df gemacht.\u201c)<\/em><\/p>\n<p style=\"text-align: justify;\">Und dann hat Howard Carpendale f\u00fcr seine Fans noch eine kleine, aber durchaus wichtige Botschaft parat \u2013 mit einem Augenzwinkern: <em>\u201eUnd ja \u2026 ich sing noch ein paar Jahre, okay?\u201c.<\/p>\n<p><\/em><\/p>\n<p><strong><em>smago!<\/em> meint: Das ist MEHR ALS OKAY, lieber Howard &#8230;<\/strong><\/p>\n<\/div>\n<\/div>\n<\/div>\n<\/div>\n<\/div>\n<\/div>\n<\/div>\n<\/div>\n<\/div>\n","protected":false},"excerpt":{"rendered":"<p>Nach seinem Open Air Konzert auf der Freilichtb\u00fchne in Altusried hat der 80-j\u00e4hrige Entertainer einen Entschluss gefasst &#8230;:<\/p>\n","protected":false},"author":2,"featured_media":265868,"comment_status":"open","ping_status":"closed","sticky":false,"template":"","format":"standard","meta":{"_FSMCFIC_featured_image_caption":"","_FSMCFIC_featured_image_nocaption":"","_FSMCFIC_featured_image_hide":""},"categories":[1],"tags":[49],"acf":[],"_links":{"self":[{"href":"https:\/\/smago.de\/ws2\/wp-json\/wp\/v2\/posts\/265867"}],"collection":[{"href":"https:\/\/smago.de\/ws2\/wp-json\/wp\/v2\/posts"}],"about":[{"href":"https:\/\/smago.de\/ws2\/wp-json\/wp\/v2\/types\/post"}],"author":[{"embeddable":true,"href":"https:\/\/smago.de\/ws2\/wp-json\/wp\/v2\/users\/2"}],"replies":[{"embeddable":true,"href":"https:\/\/smago.de\/ws2\/wp-json\/wp\/v2\/comments?post=265867"}],"version-history":[{"count":1,"href":"https:\/\/smago.de\/ws2\/wp-json\/wp\/v2\/posts\/265867\/revisions"}],"predecessor-version":[{"id":265869,"href":"https:\/\/smago.de\/ws2\/wp-json\/wp\/v2\/posts\/265867\/revisions\/265869"}],"wp:featuredmedia":[{"embeddable":true,"href":"https:\/\/smago.de\/ws2\/wp-json\/wp\/v2\/media\/265868"}],"wp:attachment":[{"href":"https:\/\/smago.de\/ws2\/wp-json\/wp\/v2\/media?parent=265867"}],"wp:term":[{"taxonomy":"category","embeddable":true,"href":"https:\/\/smago.de\/ws2\/wp-json\/wp\/v2\/categories?post=265867"},{"taxonomy":"post_tag","embeddable":true,"href":"https:\/\/smago.de\/ws2\/wp-json\/wp\/v2\/tags?post=265867"}],"curies":[{"name":"wp","href":"https:\/\/api.w.org\/{rel}","templated":true}]}}