{"id":265848,"date":"2026-08-31T00:00:14","date_gmt":"2026-08-30T22:00:14","guid":{"rendered":"https:\/\/smago.de\/ws2\/?p=265848"},"modified":"2026-08-30T23:08:10","modified_gmt":"2026-08-30T21:08:10","slug":"ibo-wussten-sie-dass-ibiza-von-ibo-ein-cover-song-ist","status":"publish","type":"post","link":"https:\/\/smago.de\/ws2\/pop-schlager\/ibo-wussten-sie-dass-ibiza-von-ibo-ein-cover-song-ist\/","title":{"rendered":"IBO <br>Wussten SIE, dass &#8222;Ibiza&#8220; von IBO ein Cover-Song ist?"},"content":{"rendered":"<p style=\"text-align: justify;\">HIER erfahren Sie, wer das Original gesungen hat (und bis heute singt) &#8230;:<br \/>\n<!--more--><\/p>\n<p>&nbsp;<\/p>\n<p>&nbsp;<\/p>\n<p>&nbsp;<\/p>\n<p style=\"text-align: justify;\">Das d\u00fcrfte f\u00fcr so manchen IBO-Fan eine echte \u00dcberraschung sein! Der Titel \u201eIbiza\u201c, mit dem IBO einst f\u00fcr jede Menge gute Laune sorgte, ist tats\u00e4chlich ein Cover-Song. Aufmerksam darauf wurde smago!-Chefredakteur Andy Tichler im Rahmen eines Interviews mit dem Songschreiber und Produzenten Bernd Havixbeck.<\/p>\n<p style=\"text-align: justify;\">Denn das Original tr\u00e4gt einen Namen, mit dem man im ersten Moment wohl \u00fcberhaupt nicht gerechnet h\u00e4tte: \u201eI Got Mexico\u201c!<\/p>\n<p>&nbsp;<\/p>\n<p>&nbsp;<\/p>\n<p>&nbsp;<\/p>\n<h2 style=\"text-align: justify;\">Von \u201eI Got Mexico\u201c zu \u201eIbiza\u201c &#8230;<\/h2>\n<p>&nbsp;<\/p>\n<p style=\"text-align: justify;\">Gesungen wurde das Original von dem amerikanischen Country-S\u00e4nger Eddy Raven. Der heute 82-j\u00e4hrige Musiker ver\u00f6ffentlichte \u201eI Got Mexico\u201c urspr\u00fcnglich als Country-Song.<\/p>\n<p style=\"text-align: justify;\">F\u00fcr die deutsche Version wurde aus \u201eMexico\u201c kurzerhand \u201eIbiza\u201c \u2013 und aus dem Country-Titel ein St\u00fcck, das bestens zum musikalischen Profil von IBO passte.<\/p>\n<p style=\"text-align: justify;\">Eine durchaus bemerkenswerte Wandlung: Country aus den USA trifft auf deutschen Gute-Laune-Schlager \u2013 und landet auf Ibiza!<\/p>\n<p>&nbsp;<\/p>\n<p>&nbsp;<\/p>\n<p>&nbsp;<\/p>\n<h2 style=\"text-align: justify;\">IBO \u2013 viel zu fr\u00fch aus dem Leben gerissen<\/h2>\n<p>&nbsp;<\/p>\n<p style=\"text-align: justify;\">Die Geschichte rund um \u201eIbiza\u201c bekommt allerdings auch eine sehr nachdenkliche Seite, wenn man sich vor Augen f\u00fchrt, wie lange IBO schon nicht mehr unter uns ist.<\/p>\n<p style=\"text-align: justify;\">Der S\u00e4nger, der mit seinem unverwechselbaren Stil zu den beliebten Interpreten des deutschen Schlagers geh\u00f6rte, verungl\u00fcckte am 18. November 2000 bei einem Verkehrsunfall in St. Pankraz in \u00d6sterreich t\u00f6dlich.<\/p>\n<p style=\"text-align: justify;\">IBO wurde nur 39 Jahre alt.<\/p>\n<p>&nbsp;<\/p>\n<p>&nbsp;<\/p>\n<p>&nbsp;<\/p>\n<h2 style=\"text-align: justify;\">Ein Song, der weiterlebt<\/h2>\n<p>&nbsp;<\/p>\n<p style=\"text-align: justify;\">Umso bemerkenswerter ist es, dass seine Musik bis heute pr\u00e4sent ist. \u201eIbiza\u201c geh\u00f6rt zu den Titeln, die vielen Schlagerfans noch immer ein Begriff sind \u2013 und die nun durch die Geschichte um das amerikanische Original eine zus\u00e4tzliche Facette bekommen.<\/p>\n<p style=\"text-align: justify;\">\u201eIbiza\u201c von IBO \u2013 ein Cover von \u201eI Got Mexico\u201c von Eddy Raven. Wer h\u00e4tte das gedacht?<\/p>\n<p style=\"text-align: justify;\">Der Hinweis von Bernd Havixbeck hat damit eine kleine musikalische Spurensuche ausgel\u00f6st, die einmal mehr zeigt: Hinter bekannten Schlagertiteln stecken manchmal Geschichten, mit denen man so \u00fcberhaupt nicht gerechnet h\u00e4tte.<\/p>\n<p>&nbsp;<\/p>\n<p>&nbsp;<\/p>\n<p><iframe loading=\"lazy\" src=\"\/\/www.youtube.com\/embed\/IpKDTxMPQ08\" width=\"800\" height=\"449\" allowfullscreen=\"allowfullscreen\"><\/iframe><\/p>\n<p>&nbsp;<\/p>\n<p>&nbsp;<\/p>\n<p><img decoding=\"async\" loading=\"lazy\" class=\"alignnone size-full wp-image-265856\" src=\"https:\/\/smago.de\/ws2\/wp-content\/uploads\/2026\/08\/raven_I-Got-Mexico.jpeg\" alt=\"\" width=\"544\" height=\"572\" srcset=\"https:\/\/smago.de\/ws2\/wp-content\/uploads\/2026\/08\/raven_I-Got-Mexico.jpeg 544w, https:\/\/smago.de\/ws2\/wp-content\/uploads\/2026\/08\/raven_I-Got-Mexico-496x522.jpeg 496w, https:\/\/smago.de\/ws2\/wp-content\/uploads\/2026\/08\/raven_I-Got-Mexico-143x150.jpeg 143w, https:\/\/smago.de\/ws2\/wp-content\/uploads\/2026\/08\/raven_I-Got-Mexico-259x272.jpeg 259w, https:\/\/smago.de\/ws2\/wp-content\/uploads\/2026\/08\/raven_I-Got-Mexico-124x130.jpeg 124w, https:\/\/smago.de\/ws2\/wp-content\/uploads\/2026\/08\/raven_I-Got-Mexico-423x445.jpeg 423w, https:\/\/smago.de\/ws2\/wp-content\/uploads\/2026\/08\/raven_I-Got-Mexico-181x190.jpeg 181w, https:\/\/smago.de\/ws2\/wp-content\/uploads\/2026\/08\/raven_I-Got-Mexico-276x290.jpeg 276w\" sizes=\"(max-width: 544px) 100vw, 544px\" \/><\/p>\n","protected":false},"excerpt":{"rendered":"<p>HIER erfahren Sie, wer das Original gesungen hat (und bis heute singt) &#8230;:<\/p>\n","protected":false},"author":2,"featured_media":265855,"comment_status":"open","ping_status":"closed","sticky":false,"template":"","format":"standard","meta":{"_FSMCFIC_featured_image_caption":"","_FSMCFIC_featured_image_nocaption":"","_FSMCFIC_featured_image_hide":""},"categories":[28,29,39],"tags":[2154],"acf":[],"_links":{"self":[{"href":"https:\/\/smago.de\/ws2\/wp-json\/wp\/v2\/posts\/265848"}],"collection":[{"href":"https:\/\/smago.de\/ws2\/wp-json\/wp\/v2\/posts"}],"about":[{"href":"https:\/\/smago.de\/ws2\/wp-json\/wp\/v2\/types\/post"}],"author":[{"embeddable":true,"href":"https:\/\/smago.de\/ws2\/wp-json\/wp\/v2\/users\/2"}],"replies":[{"embeddable":true,"href":"https:\/\/smago.de\/ws2\/wp-json\/wp\/v2\/comments?post=265848"}],"version-history":[{"count":4,"href":"https:\/\/smago.de\/ws2\/wp-json\/wp\/v2\/posts\/265848\/revisions"}],"predecessor-version":[{"id":265857,"href":"https:\/\/smago.de\/ws2\/wp-json\/wp\/v2\/posts\/265848\/revisions\/265857"}],"wp:featuredmedia":[{"embeddable":true,"href":"https:\/\/smago.de\/ws2\/wp-json\/wp\/v2\/media\/265855"}],"wp:attachment":[{"href":"https:\/\/smago.de\/ws2\/wp-json\/wp\/v2\/media?parent=265848"}],"wp:term":[{"taxonomy":"category","embeddable":true,"href":"https:\/\/smago.de\/ws2\/wp-json\/wp\/v2\/categories?post=265848"},{"taxonomy":"post_tag","embeddable":true,"href":"https:\/\/smago.de\/ws2\/wp-json\/wp\/v2\/tags?post=265848"}],"curies":[{"name":"wp","href":"https:\/\/api.w.org\/{rel}","templated":true}]}}