{"id":265838,"date":"2026-08-31T00:00:01","date_gmt":"2026-08-30T22:00:01","guid":{"rendered":"https:\/\/smago.de\/ws2\/?p=265838"},"modified":"2026-08-30T20:45:18","modified_gmt":"2026-08-30T18:45:18","slug":"relax-a-bayerischer-lovesong-verhilft-ihnen-zu-einem-weiteren-hit","status":"publish","type":"post","link":"https:\/\/smago.de\/ws2\/schlager\/relax-a-bayerischer-lovesong-verhilft-ihnen-zu-einem-weiteren-hit\/","title":{"rendered":"RELAX <br>&#8222;A bayerischer Lovesong&#8220; verhilft ihnen zu einem weiteren Hit!"},"content":{"rendered":"<p style=\"text-align: justify;\">Der Kultband aus Bayern gelingt nicht nur ein Direkt-Einstieg ins obere Drittel der Airplay Charts &#8222;Deutschland Konservativ Pop&#8220;, sondern auch &#8230;:<br \/>\n<!--more--><\/p>\n<p style=\"text-align: justify;\">\n<p style=\"text-align: justify;\">\n<h3 style=\"text-align: justify;\"><\/h3>\n<p style=\"text-align: justify;\">Das nennen wir doch einmal einen (Wieder-)Einstand nach Ma\u00df!\u00a0Die Band\u00a0RELAX\u00a0hat mit ihrem neuen Titel\u00a0\u201eA bayerischer Lovesong\u201c\u00a0auf Anhieb den Sprung ins obere Drittel der von\u00a0MusicTrace\u00a0ermittelten Airplay Charts \u201eDeutschland Konservativ Pop\u201c geschafft.<\/p>\n<p style=\"text-align: justify;\">In der\u00a035. Chart-Woche\u00a0(Erhebungszeitraum: 21.08. bis 27.08.) feierte der bayerische Lovesong seinen Einstieg in die\u00a0Top 100\u00a0\u2013 und zwar direkt auf\u00a0Platz 33.<\/p>\n<p style=\"text-align: justify;\">Damit ist der Name Programm:\u00a0\u201eA bayerischer Lovesong\u201c kommt nicht nur mit viel bayerischem Charme daher, sondern offenbar auch mit ordentlich Radio-Potenzial.<\/p>\n<h3 style=\"text-align: justify;\"><\/h3>\n<h3 style=\"text-align: justify;\"><\/h3>\n<h3 style=\"text-align: justify;\"><\/h3>\n<h3 style=\"text-align: justify;\"><strong>Aus dem Stand auf Platz 33<\/strong><\/h3>\n<p style=\"text-align: justify;\">\n<p style=\"text-align: justify;\">Ein Neueinstieg auf Rang 33 ist in einem stark umk\u00e4mpften Airplay-Ranking durchaus eine Ansage. Die Band RELAX beweist damit einmal mehr, dass ihre Musik auch nach vielen Jahren nichts von ihrer Anziehungskraft eingeb\u00fc\u00dft hat.<\/p>\n<p style=\"text-align: justify;\">Und nat\u00fcrlich darf man sich bei einem solchen Ergebnis auch bei der Plattenfirma freuen:\u00a03w.RECORDS. Charlotte Wendling-Pardon und ihr Bruder J\u00fcrgen Wendling setzten immer wieder frische Impulse und beweisen eihr gutes Gesp\u00fcr f\u00fcr Songs mit HitPotenzial.<\/p>\n<h3 style=\"text-align: justify;\"><\/h3>\n<h3 style=\"text-align: justify;\"><\/h3>\n<h3 style=\"text-align: justify;\"><\/h3>\n<h3 style=\"text-align: justify;\"><strong>3w.RECORDS sorgt erneut f\u00fcr Aufsehen<\/strong><\/h3>\n<p style=\"text-align: justify;\">\n<p style=\"text-align: justify;\">Dass die beiden Geschwister wissen, wie man K\u00fcnstler musikalisch wieder ins Gespr\u00e4ch bringt, haben sie erst k\u00fcrzlich eindrucksvoll unter Beweis gestellt.<\/p>\n<p style=\"text-align: justify;\">Mit\u00a0Mara Kayser\u00a0und ihrem Titel\u00a0\u201eIch lass mich nicht mehr stoppen\u201c\u00a0gelang 3w.RECORDS ein bemerkenswertes\u00a0Top-20-Comeback. Bis auf\u00a0Platz 19\u00a0ging es f\u00fcr Mara Kayser in den Airplay Charts nach oben.<\/p>\n<p style=\"text-align: justify;\">Dabei war der Song urspr\u00fcnglich \u00fcberhaupt nicht als gro\u00dfer Karriere-Coup geplant.\u00a0Mara Kayser hatte\u00a0\u201eIch lass mich nicht mehr stoppen\u201c\u00a0zun\u00e4chst lediglich f\u00fcr ihren Auftritt in der beliebten TV-Sendung\u00a0\u201eImmer wieder sonntags\u201c\u00a0aufgenommen \u2013\u00a0ohne irgendwelche gr\u00f6\u00dferen Ambitionen.<\/p>\n<p style=\"text-align: justify;\">Doch dann entwickelte der Song offenbar ein Eigenleben. Aus einem Titel, der eigentlich \u201enur\u201c f\u00fcr die Fernsehb\u00fchne gedacht war, wurde ein Airplay-Erfolg und schlie\u00dflich ein amtlicher, astreiner Top-20-Erfolg.<\/p>\n<p style=\"text-align: justify;\">\n<p style=\"text-align: justify;\">\n<h3 style=\"text-align: justify;\"><strong>&#8230; und jetzt (wieder) RELAX &#8230;<\/strong><\/h3>\n<p style=\"text-align: justify;\">\n<p style=\"text-align: justify;\">&#8230; und nun sorgt also die Band RELAX mit \u201eA bayerischer Lovesong\u201c f\u00fcr den n\u00e4chsten Volltreffer aus dem Hause 3w.RECORDS (, in welches sie &#8222;reum\u00fctig&#8220; zur\u00fcckgekehrt sind).<\/p>\n<p style=\"text-align: justify;\">Platz 33 aus dem Stand: Das kann sich wahrlich sehen lassen! Und wenn die Airplay-Kurve in den kommenden Wochen weiter nach oben zeigt, k\u00f6nnte aus dem bayerischen Lovesong vielleicht schon Lovesong f\u00fcr Gesamtdeutschland (und noch viel mehr) werden. Wir erinnern uns: 1985 gelang Relax mit &#8222;A wei\u00dfes Blatt&#8217;l Papier&#8220; der Jahreshit in den \u00f6sterreichischen Verkaufscharts.<\/p>\n<p>&nbsp;<\/p>\n<p>&nbsp;<\/p>\n<p><img decoding=\"async\" loading=\"lazy\" class=\"alignnone size-large wp-image-265839\" src=\"https:\/\/smago.de\/ws2\/wp-content\/uploads\/2026\/08\/relax_a_back-800x800.jpeg\" alt=\"\" width=\"800\" height=\"800\" srcset=\"https:\/\/smago.de\/ws2\/wp-content\/uploads\/2026\/08\/relax_a_back-800x800.jpeg 800w, https:\/\/smago.de\/ws2\/wp-content\/uploads\/2026\/08\/relax_a_back-522x522.jpeg 522w, https:\/\/smago.de\/ws2\/wp-content\/uploads\/2026\/08\/relax_a_back-150x150.jpeg 150w, https:\/\/smago.de\/ws2\/wp-content\/uploads\/2026\/08\/relax_a_back-768x768.jpeg 768w, https:\/\/smago.de\/ws2\/wp-content\/uploads\/2026\/08\/relax_a_back-1536x1536.jpeg 1536w, https:\/\/smago.de\/ws2\/wp-content\/uploads\/2026\/08\/relax_a_back-2048x2048.jpeg 2048w, https:\/\/smago.de\/ws2\/wp-content\/uploads\/2026\/08\/relax_a_back-272x272.jpeg 272w, https:\/\/smago.de\/ws2\/wp-content\/uploads\/2026\/08\/relax_a_back-600x600.jpeg 600w, https:\/\/smago.de\/ws2\/wp-content\/uploads\/2026\/08\/relax_a_back-130x130.jpeg 130w, https:\/\/smago.de\/ws2\/wp-content\/uploads\/2026\/08\/relax_a_back-445x445.jpeg 445w, https:\/\/smago.de\/ws2\/wp-content\/uploads\/2026\/08\/relax_a_back-190x190.jpeg 190w, https:\/\/smago.de\/ws2\/wp-content\/uploads\/2026\/08\/relax_a_back-290x290.jpeg 290w\" sizes=\"(max-width: 800px) 100vw, 800px\" \/><\/p>\n","protected":false},"excerpt":{"rendered":"<p>Der Kultband aus Bayern gelingt nicht nur ein Direkt-Einstieg ins obere Drittel der Airplay Charts &#8222;Deutschland Konservativ Pop&#8220;, sondern auch<\/p>\n","protected":false},"author":2,"featured_media":265840,"comment_status":"open","ping_status":"closed","sticky":false,"template":"","format":"standard","meta":{"_FSMCFIC_featured_image_caption":"","_FSMCFIC_featured_image_nocaption":"","_FSMCFIC_featured_image_hide":""},"categories":[29],"tags":[986],"acf":[],"_links":{"self":[{"href":"https:\/\/smago.de\/ws2\/wp-json\/wp\/v2\/posts\/265838"}],"collection":[{"href":"https:\/\/smago.de\/ws2\/wp-json\/wp\/v2\/posts"}],"about":[{"href":"https:\/\/smago.de\/ws2\/wp-json\/wp\/v2\/types\/post"}],"author":[{"embeddable":true,"href":"https:\/\/smago.de\/ws2\/wp-json\/wp\/v2\/users\/2"}],"replies":[{"embeddable":true,"href":"https:\/\/smago.de\/ws2\/wp-json\/wp\/v2\/comments?post=265838"}],"version-history":[{"count":1,"href":"https:\/\/smago.de\/ws2\/wp-json\/wp\/v2\/posts\/265838\/revisions"}],"predecessor-version":[{"id":265841,"href":"https:\/\/smago.de\/ws2\/wp-json\/wp\/v2\/posts\/265838\/revisions\/265841"}],"wp:featuredmedia":[{"embeddable":true,"href":"https:\/\/smago.de\/ws2\/wp-json\/wp\/v2\/media\/265840"}],"wp:attachment":[{"href":"https:\/\/smago.de\/ws2\/wp-json\/wp\/v2\/media?parent=265838"}],"wp:term":[{"taxonomy":"category","embeddable":true,"href":"https:\/\/smago.de\/ws2\/wp-json\/wp\/v2\/categories?post=265838"},{"taxonomy":"post_tag","embeddable":true,"href":"https:\/\/smago.de\/ws2\/wp-json\/wp\/v2\/tags?post=265838"}],"curies":[{"name":"wp","href":"https:\/\/api.w.org\/{rel}","templated":true}]}}