{"id":265828,"date":"2026-08-30T19:00:37","date_gmt":"2026-08-30T17:00:37","guid":{"rendered":"https:\/\/smago.de\/ws2\/?p=265828"},"modified":"2026-08-30T18:19:24","modified_gmt":"2026-08-30T16:19:24","slug":"christian-frey-sein-herzschlag-langsam-wie-die-zeit-eine-ballade-ueber-einsamkeit-erinnerungen-und-die-angst-vor-dem-vergessen","status":"publish","type":"post","link":"https:\/\/smago.de\/ws2\/schlager\/christian-frey-sein-herzschlag-langsam-wie-die-zeit-eine-ballade-ueber-einsamkeit-erinnerungen-und-die-angst-vor-dem-vergessen\/","title":{"rendered":"CHRISTIAN FREY <br>\u201eSein Herzschlag (Langsam wie die Zeit)\u201c \u2013 eine Ballade \u00fcber Einsamkeit, Erinnerungen und die Angst vor dem Vergessen!"},"content":{"rendered":"<p style=\"text-align: justify;\">Der S\u00e4nger erz\u00e4hlt davon, wenn Erinnerungen die einzigen Besucher im Alter sind!<!--more--><\/p>\n<p>&nbsp;<\/p>\n<p>&nbsp;<\/p>\n<p>&nbsp;<\/p>\n<p>&nbsp;<\/p>\n<p style=\"text-align: justify;\">\u201eManchmal zeigt uns die Zukunft, was wir heute ver\u00e4ndern k\u00f6nnen.\u201c Mit diesen Worten beschreibt CHRISTIAN FREY die Botschaft seines neuen Songs \u201eSein Herzschlag (langsam wie die Zeit)\u201c. Die gef\u00fchlvolle Ballade erz\u00e4hlt von einem Thema, das viele Menschen bewegt, \u00fcber das aber nur selten offen gesprochen wird: dem \u00c4lterwerden und der Angst, im letzten Lebensabschnitt allein zu sein. Nach seinem Solo-Comeback im Jahr 2026 zeigt sich der S\u00e4nger mit \u201eSein Herzschlag (langsam wie die Zeit)\u201c von einer besonders nachdenklichen Seite. Der Titel verbindet Liebe, Verlust, Sehnsucht und Erinnerungen zu einer Geschichte, die weit \u00fcber eine klassische Schlagerballade hinausgeht.<\/p>\n<p style=\"text-align: justify;\">Im Mittelpunkt des Songs steht ein alter Mann, den CHRISTIAN FREY in seinem Videoclip zum Song selbst verk\u00f6rpert. Krank und allein lebt er zur\u00fcckgezogen, w\u00e4hrend die Kinder fern sind und die Erinnerungen an vergangene Zeiten immer st\u00e4rker in den Vordergrund r\u00fccken. Fotoalben, vergilbte Briefe und die Gedanken an die gro\u00dfe Liebe werden zu Verbindungen in eine Vergangenheit, in der das Leben noch voller N\u00e4he und gemeinsamer Momente war. Besonders schmerzhaft ist dabei die Erinnerung an seine verstorbene Frau. Was bleibt, sind Bilder, Geschichten und Gef\u00fchle \u2013 und die Hoffnung, nicht vergessen zu werden.<\/p>\n<p style=\"text-align: justify;\">Die zentrale Zeile \u201eSein Herzschlag langsam wie die Zeit\u201c bringt die Stimmung des Liedes eindrucksvoll auf den Punkt. Der Herzschlag wird zum Symbol f\u00fcr ein Leben, das langsamer geworden ist, w\u00e4hrend die Erinnerungen immer weiter zur\u00fcckf\u00fchren.<\/p>\n<p style=\"text-align: justify;\">Auch das Musikvideo greift diese emotionale Geschichte auf. CHRISTIAN FREY spielt darin sowohl sein gegenw\u00e4rtiges als auch sein zuk\u00fcnftiges Ich. Dadurch entsteht eine ungew\u00f6hnliche Begegnung: Der K\u00fcnstler begegnet gewisserma\u00dfen seinem eigenen sp\u00e4teren Leben und stellt damit die Frage, wie die eigene Zukunft aussehen k\u00f6nnte. Das Video nimmt den Zuschauer mit auf eine Reise zwischen Gegenwart, Erinnerung und Zukunft. Bilder von Einsamkeit stehen dabei Erinnerungen an Liebe, Familie und gemeinsame Lebensjahre gegen\u00fcber.<\/p>\n<p style=\"text-align: justify;\">CHRISTIAN FREY hat die Geschichte und das Video nach eigenen Angaben selbst entwickelt und produziert. Unterst\u00fctzt wurde die visuelle Umsetzung durch K\u00fcnstliche Intelligenz. Dadurch konnten Bilder entstehen, die die verschiedenen Zeitebenen miteinander verbinden und die Gedankenwelt der Hauptfigur sichtbar machen. \u201eF\u00fcr mich ist dieses Projekt deshalb weit mehr als nur ein Musikvideo. Es ist eine Geschichte, die zum Nachdenken anregen soll: Wie gehen wir heute mit den Menschen um, die uns wichtig sind \u2013 bevor aus N\u00e4he irgendwann Erinnerung wird?\u201c<\/p>\n<p style=\"text-align: justify;\">Eine Frage, die den Song \u00fcber die reine Unterhaltung hinausf\u00fchrt. Denn \u201eSein Herzschlag (langsam wie die Zeit)\u201c m\u00f6chte nicht nur eine Geschichte erz\u00e4hlen, sondern auch einen Gedanken ansto\u00dfen: Gemeinsame Zeit ist nicht selbstverst\u00e4ndlich \u2013 und N\u00e4he sollte nicht erst dann wichtig werden, wenn sie bereits fehlt.<\/p>\n<p style=\"text-align: justify;\">Musikalisch wurde der Titel im W\u00f6rle-Musicland Tonstudio umgesetzt. Mit seiner neuen Ballade schl\u00e4gt CHRISTIAN FREY bewusst leisere und emotionalere T\u00f6ne an. Dabei passt der Titel zu einem neuen Kapitel in seiner langj\u00e4hrigen Karriere. Nach Jahrzehnten auf der B\u00fchne und zahlreichen musikalischen Stationen ist Frey 2026 wieder als Solok\u00fcnstler unterwegs.<\/p>\n<p style=\"text-align: justify;\">Seine musikalische Geschichte begann bereits in fr\u00fchester Kindheit. Schon mit sechs Jahren stand er als HEINTJE-Imitator auf der B\u00fchne. Mit 14 Jahren gr\u00fcndete er gemeinsam mit seinem Bruder das Duo TAMPICOS. Es folgten Jahre als Drummer und Leads\u00e4nger in verschiedenen Bands, bevor er seinen eigenen musikalischen Weg weiter ausbaute. 1996 erschien mit \u201eOhne Dich\u201c seine erste Single. Zwei Jahre sp\u00e4ter folgte \u201eTanzt du noch immer auf Spanish Eyes\u201c.<\/p>\n<p style=\"text-align: justify;\">Ein weiterer wichtiger Abschnitt begann 2008 mit der Gr\u00fcndung der Formation DIE ROMANAS. Im Jahr darauf ver\u00f6ffentlichte die Band ihre erste CD \u201eDu hast mein Wort\u201c. \u00dcber viele Jahre geh\u00f6rte CHRISTIAN FREY als Frontmann und pr\u00e4gende Stimme zu den Gesichtern der Formation, bis sich DIE ROMANAS 2025 aufl\u00f6sten.<\/p>\n<p style=\"text-align: justify;\">2026 folgte schlie\u00dflich der Neustart als Solok\u00fcnstler. Mit der Single \u201eWarum denkst du eigentlich (dass ich dich noch liebe)\u201c meldete sich Christian Frey zur\u00fcck \u2013 und setzt mit \u201eSein Herzschlag (langsam wie die Zeit)\u201c nun einen deutlich emotionaleren Akzent. \u201eSein Herzschlag (langsam wie die Zeit)\u201c ist keine leichte Gute-Laune-Nummer. Es ist ein Lied \u00fcber die stillen Momente des Lebens: \u00fcber einen leeren Raum, alte Fotografien, l\u00e4ngst vergangene Stimmen und die Frage, was am Ende eines Lebens bleibt.<\/p>\n<p style=\"text-align: justify;\">Gerade darin liegt die St\u00e4rke des Titels. Die Geschichte des alten Mannes ist zwar fiktiv erz\u00e4hlt, ber\u00fchrt aber eine Realit\u00e4t, die viele Familien kennen. Eltern werden \u00e4lter, Kinder leben weit entfernt, Besuche werden seltener und irgendwann k\u00f6nnen aus gemeinsamen Erlebnissen nur noch Erinnerungen werden.<\/p>\n<p style=\"text-align: justify;\">CHRISTIAN FREY m\u00f6chte mit seinem neuen Projekt deshalb vor allem eines: ber\u00fchren und zum Nachdenken anregen. \u201eSein Herzschlag (langsam wie die Zeit)\u201c erinnert daran, dass Zeit nicht zur\u00fcckkommt. Dass ein Anruf, ein Besuch, ein gemeinsamer Nachmittag oder ein offenes Gespr\u00e4ch heute vielleicht viel wichtiger sein k\u00f6nnen, als man im Alltag denkt.<\/p>\n<p style=\"text-align: justify;\">Und vielleicht ist genau das die Botschaft, die von dieser Ballade am l\u00e4ngsten bleibt: Nicht erst warten, bis aus N\u00e4he Erinnerung geworden ist.<\/p>\n<p>&nbsp;<\/p>\n<p>&nbsp;<\/p>\n<p><iframe loading=\"lazy\" src=\"\/\/www.youtube.com\/embed\/Ixh2ih3WXbA?feature=youtu\" width=\"800\" height=\"449\" allowfullscreen=\"allowfullscreen\"><\/iframe><\/p>\n","protected":false},"excerpt":{"rendered":"<p>Der S\u00e4nger erz\u00e4hlt davon, wenn Erinnerungen die einzigen Besucher im Alter sind!<\/p>\n","protected":false},"author":2,"featured_media":265829,"comment_status":"open","ping_status":"closed","sticky":false,"template":"","format":"standard","meta":{"_FSMCFIC_featured_image_caption":"","_FSMCFIC_featured_image_nocaption":"","_FSMCFIC_featured_image_hide":""},"categories":[29,39],"tags":[5179],"acf":[],"_links":{"self":[{"href":"https:\/\/smago.de\/ws2\/wp-json\/wp\/v2\/posts\/265828"}],"collection":[{"href":"https:\/\/smago.de\/ws2\/wp-json\/wp\/v2\/posts"}],"about":[{"href":"https:\/\/smago.de\/ws2\/wp-json\/wp\/v2\/types\/post"}],"author":[{"embeddable":true,"href":"https:\/\/smago.de\/ws2\/wp-json\/wp\/v2\/users\/2"}],"replies":[{"embeddable":true,"href":"https:\/\/smago.de\/ws2\/wp-json\/wp\/v2\/comments?post=265828"}],"version-history":[{"count":2,"href":"https:\/\/smago.de\/ws2\/wp-json\/wp\/v2\/posts\/265828\/revisions"}],"predecessor-version":[{"id":265831,"href":"https:\/\/smago.de\/ws2\/wp-json\/wp\/v2\/posts\/265828\/revisions\/265831"}],"wp:featuredmedia":[{"embeddable":true,"href":"https:\/\/smago.de\/ws2\/wp-json\/wp\/v2\/media\/265829"}],"wp:attachment":[{"href":"https:\/\/smago.de\/ws2\/wp-json\/wp\/v2\/media?parent=265828"}],"wp:term":[{"taxonomy":"category","embeddable":true,"href":"https:\/\/smago.de\/ws2\/wp-json\/wp\/v2\/categories?post=265828"},{"taxonomy":"post_tag","embeddable":true,"href":"https:\/\/smago.de\/ws2\/wp-json\/wp\/v2\/tags?post=265828"}],"curies":[{"name":"wp","href":"https:\/\/api.w.org\/{rel}","templated":true}]}}