{"id":265801,"date":"2026-08-30T08:39:42","date_gmt":"2026-08-30T06:39:42","guid":{"rendered":"https:\/\/smago.de\/ws2\/?p=265801"},"modified":"2026-08-30T18:20:43","modified_gmt":"2026-08-30T16:20:43","slug":"giovanni-zarrella-starker-marktanteil-fuer-die-giovanni-zarrella-show-die-grosse-sommerparty","status":"publish","type":"post","link":"https:\/\/smago.de\/ws2\/schlager\/giovanni-zarrella-starker-marktanteil-fuer-die-giovanni-zarrella-show-die-grosse-sommerparty\/","title":{"rendered":"GIOVANNI ZARRELLA <br>Starker Marktanteil f\u00fcr \u201eDie Giovanni Zarrella Show \u2013 Die gro\u00dfe Sommerparty\u201c!"},"content":{"rendered":"<p>Und: 2,896 Millionen Zuschauer sahen die gro\u00dfe Open-Air-Jubil\u00e4umsshow im ZDF!<br \/>\n<!--more--><\/p>\n<p>&nbsp;<\/p>\n<p>&nbsp;<\/p>\n<p>&nbsp;<\/p>\n<p style=\"text-align: justify;\">GIOVANNI ZARRELLA kann sich \u00fcber starke Quoten f\u00fcr seine gro\u00dfe Sommerparty freuen. 2,896 Millionen Zuschauer schalteten am Samstagabend, 29. August 2026, im ZDF ein, als \u201eDie Giovanni Zarrella Show \u2013 Die gro\u00dfe Sommerparty\u201c ausgestrahlt wurde. Das entspricht einem Marktanteil von starken 16,8 Prozent beim Gesamtpublikum.<\/p>\n<p style=\"text-align: justify;\">Die gro\u00dfe Open-Air-Ausgabe zum 5-j\u00e4hrigen Sendungsjubil\u00e4um war bereits am 8. August 2026 auf dem Gel\u00e4nde des ZDF-Fernsehgartens auf dem Mainzer Lerchenberg aufgezeichnet worden. Rund 4.700 Zuschauer waren damals vor Ort dabei.<\/p>\n<p style=\"text-align: justify;\">Auch bei den j\u00fcngeren Zuschauern konnte Giovanni Zarrella punkten. In der Zielgruppe der 14- bis 49-J\u00e4hrigen erreichte die Show 0,253 Millionen Zuschauer und einen Marktanteil von 9,1 Prozent. In der erweiterten Zielgruppe der 14- bis 59-J\u00e4hrigen waren 0,611 Millionen Zuschauer dabei. Hier lag der Marktanteil bei 10,5 Prozent.<\/p>\n<p style=\"text-align: justify;\">F\u00fcr seine gro\u00dfe Sommerparty hatte Giovanni Zarrella zahlreiche prominente G\u00e4ste eingeladen. Mit dabei waren unter anderem Andrea Berg, Andreas Gabalier, Kerstin Ott, Vanessa Mai, Semino Rossi, Pietro Basile, Frida Gold, Pohlmann, Joey Heindle &amp; F. R. David, Vincent Gross &amp; Tim Peters, Julia Lindholm und Linda Hesse.<\/p>\n<p style=\"text-align: justify;\">Auch internationale Stars standen auf der B\u00fchne. So konnten sich die Zuschauer unter anderem auf Chris Norman, Adam Lambert sowie Sarah Brightman freuen.<\/p>\n","protected":false},"excerpt":{"rendered":"<p>Und: 2,896 Millionen Zuschauer sahen die gro\u00dfe Open-Air-Jubil\u00e4umsshow im ZDF!<\/p>\n","protected":false},"author":2,"featured_media":265575,"comment_status":"open","ping_status":"closed","sticky":false,"template":"","format":"standard","meta":{"_FSMCFIC_featured_image_caption":"","_FSMCFIC_featured_image_nocaption":"","_FSMCFIC_featured_image_hide":""},"categories":[29,39,128],"tags":[925],"acf":[],"_links":{"self":[{"href":"https:\/\/smago.de\/ws2\/wp-json\/wp\/v2\/posts\/265801"}],"collection":[{"href":"https:\/\/smago.de\/ws2\/wp-json\/wp\/v2\/posts"}],"about":[{"href":"https:\/\/smago.de\/ws2\/wp-json\/wp\/v2\/types\/post"}],"author":[{"embeddable":true,"href":"https:\/\/smago.de\/ws2\/wp-json\/wp\/v2\/users\/2"}],"replies":[{"embeddable":true,"href":"https:\/\/smago.de\/ws2\/wp-json\/wp\/v2\/comments?post=265801"}],"version-history":[{"count":4,"href":"https:\/\/smago.de\/ws2\/wp-json\/wp\/v2\/posts\/265801\/revisions"}],"predecessor-version":[{"id":265832,"href":"https:\/\/smago.de\/ws2\/wp-json\/wp\/v2\/posts\/265801\/revisions\/265832"}],"wp:featuredmedia":[{"embeddable":true,"href":"https:\/\/smago.de\/ws2\/wp-json\/wp\/v2\/media\/265575"}],"wp:attachment":[{"href":"https:\/\/smago.de\/ws2\/wp-json\/wp\/v2\/media?parent=265801"}],"wp:term":[{"taxonomy":"category","embeddable":true,"href":"https:\/\/smago.de\/ws2\/wp-json\/wp\/v2\/categories?post=265801"},{"taxonomy":"post_tag","embeddable":true,"href":"https:\/\/smago.de\/ws2\/wp-json\/wp\/v2\/tags?post=265801"}],"curies":[{"name":"wp","href":"https:\/\/api.w.org\/{rel}","templated":true}]}}